{"id":3505,"date":"2015-08-30T13:38:08","date_gmt":"2015-08-30T11:38:08","guid":{"rendered":"https:\/\/baraka.cc\/?p=3505"},"modified":"2015-08-30T13:38:08","modified_gmt":"2015-08-30T11:38:08","slug":"barisa-mektubumuzdur","status":"publish","type":"post","link":"https:\/\/baraka.cc\/?p=3505","title":{"rendered":"BARI\u015eA MEKTUBUMUZDUR"},"content":{"rendered":"<p style=\"text-align: left;\" align=\"center\"><a href=\"https:\/\/baraka.cc\/wp-content\/uploads\/2015\/08\/1-Eyl\u00fcl-2015.png\"><img decoding=\"async\" loading=\"lazy\" class=\"size-medium wp-image-3506 alignleft\" style=\"margin: 1px; border: 1px solid black;\" alt=\"1 Eyl\u00fcl 2015\" src=\"https:\/\/baraka.cc\/wp-content\/uploads\/2015\/08\/1-Eyl\u00fcl-2015-195x300.png\" width=\"195\" height=\"300\" srcset=\"https:\/\/baraka.cc\/wp-content\/uploads\/2015\/08\/1-Eyl\u00fcl-2015-195x300.png 195w, https:\/\/baraka.cc\/wp-content\/uploads\/2015\/08\/1-Eyl\u00fcl-2015-667x1024.png 667w\" sizes=\"(max-width: 195px) 100vw, 195px\" \/><\/a>Sen hep hasret kal\u0131nand\u0131n, bir beyaz g\u00fcvercinde, bir zeytin dal\u0131ndayd\u0131 suretin\u2026 Bar\u0131\u015f koyduk isimlerini \u00e7ocuklar\u0131m\u0131z\u0131n, s\u00f6m\u00fcr\u00fcye, zulme inat hep sana inand\u0131k. 41 y\u0131ld\u0131r \u00e7\u00f6z\u00fclemeyen bir sorunlar yuma\u011f\u0131na b\u00fcr\u00fcnd\u00fcr\u00fclm\u00fc\u015fken sen, halklar\u0131n birbirine k\u0131rd\u0131r\u0131lmas\u0131na inat hep ad\u0131n\u0131 say\u0131klad\u0131k. Bu adan\u0131n halklar\u0131 olarak yine bir araya gelecek ve bar\u0131\u015f m\u00fccadelemizi 1 Eyl\u00fcl\u2019de hayk\u0131rmak i\u00e7in yine sokaklarda olaca\u011f\u0131z.<\/p>\n<p>Sava\u015flardan kar sa\u011flayan emperyalist devletler bir m\u00fcddet sonra i\u00e7i bo\u015falt\u0131lm\u0131\u015f talepleriyle ac\u0131, s\u00f6m\u00fcr\u00fc ve a\u00e7l\u0131k g\u00f6nderdikleri \u00fclkeler \u00fczerinde daha fazla hakimiyet kurmaya, \u201cs\u00f6zde\u201d demokrasileriyle kahramanl\u0131k taslamaya, senin ad\u0131n\u0131 kullanarak i\u015fgallerine devam ediyorlar. Kapitalizmin en vah\u015fi \u015fekline b\u00fcr\u00fcnen sava\u015f, binlerce \u00f6l\u00fc, yaral\u0131 ve g\u00f6\u00e7menlik dram\u0131yla vuku buluyor Akdeniz\u2019de, Ortado\u011fu\u2019da, Ukrayna\u2019da\u2026 Son g\u00fcnlerde T\u00fcrkiye\u2019deki halklar da AKP ve I\u015e\u0130D zulm\u00fcne kar\u015f\u0131 sokaklarda, meydanlarda seni \u00e7a\u011f\u0131r\u0131yorlar. Sava\u015flar y\u00fcz\u00fcnden ezilen, \u00f6len, m\u00fclteci durumuna d\u00fc\u015fen t\u00fcm halklar sana umut ba\u011fl\u0131yorlar.<\/p>\n<p>Emperyalist g\u00fc\u00e7lerin solu\u011funu ensemizde hissetti\u011fimiz bu g\u00fcnlerde umut oldun yine bizlere. Ger\u00e7ek bar\u0131\u015f\u0131n m\u00fczakere masalar\u0131nda so\u011fuk birer imzayla ger\u00e7ekle\u015fmeyece\u011fine inanan bizler, K\u0131br\u0131s halklar\u0131n\u0131n birlikte y\u00fcr\u00fcyece\u011fi yola inan\u0131yoruz. Bu co\u011frafyan\u0131n kaderi her iki halk i\u00e7in de ayn\u0131d\u0131r. Bizler bar\u0131\u015f\u0131 hedeflemeli, bunun i\u00e7in birlikte ad\u0131m atmal\u0131, b\u00f6l\u00fcnmelere, s\u00f6m\u00fcr\u00fcye ve kutupla\u015fmalara neden olan ko\u015fullar\u0131 birlikte kald\u0131rmal\u0131y\u0131z. \u00c7\u00fcnk\u00fc bar\u0131\u015f ne AB ne ABD ne T\u00fcrkiye ne de Yunanistan\u2019dan gelecektir. D\u00fcnyada ger\u00e7ek bir bar\u0131\u015f halklar\u0131n s\u0131n\u0131f m\u00fccadelesiyle do\u011faca\u011f\u0131 gibi adam\u0131zda da ger\u00e7ek bir bar\u0131\u015f ancak K\u0131br\u0131sl\u0131 T\u00fcrklerin ve K\u0131br\u0131sl\u0131 Elenlerin ellerinde \u015fekillenecektir.<\/p>\n<p>1 Eyl\u00fcl D\u00fcnya Bar\u0131\u015f G\u00fcn\u00fc&#8217;nde saat 18.00\u2019de Ku\u011fulu Park\u2019taki kortejimizde bulu\u015fup ara b\u00f6lgeye y\u00fcr\u00fcyelim. \u201cBar\u0131\u015f Bizlerin Ellerindedir\u201d \u015fiar\u0131n\u0131 daha da y\u00fckseltmek i\u00e7in\u2026<\/p>\n<p>Ya\u015fas\u0131n Halklar\u0131n Karde\u015fli\u011fi!<\/p>\n","protected":false},"excerpt":{"rendered":"<p>Sen hep hasret kal\u0131nand\u0131n, bir beyaz g\u00fcvercinde, bir zeytin dal\u0131ndayd\u0131 suretin\u2026 Bar\u0131\u015f koyduk isimlerini \u00e7ocuklar\u0131m\u0131z\u0131n, s\u00f6m\u00fcr\u00fcye, zulme inat hep sana inand\u0131k. 41 y\u0131ld\u0131r \u00e7\u00f6z\u00fclemeyen bir<\/p>\n","protected":false},"author":3,"featured_media":3506,"comment_status":"open","ping_status":"open","sticky":false,"template":"","format":"standard","meta":{"jetpack_post_was_ever_published":false,"_jetpack_newsletter_access":"","_jetpack_newsletter_tier_id":0,"jetpack_publicize_message":"","jetpack_is_tweetstorm":false,"jetpack_publicize_feature_enabled":true,"jetpack_social_post_already_shared":true,"jetpack_social_options":{"image_generator_settings":{"template":"highway","enabled":false}}},"categories":[52,41,9,1],"tags":[],"jetpack_publicize_connections":[],"jetpack_featured_media_url":"https:\/\/baraka.cc\/wp-content\/uploads\/2015\/08\/1-Eyl\u00fcl-2015.png","jetpack_shortlink":"https:\/\/wp.me\/p4eHWX-Ux","jetpack_sharing_enabled":true,"_links":{"self":[{"href":"https:\/\/baraka.cc\/index.php?rest_route=\/wp\/v2\/posts\/3505"}],"collection":[{"href":"https:\/\/baraka.cc\/index.php?rest_route=\/wp\/v2\/posts"}],"about":[{"href":"https:\/\/baraka.cc\/index.php?rest_route=\/wp\/v2\/types\/post"}],"author":[{"embeddable":true,"href":"https:\/\/baraka.cc\/index.php?rest_route=\/wp\/v2\/users\/3"}],"replies":[{"embeddable":true,"href":"https:\/\/baraka.cc\/index.php?rest_route=%2Fwp%2Fv2%2Fcomments&post=3505"}],"version-history":[{"count":2,"href":"https:\/\/baraka.cc\/index.php?rest_route=\/wp\/v2\/posts\/3505\/revisions"}],"predecessor-version":[{"id":3508,"href":"https:\/\/baraka.cc\/index.php?rest_route=\/wp\/v2\/posts\/3505\/revisions\/3508"}],"wp:featuredmedia":[{"embeddable":true,"href":"https:\/\/baraka.cc\/index.php?rest_route=\/wp\/v2\/media\/3506"}],"wp:attachment":[{"href":"https:\/\/baraka.cc\/index.php?rest_route=%2Fwp%2Fv2%2Fmedia&parent=3505"}],"wp:term":[{"taxonomy":"category","embeddable":true,"href":"https:\/\/baraka.cc\/index.php?rest_route=%2Fwp%2Fv2%2Fcategories&post=3505"},{"taxonomy":"post_tag","embeddable":true,"href":"https:\/\/baraka.cc\/index.php?rest_route=%2Fwp%2Fv2%2Ftags&post=3505"}],"curies":[{"name":"wp","href":"https:\/\/api.w.org\/{rel}","templated":true}]}}