{"id":3515,"date":"2015-09-06T16:57:20","date_gmt":"2015-09-06T14:57:20","guid":{"rendered":"https:\/\/baraka.cc\/?p=3515"},"modified":"2015-09-06T16:57:20","modified_gmt":"2015-09-06T14:57:20","slug":"argasdinin-39-sayisindan-kibris-efsanelerinden-st-hilarion-kalesi","status":"publish","type":"post","link":"https:\/\/baraka.cc\/?p=3515","title":{"rendered":"ARGASD\u0130&#8217;N\u0130N 39. SAYISINDAN KIBRIS EFSANELER\u0130NDEN: ST. H\u0130LAR\u0130ON KALES\u0130"},"content":{"rendered":"<p>\u015eifa Al\u00e7\u0131c\u0131o\u011flu<\/p>\n<p>Sifa_alcicioglu@yahoo.com<b><\/b><\/p>\n<p>Y\u00fczy\u0131llard\u0131r bir\u00e7ok uygarl\u0131\u011fa ev sahipli\u011fi yapan adam\u0131z\u0131n hemen her yerinde tarihi bir eser g\u00f6rmek hatta yap\u0131lan yol \u00e7al\u0131\u015fmalar\u0131nda \u201cyeni eserler bulundu\u201d haberlerini duymak halk olarak hi\u00e7 de yad\u0131rgamad\u0131\u011f\u0131m\u0131z bir durum adeta. Ge\u00e7en y\u0131l Girne Belediyesi taraf\u0131ndan alt yap\u0131 \u00e7al\u0131\u015fmalar\u0131 esnas\u0131nda tarihi bir mezar bulundu. Girne\u2019nin en i\u015flek caddesinde, Dome Otel\u2019in \u00f6n\u00fcndeki kaz\u0131 \u00e7al\u0131\u015fmalar\u0131nda bulunan eski mezarda d\u00f6rt insan iskeleti ve Roma d\u00f6nemine ait \u00e7e\u015fitli eserler vard\u0131. Bu y\u0131l <em>Ercan<\/em>\u00a0pistini\u00a0<em>geni\u015fletme<\/em>\u00a0\u00e7al\u0131\u015fmas\u0131 ve dere \u0131slah\u0131 \u00e7er\u00e7evesinde yap\u0131lan <em>kaz\u0131<\/em>\u00a0\u00e7al\u0131\u015fmalar\u0131nda ise Helenistik Roma D\u00f6nemi&#8217;ne ait\u00a0<em>eserler \u00e7\u0131kar\u0131ld\u0131.<\/em> Uygarl\u0131klar\u0131n ya\u015fam formlar\u0131 olan, bu tarih kokan dokular yerin alt\u0131nda tarihe tan\u0131kl\u0131k ederken dilden dile s\u00f6ylenilen hikayeler ve efsanelerle de g\u00fcn\u00fcm\u00fcze ta\u015f\u0131nd\u0131lar. St.Hilarion Kalesi de bir\u00e7ok efsaneyle an\u0131lan tarihi bir kalemiz. \u201c101\u201d odas\u0131 olan, g\u00fczel ve k\u00f6t\u00fc kalpli krali\u00e7enin ya\u015fad\u0131\u011f\u0131 kalenin hikayesine bir g\u00f6z atal\u0131m.<\/p>\n<p><b>\u00a0<\/b><\/p>\n<p><b><a href=\"https:\/\/baraka.cc\/wp-content\/uploads\/2015\/09\/krali\u00e7enin-penceresi.jpg\"><img decoding=\"async\" loading=\"lazy\" class=\"size-medium wp-image-3517 alignright\" alt=\"krali\u00e7enin penceresi\" src=\"https:\/\/baraka.cc\/wp-content\/uploads\/2015\/09\/krali\u00e7enin-penceresi-225x300.jpg\" width=\"225\" height=\"300\" srcset=\"https:\/\/baraka.cc\/wp-content\/uploads\/2015\/09\/krali\u00e7enin-penceresi-225x300.jpg 225w, https:\/\/baraka.cc\/wp-content\/uploads\/2015\/09\/krali\u00e7enin-penceresi.jpg 595w\" sizes=\"(max-width: 225px) 100vw, 225px\" \/><\/a>Krali\u00e7e Kalesi <\/b><\/p>\n<p>St. Hilarion, iki efsaneye konu olmu\u015f \u201c101 Evler\u201d ve \u201cKrali\u00e7e Kalesi\u201d isimleriyle de bilinmektedir. Girne da\u011flar\u0131n\u0131n zirvesine kurulan bu kale, K\u0131br\u0131s\u2019\u0131n en g\u00fczel ve en zalim kad\u0131n\u0131 olan ve \u2018Regaena\u2019 (Recina) ad\u0131yla bilinen bir krali\u00e7e taraf\u0131ndan in\u015fa edilmi\u015f. Krali\u00e7e kalenin yap\u0131ld\u0131\u011f\u0131 d\u00f6nemde \u00e7al\u0131\u015fan i\u015f\u00e7ilerin bir kez bile dinlenmesine izin vermeyip, eziyet etmi\u015f. Denizden tepeye kadar yan yana dizilen i\u015f\u00e7iler, sahilinden sa\u011flad\u0131klar\u0131 su, kum ve ta\u015flar\u0131 elden ele vererek tepeye ta\u015f\u0131mak suretiyle kaleyi in\u015fa etmi\u015fler. \u0130n\u015faat tamamland\u0131ktan sonra kalenin gizli yerlerinin if\u015fa edilmemesi i\u00e7in in\u015faatta \u00e7al\u0131\u015fan i\u015f\u00e7iler ile kalenin askerlerini \u00f6ld\u00fcrmeye karar vermi\u015f. B\u00f6ylece kalenin bat\u0131s\u0131ndaki u\u00e7uruma a\u00e7\u0131lan odas\u0131na \u00e7ekilmi\u015f, kap\u0131n\u0131n giri\u015fineyse askerlerini dikmi\u015f. Askerlere verdi\u011fi talimat ise i\u015f\u00e7ileri teker teker odaya almalar\u0131ym\u0131\u015f. Odaya giren i\u015f\u00e7ileri oda penceresinden a\u015fa\u011f\u0131daki u\u00e7uruma at\u0131lmak suretiyle \u00f6ld\u00fcrm\u00fc\u015f. \u0130\u015f\u00e7ilerden sonra askerleri de ayni \u015fekilde \u00f6ld\u00fcrm\u00fc\u015f. Kalenin yukar\u0131 b\u00f6l\u00fcm\u00fcndeki pencerenin \u2018Krali\u00e7e penceresi\u2019 olarak bilinmesinin nedeni de buymu\u015f.(1)<\/p>\n<p><b>\u00a0<\/b><\/p>\n<p><b><a href=\"https:\/\/baraka.cc\/wp-content\/uploads\/2015\/09\/st.hilarion.jpg\"><img decoding=\"async\" loading=\"lazy\" class=\"size-medium wp-image-3516 alignleft\" alt=\"st.hilarion\" src=\"https:\/\/baraka.cc\/wp-content\/uploads\/2015\/09\/st.hilarion-300x225.jpg\" width=\"300\" height=\"225\" srcset=\"https:\/\/baraka.cc\/wp-content\/uploads\/2015\/09\/st.hilarion-300x225.jpg 300w, https:\/\/baraka.cc\/wp-content\/uploads\/2015\/09\/st.hilarion-1024x768.jpg 1024w, https:\/\/baraka.cc\/wp-content\/uploads\/2015\/09\/st.hilarion.jpg 1417w\" sizes=\"(max-width: 300px) 100vw, 300px\" \/><\/a>\u201c101 Evler\u201dle \u0130lgili Efsaneler<\/b><\/p>\n<p>St Hilarion Kalesi, ad\u0131n\u0131<b> <\/b>\u00a0Kud\u00fcs&#8217;\u00fcn Araplar taraf\u0131ndan fethinden sonra\u00a0K\u0131br\u0131s&#8217;a g\u00f6\u00e7 eden ve \u00f6mr\u00fcn\u00fcn son y\u0131llar\u0131n\u0131 burada ibadetle ge\u00e7iren bir ke\u015fi\u015ften alm\u0131\u015ft\u0131r. (2) Rivayete g\u00f6re ise, Templos\u2019da (Zeytinlik), St. Hilarion Kalesi\u2019nin y\u00fcz bir odas\u0131 oldu\u011funa inan\u0131l\u0131rm\u0131\u015f. Bir g\u00fcn Zeytinlik K\u00f6y\u00fc\u2019nden bir grup gen\u00e7 beraberce kaleye gitmeye karar verip yola \u00e7\u0131km\u0131\u015flar. Tesad\u00fcf o ya, o g\u00fcn de her dile\u011fin kabul oldu\u011fu hacet g\u00fcn\u00fcym\u00fc\u015f. (Bu g\u00fcn\u00fcn Paskalya oldu\u011fu rivayet edilen \u00f6rnekleri de var) K\u0131rk senede bir a\u00e7\u0131lan y\u00fcz birinci odan\u0131n da kap\u0131s\u0131 a\u00e7\u0131lm\u0131\u015f. Delikanl\u0131lar kap\u0131y\u0131 a\u00e7\u0131k g\u00f6r\u00fcnce i\u00e7eriye dalm\u0131\u015flar ve i\u00e7erdeki zenginlik kar\u015f\u0131s\u0131nda hayrete d\u00fc\u015fm\u00fc\u015fler. Hepsini almak i\u00e7in a\u00e7g\u00f6zl\u00fcl\u00fckle sa\u011fa sola sald\u0131rmaya ba\u015flam\u0131\u015flar. Bu nedenle orada \u00e7ok uzun bir s\u00fcre kald\u0131klar\u0131n\u0131n fark\u0131na bile varamam\u0131\u015flar.\u00a0Bu arada s\u00fcre dolup da odan\u0131n kap\u0131s\u0131 kapan\u0131nca orada derin bir uykuya dalm\u0131\u015flar.\u00a0 Bunun \u00fczerine k\u0131rk gen\u00e7 hi\u00e7 fark\u0131nda olmadan 40 sene boyunca uykuya dalm\u0131\u015flar. Uyan\u0131p k\u00f6ye d\u00f6nd\u00fcklerinde kendi ya\u015f\u0131tlar\u0131n\u0131n \u00e7oktan \u00f6ld\u00fc\u011f\u00fcn\u00fc g\u00f6rm\u00fc\u015fler, \u00e7ocuklar\u0131n\u0131 da b\u0131rakt\u0131klar\u0131ndan 40 ya\u015f b\u00fcy\u00fck bulmu\u015flar.<\/p>\n<p>Bu konuyla ilgili anlat\u0131lan ba\u015fka bir efsane ise \u015f\u00f6yle; Krali\u00e7enin i\u00e7inde definesi bulunan kalenin 101. odas\u0131n\u0131n kap\u0131s\u0131<b> <\/b>her Paskalya g\u00fcn\u00fc belli bir s\u00fcre aralan\u0131r, s\u00fcrenin sonunda ise kapan\u0131rm\u0131\u015f. Bir seferinde bir \u00e7oban oradayken kap\u0131n\u0131n a\u00e7\u0131lmas\u0131 \u00fczerine kap\u0131dan girerek definenin bulundu\u011fu gizli odaya ula\u015fm\u0131\u015f. Ancak \u00e7ok fazla alt\u0131n almak i\u00e7in orada \u00e7ok uzun s\u00fcre kald\u0131\u011f\u0131ndan kap\u0131 b\u00fcy\u00fck bir g\u00fcr\u00fclt\u00fcyle kapanm\u0131\u015f ve orada kalm\u0131\u015f. Bu rivayetin ba\u015fka bir versiyonu ise \u00e7oban\u0131n gizli odadan \u00e7\u0131kt\u0131\u011f\u0131 ve g\u00fcne\u015fi g\u00f6rmesi \u00fczerine eriyip g\u00f6zden kayboldu\u011fu do\u011frultusundad\u0131r.<\/p>\n<p>&nbsp;<\/p>\n<p><b>Bu kaleyle ilgili anlat\u0131lan bir di\u011fer hikaye ise \u015fu \u015fekildedir;<\/b><\/p>\n<p><b>\u201c<\/b>Rivayete g\u00f6re 101 evlerin \u00e7ok g\u00fczel bir krali\u00e7esi varm\u0131\u015f. Ancak yapa yaln\u0131z ve mutsuzmu\u015f. Zaman\u0131n\u0131n \u00e7o\u011funu ya saray\u0131n en \u00fcst kat\u0131ndaki pencerede alt\u0131n sar\u0131s\u0131 sa\u00e7lar\u0131n\u0131 taramakla ge\u00e7irirmi\u015f, ya da ormanda y\u00fcr\u00fcy\u00fc\u015fe \u00e7\u0131karm\u0131\u015f. Bu da\u011flarda ya\u015fayan bir de ke\u00e7i \u00e7oban\u0131 varm\u0131\u015f. \u00c7ok g\u00fczel kaval \u00e7almas\u0131na kar\u015f\u0131n, \u00e7ok \u00e7irkin olan bu \u00e7oban\u0131 g\u00f6ren \u00e7ok az insan varm\u0131\u015f. Rivayete g\u00f6re, bir g\u00fcn, duygulu kaval sesinin b\u00fcy\u00fcs\u00fcne kap\u0131lan krali\u00e7e araya araya \u00e7oban\u0131 bulmu\u015f ve ona a\u015f\u0131k olmu\u015f. Ve ondan sonra da s\u0131k s\u0131k bulu\u015fmaya ba\u015flam\u0131\u015flar. Krali\u00e7e gecelerinin \u00e7o\u011funu, elleri, ayaklar\u0131 ve g\u00f6\u011fs\u00fc bir ay\u0131 kadar k\u0131ll\u0131 ve bir teke kadar pis kokan bu \u00e7obanla birlikte ge\u00e7iriyormu\u015f. Nihayet krali\u00e7e bir k\u0131z \u00e7ocu\u011fu do\u011furmu\u015f. Onun da alt\u0131n sar\u0131s\u0131 renginde sa\u00e7lar\u0131, g\u00f6k mavisi renginde g\u00f6zleri varm\u0131\u015f. On be\u015f on alt\u0131 ya\u015flar\u0131na geldi\u011finde annesinden daha g\u00fczel bir k\u0131z olmu\u015f. S\u00fcrekli olarak ormanda gezmeye \u00e7\u0131kar ve lale, nergiz, dildamak toplarm\u0131\u015f. Krali\u00e7e ona kaleden \u00e7ok uzakla\u015fmamas\u0131n\u0131 \u00f6\u011f\u00fctlermi\u015f. Fakat k\u0131z bir g\u00fcn uzaklardan gelen g\u00fczel bir kaval sesi duyarak merak etmi\u015f ve geze geze kaval\u0131 \u00e7alan \u00e7oban\u0131 bulmu\u015f. O g\u00fcnden sonra da bulu\u015fmaya ba\u015flam\u0131\u015flar. Krali\u00e7e bir g\u00fcn k\u0131z\u0131ndaki de\u011fi\u015fikli\u011fi fark etmi\u015f. K\u0131z\u0131na sorunca da\u011flar\u0131n \u00e7irkin \u00e7oban\u0131yla tan\u0131\u015ft\u0131\u011f\u0131n\u0131 ve onu \u00e7ok sevdi\u011fini s\u00f6ylemi\u015f. Bunu duyan krali\u00e7enin \u00f6nce elindeki tarak pencereden a\u015fa\u011f\u0131 d\u00fc\u015fm\u00fc\u015f, arkas\u0131ndan da kendini pencereden a\u015fa\u011f\u0131daki kayal\u0131klara atm\u0131\u015f. Hala daha k\u0131\u015f g\u00fcnlerinde da\u011f\u0131n tepesindeki bulutlar\u0131n aras\u0131nda sapsar\u0131 g\u00fcne\u015f \u0131\u015f\u0131klar\u0131n\u0131n uzand\u0131\u011f\u0131n\u0131 g\u00f6ren Zeytinlik k\u00f6yl\u00fclerinin, \u201cyine krali\u00e7enin sa\u00e7lar\u0131 g\u00f6z\u00fckt\u00fc\u201d diye i\u00e7 \u00e7ekmekten kendilerini alamad\u0131klar\u0131 anlat\u0131lmaktaym\u0131\u015f.\u201d (3)<b><\/b><\/p>\n<p><b>\u00a0<\/b><\/p>\n<p>(1)Tuncer Ba\u011f\u0131\u015fkan, St Hilarion Kalesi\u2019ne Yolculuk, Yenid\u00fczen Gazetesi.<\/p>\n<p>(2) Vikipedi<\/p>\n<p>(3) Tuncer Ba\u011f\u0131\u015fkan bu efsaneyi Templos\u2019ta (Zeytinlik) ya\u015fayan birisinden dinleyerek, kaleme alm\u0131\u015ft\u0131r.<\/p>\n<p>&nbsp;<\/p>\n<p>&nbsp;<\/p>\n","protected":false},"excerpt":{"rendered":"<p>\u015eifa Al\u00e7\u0131c\u0131o\u011flu Sifa_alcicioglu@yahoo.com Y\u00fczy\u0131llard\u0131r bir\u00e7ok uygarl\u0131\u011fa ev sahipli\u011fi yapan adam\u0131z\u0131n hemen her yerinde tarihi bir eser g\u00f6rmek hatta yap\u0131lan yol \u00e7al\u0131\u015fmalar\u0131nda \u201cyeni eserler bulundu\u201d haberlerini<\/p>\n","protected":false},"author":7,"featured_media":3516,"comment_status":"open","ping_status":"open","sticky":false,"template":"","format":"standard","meta":{"jetpack_post_was_ever_published":false,"_jetpack_newsletter_access":"","_jetpack_newsletter_tier_id":0,"jetpack_publicize_message":"","jetpack_is_tweetstorm":false,"jetpack_publicize_feature_enabled":true,"jetpack_social_post_already_shared":true,"jetpack_social_options":{"image_generator_settings":{"template":"highway","enabled":false}}},"categories":[40,67,44,1,39],"tags":[],"jetpack_publicize_connections":[],"jetpack_featured_media_url":"https:\/\/baraka.cc\/wp-content\/uploads\/2015\/09\/st.hilarion.jpg","jetpack_shortlink":"https:\/\/wp.me\/p4eHWX-UH","jetpack_sharing_enabled":true,"_links":{"self":[{"href":"https:\/\/baraka.cc\/index.php?rest_route=\/wp\/v2\/posts\/3515"}],"collection":[{"href":"https:\/\/baraka.cc\/index.php?rest_route=\/wp\/v2\/posts"}],"about":[{"href":"https:\/\/baraka.cc\/index.php?rest_route=\/wp\/v2\/types\/post"}],"author":[{"embeddable":true,"href":"https:\/\/baraka.cc\/index.php?rest_route=\/wp\/v2\/users\/7"}],"replies":[{"embeddable":true,"href":"https:\/\/baraka.cc\/index.php?rest_route=%2Fwp%2Fv2%2Fcomments&post=3515"}],"version-history":[{"count":2,"href":"https:\/\/baraka.cc\/index.php?rest_route=\/wp\/v2\/posts\/3515\/revisions"}],"predecessor-version":[{"id":3519,"href":"https:\/\/baraka.cc\/index.php?rest_route=\/wp\/v2\/posts\/3515\/revisions\/3519"}],"wp:featuredmedia":[{"embeddable":true,"href":"https:\/\/baraka.cc\/index.php?rest_route=\/wp\/v2\/media\/3516"}],"wp:attachment":[{"href":"https:\/\/baraka.cc\/index.php?rest_route=%2Fwp%2Fv2%2Fmedia&parent=3515"}],"wp:term":[{"taxonomy":"category","embeddable":true,"href":"https:\/\/baraka.cc\/index.php?rest_route=%2Fwp%2Fv2%2Fcategories&post=3515"},{"taxonomy":"post_tag","embeddable":true,"href":"https:\/\/baraka.cc\/index.php?rest_route=%2Fwp%2Fv2%2Ftags&post=3515"}],"curies":[{"name":"wp","href":"https:\/\/api.w.org\/{rel}","templated":true}]}}