{"id":3651,"date":"2015-10-27T15:31:24","date_gmt":"2015-10-27T13:31:24","guid":{"rendered":"https:\/\/baraka.cc\/?p=3651"},"modified":"2015-10-27T15:34:00","modified_gmt":"2015-10-27T13:34:00","slug":"argasdiden-son-3-ayin-gundem-degerlendirmesi-bu-yikimi-ancak-halklar-durdurabilir-3","status":"publish","type":"post","link":"https:\/\/baraka.cc\/?p=3651","title":{"rendered":"ARGASD\u0130\u2019DEN SON 3 AYIN G\u00dcNDEM DE\u011eERLEND\u0130RMES\u0130: &#8221; BU YIKIMI ANCAK HALKLAR DURDURAB\u0130L\u0130R\u201d"},"content":{"rendered":"<p>Ali \u015eahin<\/p>\n<p>aysimyolu@hotmail.com<a href=\"https:\/\/baraka.cc\/wp-content\/uploads\/2015\/10\/b0f57993ca1a83f1b75c18312dc03101osyriarefugeecrisisfacebook.jpg\"><img decoding=\"async\" loading=\"lazy\" class=\"size-medium wp-image-3646 alignright\" alt=\"SYRIA-CONFLICT\" src=\"https:\/\/baraka.cc\/wp-content\/uploads\/2015\/10\/b0f57993ca1a83f1b75c18312dc03101osyriarefugeecrisisfacebook-300x191.jpg\" width=\"300\" height=\"191\" srcset=\"https:\/\/baraka.cc\/wp-content\/uploads\/2015\/10\/b0f57993ca1a83f1b75c18312dc03101osyriarefugeecrisisfacebook-300x191.jpg 300w, https:\/\/baraka.cc\/wp-content\/uploads\/2015\/10\/b0f57993ca1a83f1b75c18312dc03101osyriarefugeecrisisfacebook-1024x654.jpg 1024w, https:\/\/baraka.cc\/wp-content\/uploads\/2015\/10\/b0f57993ca1a83f1b75c18312dc03101osyriarefugeecrisisfacebook.jpg 1536w\" sizes=\"(max-width: 300px) 100vw, 300px\" \/><\/a><\/p>\n<p>\u0130\u00e7inde bulundu\u011fumuz co\u011frafya \u00e7ok ac\u0131 bir d\u00f6nemi ya\u015f\u0131yor. Suriye\u2019de ya\u015fanan i\u00e7 sava\u015f, I\u015e\u0130D barbarl\u0131\u011f\u0131na kar\u015f\u0131 direnen bir insanl\u0131k sava\u015f\u0131 halini al\u0131rken, sava\u015ftan ka\u00e7an m\u00fclteciler, daha iyi bir ya\u015fam umuduyla Akdeniz\u2019in sular\u0131nda can veriyor. T\u00fcrkiye\u2019de Tayyip Erdo\u011fan\u2019\u0131n ba\u015fkan olma h\u0131rs\u0131 y\u0131llard\u0131r s\u00fcren sava\u015f\u0131 daha da i\u00e7inden \u00e7\u0131k\u0131lmaz bir hale sokuyor. L\u00fcbnan\u2019\u0131 da i\u00e7ine alan Siyonist \u0130srail Devleti\u2019nin Filistinlilere kar\u015f\u0131 uygulad\u0131\u011f\u0131 yok etme politikas\u0131 t\u00fcm ac\u0131 \u015fekliyle s\u00fcr\u00fcyor. K\u0131br\u0131s\u2019ta ise 41 y\u0131ld\u0131r s\u00fcren b\u00f6l\u00fcnm\u00fc\u015fl\u00fck, son d\u00f6nemlerde yarat\u0131lan yak\u0131nla\u015fma ortam\u0131na ra\u011fmen \u015foven \u00e7evrelerce devam ettirilmeye \u00e7al\u0131\u015f\u0131l\u0131yor. K\u0131sacas\u0131 g\u00fcndem; sadece K\u0131br\u0131s\u2019ta de\u011fil, ya\u015fad\u0131\u011f\u0131m\u0131z b\u00f6lge olarak hemen hemen t\u00fcm Ortado\u011fu\u2019da emperyalizmin ve i\u015fbirlik\u00e7ilerinin yaratt\u0131\u011f\u0131 sava\u015f ve d\u00fc\u015fmanl\u0131k ortam\u0131 ile belirlenmi\u015f durumda.<\/p>\n<p>Bodrum sahiline vuran k\u00fc\u00e7\u00fck Aylan\u2019\u0131n cans\u0131z bedeni t\u00fcm d\u00fcnyada bir \u015fok etkisi yaratt\u0131. K\u00fc\u00e7\u00fck bir \u00e7ocu\u011fun sahile vuran cesedi, d\u00f6rt y\u0131l\u0131 a\u015fk\u0131n bir s\u00fcredir haberleri takip ederken art\u0131k normalle\u015fen bir konu olan Suriye\u2019deki i\u00e7 sava\u015f\u0131n ac\u0131 boyutlar\u0131n\u0131 bir kez daha g\u00f6stermi\u015f oldu.<\/p>\n<p>\u00d6te yandan art\u0131k evrensel bir sorun halini alan m\u00fcltecilerin durumu, \u201cmutluluklar diyar\u0131\u201d gibi sat\u0131lmaya \u00e7al\u0131\u015f\u0131lan Avrupa Birli\u011fi\u2019nin (AB) de maskesini d\u00fc\u015f\u00fcr\u00fcyor. Afrika ve Ortado\u011fu \u00fclkelerinden say\u0131s\u0131 milyonlar\u0131 bulan insanlar, ya AB \u00fclkelerinde hapishane gibi kamplarda tutularak geri g\u00f6nderilece\u011fi g\u00fcne kadar mahkum hayat\u0131 ya\u015f\u0131yor ya da daha bu \u00fclkelerin k\u0131y\u0131lar\u0131na varmadan k\u00fc\u00e7\u00fck tekne ve botlarla Akdeniz\u2019de hayatlar\u0131n\u0131 kaybediyorlar. En \u015fansl\u0131lar\u0131 ise her g\u00fcn y\u00fckselen \u0131rk\u00e7\u0131 sald\u0131r\u0131 tehlikesi alt\u0131nda Avrupa\u2019n\u0131n ucuz i\u015f g\u00fcc\u00fcn\u00fc olu\u015fturuyorlar. \u00d6te yandan b\u00fct\u00fcn halklar i\u00e7in bir tehdit olu\u015fturan I\u015e\u0130D, yaratt\u0131\u011f\u0131 barbarl\u0131k ile insanl\u0131\u011f\u0131n y\u00fczbinlerce y\u0131ll\u0131k mental ve fiziki birikimini yok ediyor.<\/p>\n<p>T\u00fcm bunlar ya\u015fan\u0131rken Erdo\u011fan\u2019\u0131n fiili olarak tek adaml\u0131\u011f\u0131 alt\u0131nda y\u00f6netilen T\u00fcrkiye, \u00f6zellikle K\u00fcrt illerinde Suriye\u2019yi aratmayan bir ortama s\u00fcr\u00fckleniyor. Tayyip Erdo\u011fan ve AKP\u2019nin yaratt\u0131\u011f\u0131 T\u00fcrkiye, \u00fclkenin do\u011fusunda devlet g\u00fc\u00e7lerinin K\u00fcrt halk\u0131na kar\u015f\u0131 giri\u015fti\u011fi imha siyaseti, bat\u0131s\u0131nda ise iktidara kar\u015f\u0131 muhalefet \u00f6rmeye \u00e7al\u0131\u015fan kesimlere ve yine K\u00fcrtlere kar\u015f\u0131 yarat\u0131lan lin\u00e7 ortam\u0131yla giderek daha da fazla belirleniyor. Her g\u00fcn ya bir gerilla ya da yoksul bir askerin cenazesi ac\u0131l\u0131 ailelerine teslim edilirken Erdo\u011fan; asker cenazelerinde \u201cNe mutlu o ailelere ki \u00e7ocuklar\u0131 \u015fehit oldu\u201d diye nutuklar atmakta. Yanda\u015f medya da bu siyaseti desteklemekte egemenlerden geri kalm\u0131yor.<\/p>\n<p>K\u0131br\u0131s\u2019\u0131n kuzeyinde ise \u015foven \u00e7evreler Annan Plan\u0131 d\u00f6nemi sonras\u0131 m\u00fczakerelerin en iyimser oldu\u011fu bir ortamda fa\u015fizmi y\u00fckseltmek i\u00e7in ellerinden geleni yap\u0131yorlar. Ayn\u0131 ac\u0131lar\u0131n tekrardan ya\u015fanmamas\u0131 i\u00e7in katliamlar sonucu hayat\u0131n\u0131 kaybeden insanlar\u0131n mezarlar\u0131na yap\u0131lan kar\u015f\u0131l\u0131kl\u0131 ziyaretler engellenmeye \u00e7al\u0131\u015f\u0131lmakta, \u00f6zellikle k\u00f6ylerde halklar aras\u0131 ili\u015fkileri gerecek faaliyetler y\u00fckseltilmekte. Ayr\u0131 bir tehlike olarak m\u00fclkiyet konusunu \u00fczerinden hayali senaryolar yaz\u0131larak olas\u0131 bir anla\u015fma ile insanlarda evsiz kalacaklar\u0131 korkusu yarat\u0131l\u0131yor. Bu al\u00e7ak\u00e7a faaliyetleri ise \u00f6zellikle 1974 sonras\u0131 K\u0131br\u0131s\u2019\u0131n kuzeyinde yarat\u0131lan d\u00fczen \u00fczerinden kesesini dolduran sermaye gruplar\u0131, finanse ettikleri kalem\u015f\u00f6rleri ile ger\u00e7ekle\u015ftiriyorlar. \u00d6te yandan fa\u015fist hareket, \u00f6zellikle T\u00fcrkiye\u2019den adaya ta\u015f\u0131nan kadrolar\u0131 ile T\u00fcrkiye\u2019de giderek y\u00fckselen sava\u015f ve d\u00fc\u015fmanl\u0131k siyasetini buraya ta\u015f\u0131yarak milliyet\u00e7ilik zehrini K\u0131br\u0131sl\u0131 T\u00fcrk halk\u0131 i\u00e7inde yayg\u0131nla\u015ft\u0131rmaya \u00e7al\u0131\u015f\u0131yor. Bu \u00e7evrelerin T\u00fcrkiye\u2019de t\u00fcrl\u00fc yalanlarla y\u00fckselen milliyet\u00e7i dalgay\u0131 K\u0131br\u0131s konusunda da kullanmak niyetinde olduklar\u0131 \u00e7ok a\u00e7\u0131k.<\/p>\n<p>G\u00f6r\u00fcld\u00fc\u011f\u00fc gibi b\u00f6lgemiz tam bir sava\u015f ve d\u00fc\u015fmanl\u0131k batakl\u0131\u011f\u0131 i\u00e7inde. Sorunsuz tek bir \u00fclke yok gibi. Kurtulu\u015f olarak bat\u0131l\u0131 \u00fclkelerin iki y\u00fczl\u00fcl\u00fc\u011f\u00fc ortadayken bar\u0131\u015f\u0131 beklemenin beyhude bir \u00e7aba oldu\u011fu bariz. Bu y\u0131k\u0131m ortam\u0131n\u0131n i\u00e7inde mevcut gidi\u015fata dur diyecek bir g\u00fcce ihtiya\u00e7 var ve bu ihtiya\u00e7 halklar\u0131n kendisi taraf\u0131ndan kar\u015f\u0131lanmak zorunda. B\u00f6lge \u00fclkelerinde \u00e7ok say\u0131da hareket bu \u00e7aba i\u00e7erisinde. K\u0131br\u0131s i\u00e7in de bu durum ge\u00e7erli fakat \u015fu anda yeterli seviyede olmad\u0131\u011f\u0131 ortada. Bu y\u00fczden devrimciler bar\u0131\u015f m\u00fccadelesini \u00f6zellikle bu d\u00f6nemde y\u00fckseltmek zorunda. \u00c7\u00fcnk\u00fc bar\u0131\u015f, bir tercihten \u00f6te belki de hi\u00e7 olmad\u0131\u011f\u0131 kadar ihtiya\u00e7 halini alm\u0131\u015f durumda. Bu y\u0131k\u0131ma son verilmeli ve bunu ancak halklar\u0131n \u00f6rg\u00fctl\u00fc m\u00fccadelesi ba\u015farabilir.<\/p>\n","protected":false},"excerpt":{"rendered":"<p>Ali \u015eahin aysimyolu@hotmail.com \u0130\u00e7inde bulundu\u011fumuz co\u011frafya \u00e7ok ac\u0131 bir d\u00f6nemi ya\u015f\u0131yor. Suriye\u2019de ya\u015fanan i\u00e7 sava\u015f, I\u015e\u0130D barbarl\u0131\u011f\u0131na kar\u015f\u0131 direnen bir insanl\u0131k sava\u015f\u0131 halini al\u0131rken, sava\u015ftan<\/p>\n","protected":false},"author":7,"featured_media":3646,"comment_status":"open","ping_status":"open","sticky":false,"template":"","format":"standard","meta":{"jetpack_post_was_ever_published":false,"_jetpack_newsletter_access":"","_jetpack_newsletter_tier_id":0,"jetpack_publicize_message":"","jetpack_is_tweetstorm":false,"jetpack_publicize_feature_enabled":true,"jetpack_social_post_already_shared":true,"jetpack_social_options":{"image_generator_settings":{"template":"highway","enabled":false}}},"categories":[40,67,44,9,1,39],"tags":[],"jetpack_publicize_connections":[],"jetpack_featured_media_url":"https:\/\/baraka.cc\/wp-content\/uploads\/2015\/10\/b0f57993ca1a83f1b75c18312dc03101osyriarefugeecrisisfacebook.jpg","jetpack_shortlink":"https:\/\/wp.me\/p4eHWX-WT","jetpack_sharing_enabled":true,"_links":{"self":[{"href":"https:\/\/baraka.cc\/index.php?rest_route=\/wp\/v2\/posts\/3651"}],"collection":[{"href":"https:\/\/baraka.cc\/index.php?rest_route=\/wp\/v2\/posts"}],"about":[{"href":"https:\/\/baraka.cc\/index.php?rest_route=\/wp\/v2\/types\/post"}],"author":[{"embeddable":true,"href":"https:\/\/baraka.cc\/index.php?rest_route=\/wp\/v2\/users\/7"}],"replies":[{"embeddable":true,"href":"https:\/\/baraka.cc\/index.php?rest_route=%2Fwp%2Fv2%2Fcomments&post=3651"}],"version-history":[{"count":2,"href":"https:\/\/baraka.cc\/index.php?rest_route=\/wp\/v2\/posts\/3651\/revisions"}],"predecessor-version":[{"id":3653,"href":"https:\/\/baraka.cc\/index.php?rest_route=\/wp\/v2\/posts\/3651\/revisions\/3653"}],"wp:featuredmedia":[{"embeddable":true,"href":"https:\/\/baraka.cc\/index.php?rest_route=\/wp\/v2\/media\/3646"}],"wp:attachment":[{"href":"https:\/\/baraka.cc\/index.php?rest_route=%2Fwp%2Fv2%2Fmedia&parent=3651"}],"wp:term":[{"taxonomy":"category","embeddable":true,"href":"https:\/\/baraka.cc\/index.php?rest_route=%2Fwp%2Fv2%2Fcategories&post=3651"},{"taxonomy":"post_tag","embeddable":true,"href":"https:\/\/baraka.cc\/index.php?rest_route=%2Fwp%2Fv2%2Ftags&post=3651"}],"curies":[{"name":"wp","href":"https:\/\/api.w.org\/{rel}","templated":true}]}}