{"id":3671,"date":"2015-11-13T14:39:16","date_gmt":"2015-11-13T12:39:16","guid":{"rendered":"https:\/\/baraka.cc\/?p=3671"},"modified":"2015-11-13T14:39:16","modified_gmt":"2015-11-13T12:39:16","slug":"8-uluslararasi-kibris-isci-filmleri-festivali-icin-hazirliklar-basladi","status":"publish","type":"post","link":"https:\/\/baraka.cc\/?p=3671","title":{"rendered":"8. ULUSLARARASI KIBRIS \u0130\u015e\u00c7\u0130 F\u0130LMLER\u0130 FEST\u0130VAL\u0130 \u0130\u00c7\u0130N HAZIRLIKLAR BA\u015eLADI"},"content":{"rendered":"<p>&nbsp;<\/p>\n<p><span style=\"line-height: 1.5em;\"><a href=\"https:\/\/baraka.cc\/wp-content\/uploads\/2015\/11\/profil-foto.jpg\"><img decoding=\"async\" loading=\"lazy\" class=\" wp-image-3672 alignleft\" style=\"border: 1px solid black; margin: 1px;\" alt=\"profil foto\" src=\"https:\/\/baraka.cc\/wp-content\/uploads\/2015\/11\/profil-foto-300x300.jpg\" width=\"240\" height=\"240\" srcset=\"https:\/\/baraka.cc\/wp-content\/uploads\/2015\/11\/profil-foto-300x300.jpg 300w, https:\/\/baraka.cc\/wp-content\/uploads\/2015\/11\/profil-foto-150x150.jpg 150w, https:\/\/baraka.cc\/wp-content\/uploads\/2015\/11\/profil-foto-200x200.jpg 200w, https:\/\/baraka.cc\/wp-content\/uploads\/2015\/11\/profil-foto.jpg 960w\" sizes=\"(max-width: 240px) 100vw, 240px\" \/><\/a>Bu y\u0131l sekizincisi d\u00fczenlenecek olan Uluslararas\u0131 K\u0131br\u0131s \u0130\u015f\u00e7i Filmleri Festivali i\u00e7in \u00e7al\u0131\u015fmalara start verildi. Festivalin 9-19 Aral\u0131k tarihleri aras\u0131nda yap\u0131lmas\u0131n\u0131 kararla\u015ft\u0131ran \u00f6rg\u00fctler, Lefko\u015fa g\u00f6sterimlerinin ge\u00e7mi\u015f y\u0131llarda oldu\u011fu gibi G\u00f6nyeli Belediyesi\u2019nde yap\u0131lmas\u0131na, \u00e7ocuk filminin ise Arabahmet K\u00fclt\u00fcrevi\u2019nde g\u00f6sterilmesine karar verdi.<\/span><\/p>\n<p>D\u00fcnyadan, T\u00fcrkiye\u2019den ve \u00fclkemizden \u00e7e\u015fitli temalar\u0131, emek cephesinden i\u015fleyen filmlerin \u00fccretsiz olarak seyirciyle bulu\u015ftu\u011fu festivalde, \u00f6\u011frenci m\u00fccadelesini anlatan, feminist bak\u0131\u015f\u0131 yans\u0131tan, ekoloji ve \u00e7evre sorunlar\u0131n\u0131 i\u015fleyen filmler de yer almakta. Lefko\u015fa d\u0131\u015f\u0131nda da g\u00f6sterimlerin hedeflendi\u011fi 8. Uluslararas\u0131 K\u0131br\u0131s \u0130\u015f\u00e7i Filmleri Festivali\u2019nin detayl\u0131 program\u0131 Aral\u0131k ay\u0131 ba\u015f\u0131nda a\u00e7\u0131klanacak.<\/p>\n<p>\u00dclkemizde birincisini 2007 y\u0131l\u0131nda ger\u00e7ekle\u015ftirilen Uluslararas\u0131 K\u0131br\u0131s \u0130\u015f\u00e7i Filmleri Festivali, T\u00fcrkiye ve d\u00fcnyada oldu\u011fu gibi \u00fclkemizde de bar\u0131\u015ftan ve emekten yana sendikalar\u0131n, toplumsal sorunlara duyarl\u0131 meslek birliklerinin, odalar\u0131n ve k\u00fclt\u00fcr derneklerinin organizasyonunda ger\u00e7ekle\u015fmekte.<\/p>\n<p>1994 y\u0131l\u0131nda LABORFEST ismi ile ABD\u2019nin San Francisco kentinde d\u00fczenlenmeye ba\u015flayan Uluslararas\u0131 \u0130\u015f\u00e7i Filmleri Festivalinin amac\u0131 d\u00fcnyay\u0131 sosyal, bireysel ve ekolojik y\u00f6nleriyle ya\u015fanabilir olmaktan \u00e7\u0131karan neo-liberalizme kar\u015f\u0131 deneyimleri payla\u015fmak; ya\u015fad\u0131\u011f\u0131m\u0131z d\u00fcnyan\u0131n d\u00fcn\u00fcne, bug\u00fcn\u00fcne ve gelece\u011fine emek cephesinden bakmak; emek\u00e7ilerin kendi s\u0131n\u0131f\u0131 ile ileti\u015fim kurmas\u0131n\u0131 sa\u011flamak i\u00e7in sineman\u0131n yard\u0131m\u0131n\u0131 almak olarak \u00f6zetlenebilir.<\/p>\n<p><b>FEST\u0130VAL G\u00d6N\u00dcLL\u00dcLER\u0130 ARANIYOR<\/b><\/p>\n<p>Organizasyon Komitesi\u2019nden yap\u0131lan a\u00e7\u0131klama ise \u015f\u00f6yle: \u201cY\u0131llar i\u00e7erisinde edinilen tecr\u00fcbeyle, \u00f6zellikle Lefko\u015fa d\u0131\u015f\u0131ndaki b\u00f6lgelerde festival g\u00f6sterimleri yapabilmek i\u00e7in festival g\u00f6n\u00fcll\u00fclerinin de katk\u0131 koymas\u0131 d\u00fc\u015f\u00fcn\u00fclm\u00fc\u015ft\u00fcr. Festivalimizin sizlerin de fikir ve \u00f6nerileri ile daha da geli\u015ftirilmesi, materyallerin daha \u00e7ok ki\u015fiye ula\u015ft\u0131r\u0131larak g\u00f6sterimlerin duyurulmas\u0131, filmlerimizin Lefko\u015fa d\u0131\u015f\u0131nda da seyircilere ula\u015fmas\u0131, b\u00f6lgenizde film g\u00f6sterimi ayarlanmas\u0131 ve daha pek \u00e7ok konuda festivale katk\u0131 koyabilir emek m\u00fccadelesine destek olabilirsiniz&#8230;\u201d Festival g\u00f6n\u00fcll\u00fcs\u00fc olmak isteyenler, Uluslararas\u0131 K\u0131br\u0131s \u0130\u015f\u00e7i Filmleri Festivali isimli facebook sayfas\u0131na mesaj g\u00f6ndererek Organizasyon Komitesi\u2019ne ula\u015fabilecek.<\/p>\n","protected":false},"excerpt":{"rendered":"<p>&nbsp; Bu y\u0131l sekizincisi d\u00fczenlenecek olan Uluslararas\u0131 K\u0131br\u0131s \u0130\u015f\u00e7i Filmleri Festivali i\u00e7in \u00e7al\u0131\u015fmalara start verildi. Festivalin 9-19 Aral\u0131k tarihleri aras\u0131nda yap\u0131lmas\u0131n\u0131 kararla\u015ft\u0131ran \u00f6rg\u00fctler, Lefko\u015fa g\u00f6sterimlerinin<\/p>\n","protected":false},"author":3,"featured_media":3672,"comment_status":"open","ping_status":"open","sticky":false,"template":"","format":"standard","meta":{"jetpack_post_was_ever_published":false,"_jetpack_newsletter_access":"","_jetpack_newsletter_tier_id":0,"jetpack_publicize_message":"","jetpack_is_tweetstorm":false,"jetpack_publicize_feature_enabled":true,"jetpack_social_post_already_shared":true,"jetpack_social_options":{"image_generator_settings":{"template":"highway","enabled":false}}},"categories":[9,49,1],"tags":[],"jetpack_publicize_connections":[],"jetpack_featured_media_url":"https:\/\/baraka.cc\/wp-content\/uploads\/2015\/11\/profil-foto.jpg","jetpack_shortlink":"https:\/\/wp.me\/p4eHWX-Xd","jetpack_sharing_enabled":true,"_links":{"self":[{"href":"https:\/\/baraka.cc\/index.php?rest_route=\/wp\/v2\/posts\/3671"}],"collection":[{"href":"https:\/\/baraka.cc\/index.php?rest_route=\/wp\/v2\/posts"}],"about":[{"href":"https:\/\/baraka.cc\/index.php?rest_route=\/wp\/v2\/types\/post"}],"author":[{"embeddable":true,"href":"https:\/\/baraka.cc\/index.php?rest_route=\/wp\/v2\/users\/3"}],"replies":[{"embeddable":true,"href":"https:\/\/baraka.cc\/index.php?rest_route=%2Fwp%2Fv2%2Fcomments&post=3671"}],"version-history":[{"count":1,"href":"https:\/\/baraka.cc\/index.php?rest_route=\/wp\/v2\/posts\/3671\/revisions"}],"predecessor-version":[{"id":3673,"href":"https:\/\/baraka.cc\/index.php?rest_route=\/wp\/v2\/posts\/3671\/revisions\/3673"}],"wp:featuredmedia":[{"embeddable":true,"href":"https:\/\/baraka.cc\/index.php?rest_route=\/wp\/v2\/media\/3672"}],"wp:attachment":[{"href":"https:\/\/baraka.cc\/index.php?rest_route=%2Fwp%2Fv2%2Fmedia&parent=3671"}],"wp:term":[{"taxonomy":"category","embeddable":true,"href":"https:\/\/baraka.cc\/index.php?rest_route=%2Fwp%2Fv2%2Fcategories&post=3671"},{"taxonomy":"post_tag","embeddable":true,"href":"https:\/\/baraka.cc\/index.php?rest_route=%2Fwp%2Fv2%2Ftags&post=3671"}],"curies":[{"name":"wp","href":"https:\/\/api.w.org\/{rel}","templated":true}]}}