{"id":3694,"date":"2015-11-26T17:18:46","date_gmt":"2015-11-26T15:18:46","guid":{"rendered":"https:\/\/baraka.cc\/?p=3694"},"modified":"2015-11-26T17:18:46","modified_gmt":"2015-11-26T15:18:46","slug":"kadina-siddete-karsi-sokakta-isyan-vardi","status":"publish","type":"post","link":"https:\/\/baraka.cc\/?p=3694","title":{"rendered":"KADINA \u015e\u0130DDETE KAR\u015eI SOKAKTA \u0130SYAN VARDI"},"content":{"rendered":"<p style=\"text-align: center;\"><a href=\"https:\/\/baraka.cc\/wp-content\/uploads\/2015\/11\/1.jpg\"><img decoding=\"async\" loading=\"lazy\" class=\"size-medium wp-image-3695 aligncenter\" style=\"border: 1px solid black; margin-top: 1px; margin-bottom: 1px;\" alt=\"1\" src=\"https:\/\/baraka.cc\/wp-content\/uploads\/2015\/11\/1-300x198.jpg\" width=\"300\" height=\"198\" srcset=\"https:\/\/baraka.cc\/wp-content\/uploads\/2015\/11\/1-300x198.jpg 300w, https:\/\/baraka.cc\/wp-content\/uploads\/2015\/11\/1-1024x678.jpg 1024w\" sizes=\"(max-width: 300px) 100vw, 300px\" \/><\/a><\/p>\n<p><span style=\"line-height: 1.5em;\">25 Kas\u0131m Kad\u0131na Y\u00f6nelik \u015eiddete Kar\u015f\u0131 M\u00fccadele G\u00fcn\u00fc\u2019nde Baraka K\u00fclt\u00fcr Merkezi olarak yine sokaktayd\u0131k&#8230; 25 Kas\u0131m \u00c7ar\u015famba ak\u015fam\u0131 Dereboyu\u2019nda yapt\u0131\u011f\u0131m\u0131z eylemde, sloganlar\u0131m\u0131zla, sokak tiyatromuz ve sokak m\u00fczi\u011fimizle kad\u0131na \u015fiddeti protesto ettik.<\/span><\/p>\n<p>Ba\u011f\u0131ms\u0131zl\u0131k Yolu \u00fcyelerinin ve \u015fiddete kar\u015f\u0131 ses veren ki\u015filerin de kat\u0131l\u0131m\u0131yla ger\u00e7ekle\u015fen eylemde \u201c\u015eiddet her yerde devlet nerede\u201d, \u201cCami de\u011fil s\u0131\u011f\u0131nmaevi\u201d, \u201cKad\u0131n emek \u00f6zg\u00fcrl\u00fck\u201d, \u201cErkek adalet de\u011fil ger\u00e7ek adalet\u201d, \u201cKad\u0131nlar \u00f6zg\u00fcr olsa d\u00fcnya yerinden oynar\u201d, \u201cPezevenk devlet istemiyoruz\u201d gibi sloganlar at\u0131ld\u0131, \u201c7 y\u0131l h\u00fck\u00fcmet 0 s\u0131\u011f\u0131nmaevi\u201d, \u201cEn dipteki bireysel \u015fiddeti do\u011furan en tepedeki \u00f6rg\u00fctl\u00fc \u015fiddettir\u201d ve son 15 y\u0131lda \u00f6ld\u00fcr\u00fclen kad\u0131nlar\u0131n isimleri yazan d\u00f6vizler ta\u015f\u0131nd\u0131.<\/p>\n<p style=\"text-align: center;\"><a href=\"https:\/\/baraka.cc\/wp-content\/uploads\/2015\/11\/2.jpg\"><img decoding=\"async\" loading=\"lazy\" class=\"size-medium wp-image-3696 aligncenter\" style=\"border: 1px solid black; margin-top: 1px; margin-bottom: 1px;\" alt=\"2\" src=\"https:\/\/baraka.cc\/wp-content\/uploads\/2015\/11\/2-300x198.jpg\" width=\"300\" height=\"198\" srcset=\"https:\/\/baraka.cc\/wp-content\/uploads\/2015\/11\/2-300x198.jpg 300w, https:\/\/baraka.cc\/wp-content\/uploads\/2015\/11\/2-1024x678.jpg 1024w\" sizes=\"(max-width: 300px) 100vw, 300px\" \/><\/a><\/p>\n<p>Y\u00fcr\u00fcy\u00fc\u015f\u00fcn \u00e7e\u015fitli noktalar\u0131nda kad\u0131nlar\u0131n sergiledi\u011fi sokak tiyatrosunda \u015fiddet, taciz, yoksulluk ve s\u00f6m\u00fcr\u00fc devam ederken, s\u0131\u011f\u0131nmaevi, y\u0131pranma pay\u0131, e\u015fitlik ve adaletin olmad\u0131\u011f\u0131 vurguland\u0131. Kad\u0131n korosunun s\u00f6yledi\u011fi \u015fark\u0131da ise \u015fu s\u00f6zler yer ald\u0131:<\/p>\n<p><a href=\"https:\/\/baraka.cc\/wp-content\/uploads\/2015\/11\/4.jpg\"><img decoding=\"async\" loading=\"lazy\" class=\" wp-image-3697 alignleft\" style=\"border: 1px solid black; margin-top: 1px; margin-bottom: 1px;\" alt=\"4\" src=\"https:\/\/baraka.cc\/wp-content\/uploads\/2015\/11\/4-300x198.jpg\" width=\"243\" height=\"160\" srcset=\"https:\/\/baraka.cc\/wp-content\/uploads\/2015\/11\/4-300x198.jpg 300w, https:\/\/baraka.cc\/wp-content\/uploads\/2015\/11\/4-1024x678.jpg 1024w\" sizes=\"(max-width: 243px) 100vw, 243px\" \/><\/a>\u00dclkelerin birinde,\u00a0belki de bizimkinde<\/p>\n<p>Umursuz bir h\u00fck\u00fcmet koltuklara yerle\u015fmi\u015f<\/p>\n<p>Gece kul\u00fcplerinde, ailede ofiste<\/p>\n<p>\u015eiddeti hi\u00e7 g\u00f6rmezmi\u015f<\/p>\n<p><a href=\"https:\/\/baraka.cc\/wp-content\/uploads\/2015\/11\/5.jpg\"><img decoding=\"async\" loading=\"lazy\" class=\" wp-image-3698 alignleft\" style=\"border: 1px solid black; margin: 1px;\" alt=\"5\" src=\"https:\/\/baraka.cc\/wp-content\/uploads\/2015\/11\/5-300x198.jpg\" width=\"243\" height=\"160\" srcset=\"https:\/\/baraka.cc\/wp-content\/uploads\/2015\/11\/5-300x198.jpg 300w, https:\/\/baraka.cc\/wp-content\/uploads\/2015\/11\/5-1024x678.jpg 1024w\" sizes=\"(max-width: 243px) 100vw, 243px\" \/><\/a><\/p>\n<p>S\u0131\u011f\u0131nma evi yokmu\u015f, y\u0131pranma pay\u0131 u\u00e7mu\u015f<\/p>\n<p>Kad\u0131n beyan\u0131m\u0131za erkekler \u00e7omak sokmu\u015f<\/p>\n<p>Polis, devlet, mahkeme<\/p>\n<p>G\u00f6z yumunca \u015fiddete<\/p>\n<p>Kad\u0131nlar isyan etmi\u015f!<\/p>\n<p><span style=\"line-height: 1.5em;\">Y\u00fcr\u00fcy\u00fc\u015f\u00fcm\u00fcz\u00fcn ard\u0131ndan Toplumsal Cinsiyet E\u015fitli\u011fi Platformu ve Lefko\u015fa T\u00fcrk Belediyesi\u2019nin d\u00fczenledi\u011fi eyleme de kat\u0131larak birlikte y\u00fcr\u00fcd\u00fck ve destek verdik.\u00a0<\/span><\/p>\n<p>Yap\u0131lan bas\u0131n a\u00e7\u0131klamas\u0131n\u0131n metni \u015f\u00f6yle:<\/p>\n<p>Minerva, Patria ve Maria. Dominik\u2019te ya\u015fam\u0131\u015f Mirabal ailesinin \u00fc\u00e7 k\u0131z\u0131. 25 Kas\u0131m 1960 sabah\u0131, hapishanedeki e\u015flerini ziyarete giderlerken diktat\u00f6rl\u00fc\u011f\u00fcn askerleri taraf\u0131ndan tecav\u00fcze u\u011fray\u0131p katledildiler ve ara\u00e7lar\u0131 bir u\u00e7urumdan yuvarlanarak \u201ckazada\u201d \u00f6ld\u00fcler. Su\u00e7lar\u0131, \u00fclkelerindeki fa\u015fist rejime kar\u015f\u0131 m\u00fccadele y\u00fcr\u00fctmek, d\u00fc\u015f\u00fcncelerini \u00f6zg\u00fcrce ifade edebilmeyi istemek.<\/p>\n<p>Mirabal k\u0131z karde\u015fler, ne katledilen ilk kad\u0131nlard\u0131 ne de son oldular. Onlara uygulanan \u015fiddet asl\u0131nda bug\u00fcn d\u00fcnyadaki milyarlarca kad\u0131na uygulanandan farks\u0131z. E\u015fine d\u00fc\u015f\u00fcncelerini a\u00e7t\u0131\u011f\u0131nda d\u00f6v\u00fclen, ailesine akl\u0131ndan ge\u00e7enleri s\u00f6yledi\u011finde &#8216;cezaland\u0131r\u0131lan&#8217;, hatta toplum i\u00e7erisinde kendisini ifade etti\u011fi i\u00e7in lin\u00e7 edilen kad\u0131nlar\u0131n hepsi Mirabal karde\u015flerin kaderini payla\u015f\u0131yor. Anneler, sevgililer, e\u015fler, k\u0131z karde\u015fler&#8230;<\/p>\n<p>25 Kas\u0131m y\u0131llard\u0131r kad\u0131nlar\u0131n evde, okulda, i\u015fte, sokakta, toplumsal her alanda bask\u0131 ve g\u00fc\u00e7 ile \u015fiddete maruz kald\u0131\u011f\u0131 g\u00fcnlerden sadece biri. Kamusal ya da \u00f6zel ya\u015famda fiziksel, duygusal, sosyal, ekonomik ve cinsel anlamda zarar veren ya da verebilecek olan tehdit, bask\u0131, k\u0131s\u0131tlama, temel ihtiya\u00e7lar\u0131ndan yoksun ve kendine muhta\u00e7 b\u0131rakma, zorlama, kontrol alt\u0131na almaya \u00e7al\u0131\u015fma, a\u015fa\u011f\u0131lama, g\u00f6rmezden gelme, \u00f6zg\u00fcrl\u00fc\u011f\u00fcn keyfi olarak engellenmesi gibi bir\u00e7ok \u015fekilde, babadan, abiden, kocadan, patrondan, i\u015f arkada\u015f\u0131ndan, devletten ve polisten her g\u00fcn ve her an \u015fiddet g\u00f6rmek olas\u0131. \u00dcstelik de bu olas\u0131l\u0131k her ge\u00e7en g\u00fcn artmakta.<\/p>\n<p>Kad\u0131nlar\u0131n giyece\u011fi k\u0131yafetten do\u011furaca\u011f\u0131 \u00e7ocuk say\u0131s\u0131na, soka\u011fa \u00e7\u0131kaca\u011f\u0131 vakitten nerede ve nas\u0131l g\u00fclece\u011fine kadar kar\u0131\u015fabilme hakk\u0131 oldu\u011funu d\u00fc\u015f\u00fcnenlerin elleri her nefeste bo\u011faz\u0131m\u0131zda. D\u00f6rt duvar aras\u0131na s\u0131k\u0131\u015ft\u0131r\u0131lan kz karde\u015flerimiz varken, kom\u015fu evden gelen \u00e7\u0131\u011fl\u0131klar hi\u00e7 susmaz, gazetelerde tecav\u00fcz haberleri son bulmazken o nefesi rahat almak m\u00fcmk\u00fcn m\u00fc?<\/p>\n<p>Devlet, erkek \u015fiddetini korumaya, s\u0131\u011f\u0131nma evi yapmak yerine gece kul\u00fcplerine izin vermeye, kad\u0131n\u0131n y\u0131pranma pay\u0131n\u0131 ortadan kald\u0131rmaya, toplum huzurunu bozan \u015fiddet yanl\u0131s\u0131 birliklerin elini s\u0131kmaya devam ederken susup kalmak kabul edilebilir mi?<\/p>\n<p>Ve hatta \u00fclkemizde \u00f6zg\u00fcrl\u00fck ad\u0131na m\u00fccadele eden ilerici \u00f6rg\u00fctler bile kendi t\u00fcz\u00fcklerinde kad\u0131n beyan\u0131 ile ilgili d\u00fczenlemeleri yapmay\u0131 reddedip, kendi \u00fcyelerini bask\u0131larken ger\u00e7ek bir m\u00fccadele \u00f6rmek hepimizin g\u00f6revi de\u011fil mi?<\/p>\n<p>Ge\u00e7mi\u015f ve gelecek t\u00fcm k\u0131z karde\u015flerimize verilmi\u015f bir m\u00fccadele s\u00f6z\u00fcm\u00fcz var.<\/p>\n<p style=\"text-align: center;\"><a href=\"https:\/\/baraka.cc\/wp-content\/uploads\/2015\/11\/3.jpg\"><img decoding=\"async\" loading=\"lazy\" class=\"size-medium wp-image-3699 aligncenter\" style=\"border: 1px solid black; margin-top: 1px; margin-bottom: 1px;\" alt=\"3\" src=\"https:\/\/baraka.cc\/wp-content\/uploads\/2015\/11\/3-300x198.jpg\" width=\"300\" height=\"198\" srcset=\"https:\/\/baraka.cc\/wp-content\/uploads\/2015\/11\/3-300x198.jpg 300w, https:\/\/baraka.cc\/wp-content\/uploads\/2015\/11\/3-1024x678.jpg 1024w\" sizes=\"(max-width: 300px) 100vw, 300px\" \/><\/a><\/p>\n","protected":false},"excerpt":{"rendered":"<p>25 Kas\u0131m Kad\u0131na Y\u00f6nelik \u015eiddete Kar\u015f\u0131 M\u00fccadele G\u00fcn\u00fc\u2019nde Baraka K\u00fclt\u00fcr Merkezi olarak yine sokaktayd\u0131k&#8230; 25 Kas\u0131m \u00c7ar\u015famba ak\u015fam\u0131 Dereboyu\u2019nda yapt\u0131\u011f\u0131m\u0131z eylemde, sloganlar\u0131m\u0131zla, sokak tiyatromuz ve<\/p>\n","protected":false},"author":3,"featured_media":3699,"comment_status":"open","ping_status":"open","sticky":false,"template":"","format":"standard","meta":{"jetpack_post_was_ever_published":false,"_jetpack_newsletter_access":"","_jetpack_newsletter_tier_id":0,"jetpack_publicize_message":"","jetpack_is_tweetstorm":false,"jetpack_publicize_feature_enabled":true,"jetpack_social_post_already_shared":true,"jetpack_social_options":{"image_generator_settings":{"template":"highway","enabled":false}}},"categories":[41,66,45,9,1],"tags":[],"jetpack_publicize_connections":[],"jetpack_featured_media_url":"https:\/\/baraka.cc\/wp-content\/uploads\/2015\/11\/3.jpg","jetpack_shortlink":"https:\/\/wp.me\/p4eHWX-XA","jetpack_sharing_enabled":true,"_links":{"self":[{"href":"https:\/\/baraka.cc\/index.php?rest_route=\/wp\/v2\/posts\/3694"}],"collection":[{"href":"https:\/\/baraka.cc\/index.php?rest_route=\/wp\/v2\/posts"}],"about":[{"href":"https:\/\/baraka.cc\/index.php?rest_route=\/wp\/v2\/types\/post"}],"author":[{"embeddable":true,"href":"https:\/\/baraka.cc\/index.php?rest_route=\/wp\/v2\/users\/3"}],"replies":[{"embeddable":true,"href":"https:\/\/baraka.cc\/index.php?rest_route=%2Fwp%2Fv2%2Fcomments&post=3694"}],"version-history":[{"count":14,"href":"https:\/\/baraka.cc\/index.php?rest_route=\/wp\/v2\/posts\/3694\/revisions"}],"predecessor-version":[{"id":3713,"href":"https:\/\/baraka.cc\/index.php?rest_route=\/wp\/v2\/posts\/3694\/revisions\/3713"}],"wp:featuredmedia":[{"embeddable":true,"href":"https:\/\/baraka.cc\/index.php?rest_route=\/wp\/v2\/media\/3699"}],"wp:attachment":[{"href":"https:\/\/baraka.cc\/index.php?rest_route=%2Fwp%2Fv2%2Fmedia&parent=3694"}],"wp:term":[{"taxonomy":"category","embeddable":true,"href":"https:\/\/baraka.cc\/index.php?rest_route=%2Fwp%2Fv2%2Fcategories&post=3694"},{"taxonomy":"post_tag","embeddable":true,"href":"https:\/\/baraka.cc\/index.php?rest_route=%2Fwp%2Fv2%2Ftags&post=3694"}],"curies":[{"name":"wp","href":"https:\/\/api.w.org\/{rel}","templated":true}]}}