{"id":3753,"date":"2015-12-09T09:36:12","date_gmt":"2015-12-09T07:36:12","guid":{"rendered":"https:\/\/baraka.cc\/?p=3753"},"modified":"2015-12-15T09:45:25","modified_gmt":"2015-12-15T07:45:25","slug":"emegin-festivali-kadin-emegine-kamera-tutan-bir-filmle-basliyor","status":"publish","type":"post","link":"https:\/\/baraka.cc\/?p=3753","title":{"rendered":"EME\u011e\u0130N FEST\u0130VAL\u0130, KADIN EME\u011e\u0130NE KAMERA TUTAN B\u0130R F\u0130LMLE  BA\u015eLIYOR"},"content":{"rendered":"<p><a href=\"https:\/\/baraka.cc\/wp-content\/uploads\/2015\/12\/iff-2015-afi\u015f.jpg\"><img decoding=\"async\" loading=\"lazy\" class=\"alignnone size-medium wp-image-3754\" style=\"border: 1px solid black; margin: 1px;\" alt=\"iff 2015 afi\u015f\" src=\"https:\/\/baraka.cc\/wp-content\/uploads\/2015\/12\/iff-2015-afi\u015f-210x300.jpg\" width=\"210\" height=\"300\" srcset=\"https:\/\/baraka.cc\/wp-content\/uploads\/2015\/12\/iff-2015-afi\u015f-210x300.jpg 210w, https:\/\/baraka.cc\/wp-content\/uploads\/2015\/12\/iff-2015-afi\u015f.jpg 673w\" sizes=\"(max-width: 210px) 100vw, 210px\" \/><\/a>\u00a0 \u00a0\u00a0<a href=\"https:\/\/baraka.cc\/wp-content\/uploads\/2015\/12\/iff-2015-bro\u015f\u00fcr.jpg\"><img decoding=\"async\" loading=\"lazy\" class=\"alignnone size-medium wp-image-3755\" style=\"border: 1px solid black; margin: 1px;\" alt=\"iff 2015 bro\u015f\u00fcr\" src=\"https:\/\/baraka.cc\/wp-content\/uploads\/2015\/12\/iff-2015-bro\u015f\u00fcr-211x300.jpg\" width=\"211\" height=\"300\" srcset=\"https:\/\/baraka.cc\/wp-content\/uploads\/2015\/12\/iff-2015-bro\u015f\u00fcr-211x300.jpg 211w, https:\/\/baraka.cc\/wp-content\/uploads\/2015\/12\/iff-2015-bro\u015f\u00fcr.jpg 420w\" sizes=\"(max-width: 211px) 100vw, 211px\" \/><\/a><\/p>\n<p>Bu y\u0131l sekizincisi d\u00fczenlenen Uluslararas\u0131 K\u0131br\u0131s \u0130\u015f\u00e7i Filmleri Festivali, 9 Aral\u0131k \u00c7ar\u015famba ak\u015fam\u0131 19.30\u2019da G\u00f6nyeli Belediyesi\u2019nde ba\u015fl\u0131yor. 19 Aral\u0131k\u2019a kadar s\u00fcrecek olan festivalde d\u00fcnyadan ve T\u00fcrkiye\u2019den \u00e7e\u015fitli temalar\u0131, emek cephesinden i\u015fleyen filmler \u00fccretsiz olarak seyirciyle bulu\u015facak.<\/p>\n<p>9 Aral\u0131k\u2019taki a\u00e7\u0131l\u0131\u015f etkinliklerinde kokteyl, Sol Anahtar\u0131 m\u00fczik dinletisi ve a\u00e7\u0131l\u0131\u015f konu\u015fmalar\u0131 yer alacak, ard\u0131ndan \u201c\u0130ki G\u00fcn Bir Gece\u201d adl\u0131 film izlenecek. Filmin konusu \u015f\u00f6yle: \u201cSandra bir g\u00fcne\u015f paneli fabrikas\u0131nda \u00e7al\u0131\u015fan gen\u00e7 bir e\u015f ve annedir. Depresyon y\u00fcz\u00fcnden izne \u00e7\u0131kmak zorunda kal\u0131r. Onun yoklu\u011funda i\u015f arkada\u015flar\u0131 biraz daha uzun \u00e7al\u0131\u015farak, Sandra\u2019n\u0131n i\u015f y\u00fck\u00fcn\u00fc halledebildiklerini g\u00f6r\u00fcrler ve patron e\u011fer Sandra\u2019n\u0131n i\u015ften \u00e7\u0131kar\u0131lmas\u0131n\u0131 kabul ederlerse, hepsine 1000 Euro prim vermeyi \u00f6nerir. Sandra i\u015fe d\u00f6nd\u00fc\u011f\u00fcnde fark eder ki kaderi 16 i\u015f arkada\u015f\u0131n\u0131n karar\u0131na ba\u011fl\u0131d\u0131r. Gizli oylama \u00f6ncesi, Sandra\u2019n\u0131n arkada\u015flar\u0131n\u0131 teklifi reddetmeye ikna etmesi i\u00e7in bir hafta sonu zaman\u0131 vard\u0131r.\u201d<\/p>\n<p><b>Tema: \u201cZul\u00fcmlere \u0130nat Direnerek Ya\u015famak\u201d<\/b><\/p>\n<p>\u00dclkemizde birincisini 2007 y\u0131l\u0131nda ger\u00e7ekle\u015ftirilen Uluslararas\u0131 K\u0131br\u0131s \u0130\u015f\u00e7i Filmleri Festivali, bar\u0131\u015ftan ve emekten yana sendikalar\u0131n, toplumsal sorunlara duyarl\u0131 meslek birliklerinin, odalar\u0131n ve k\u00fclt\u00fcr derneklerinin organizasyonunda ger\u00e7ekle\u015fmekte.<\/p>\n<p>Bu y\u0131l \u201cZul\u00fcmlere \u0130nat Direnerek Ya\u015famak\u201d slogan\u0131n\u0131 benimseyen festivalin organizat\u00f6rleri: Akdo\u011fan Fikir Sanat At\u00f6lyesi (AFSA), Alevi K\u00fclt\u00fcr Merkezi, Baraka K\u00fclt\u00fcr Merkezi, Biyologlar Derne\u011fi, BASIN-SEN, BES, \u00c7A\u011e-SEN, DA\u00dc B\u0130R-SEN, DA\u00dc-SEN, DEV-\u0130\u015e, EL-SEN, G\u00dc\u00c7-SEN, G\u00fczelyurt \u0130l\u00e7esi Geli\u015ftirme ve Kalk\u0131nd\u0131rma Derne\u011fi (G\u00dcKAD), K\u0131br\u0131s Pir Sultan KOOP-SEN, KTAMS, KTMMOB, KTOE\u00d6S, KT\u00d6S, TEL-SEN, TIP-\u0130\u015e. Destek verenler ise: Ambar Film, Radyo May\u0131s ve Radyo Sim. Ayr\u0131ca \u201cFestival G\u00f6n\u00fcll\u00fcleri\u201d de festival organizasyonunda \u00f6nemli roller \u00fcstlenmekteler.<\/p>\n<p>1994 y\u0131l\u0131nda LABORFEST ismi ile ABD\u2019nin San Francisco kentinde d\u00fczenlenmeye ba\u015flayan Uluslararas\u0131 \u0130\u015f\u00e7i Filmleri Festivalinin amac\u0131 d\u00fcnyay\u0131 sosyal, bireysel ve ekolojik y\u00f6nleriyle ya\u015fanabilir olmaktan \u00e7\u0131karan neo-liberalizme kar\u015f\u0131 deneyimleri payla\u015fmak; ya\u015fad\u0131\u011f\u0131m\u0131z d\u00fcnyan\u0131n d\u00fcn\u00fcne, bug\u00fcn\u00fcne ve gelece\u011fine emek cephesinden bakmak; emek\u00e7ilerin kendi s\u0131n\u0131f\u0131 ile ileti\u015fim kurmas\u0131n\u0131 sa\u011flamak i\u00e7in sineman\u0131n yard\u0131m\u0131n\u0131 almak olarak \u00f6zetlenebilir.<\/p>\n<p><b>Festival Lefko\u015fa\u2019y\u0131 a\u015ft\u0131<\/b><\/p>\n<p>Bu y\u0131lki festivale Lefko\u015fa\u2019n\u0131n yan\u0131 s\u0131ra Ma\u011fusa, Girne, Akdo\u011fan (Lysi) ve G\u00fczelyurt (Omorfo) da ev sahipli\u011fi yap\u0131yor. Ayr\u0131ca festivalde bir de \u00e7ocuk filmi g\u00f6sterilecek.<\/p>\n<p>Lefko\u015fa g\u00f6sterimleri G\u00f6nyeli Belediyesi\u2019nde yer al\u0131rken \u00e7ocuk filmi Arabahmet K\u00fclt\u00fcrevi\u2019nde, k\u00fc\u00e7\u00fck sinema severlerle bulu\u015facak. Festival programda, \u00fclkemizde sinemaya emek ve g\u00f6n\u00fcl veren ve \u00e7e\u015fitli \u00f6d\u00fcllere lay\u0131k g\u00f6r\u00fclen Vasfi \u00c7ift\u00e7io\u011flu ve Do\u011fu\u015f \u00d6zokutan \u00c7ift\u00e7io\u011flu ile \u201cK\u0131br\u0131s\u2019ta sinema \u00e7ekilir \u015fey mi?\u201d konulu s\u00f6yle\u015fi de yer almakta.<\/p>\n<p>&nbsp;<\/p>\n<p><b>8. Uluslararas\u0131 K\u0131br\u0131s \u0130\u015f\u00e7i Filmleri Festivali Program\u0131 \u015f\u00f6yle: <\/b><\/p>\n<p><b>\u00a0<\/b><\/p>\n<p><b>9 Aral\u0131k \u00c7ar\u015famba <\/b><\/p>\n<p><b>Yer: G\u00f6nyeli Belediyesi, Saat: 19:30<\/b><\/p>\n<p><i>A\u00e7\u0131l\u0131\u015f kokteyli ve Sol Anahtar\u0131 m\u00fczik dinletisi<\/i><\/p>\n<p><i>Film: \u0130K\u0130 G\u00dcN B\u0130R GECE\u00a0 95&#8242;<\/i><b> <\/b><i><\/i><\/p>\n<p><b>\u00a0<\/b><\/p>\n<p><b>10 Aral\u0131k Per\u015fembe\u00a0 <\/b><\/p>\n<p><b>Yer: Akdo\u011fan (Lisi) AFSA Lokali, Saat: 19:30<\/b><\/p>\n<p><i>Belgesel: PAL\u0130KAR\u0130:LU\u0130S T\u0130KAS VE LUDLOW MASSACRE 92&#8242;<\/i><\/p>\n<p><b>\u00a0<\/b><\/p>\n<p><b>12 Aral\u0131k Cumartesi <\/b><\/p>\n<p><b>Yer: G\u00f6nyeli Belediyesi, Saat: 19:30<\/b><\/p>\n<p><i>Belgesel: CENNET\u0130N D\u00dc\u015e\u00dc\u015e\u00dc 79&#8242;<\/i><b> <\/b><\/p>\n<p><b>\u00a0<\/b><\/p>\n<p><b>14 Aral\u0131k Pazartesi <\/b><i><\/i><\/p>\n<p><b>Yer: G\u00f6nyeli Belediyesi, Saat: 19:30<\/b><\/p>\n<p><i>Belgesel: HASTA 123&#8242;<\/i><b><\/b><\/p>\n<p><b>\u00a0<\/b><\/p>\n<p><b>14 Aral\u0131k Pazartesi <\/b><\/p>\n<p><b>Yer: G\u00fczelyurt (Omorfo) G\u00dcKAD Lokali, Saat: 19:30\u00a0 <\/b><\/p>\n<p><i>Film: \u00d6ZG\u00dcRL\u00dcK DANSI 109&#8242;<\/i><\/p>\n<p><b>\u00a0<\/b><\/p>\n<p><b>15 Aral\u0131k Sal\u0131 <\/b><i><\/i><\/p>\n<p><b>Yer: Ma\u011fusa DA\u00dc Mavi Salon, Saat: 19:30\u00a0 <\/b><\/p>\n<p><i>Film: \u00d6ZG\u00dcRL\u00dcK DANSI 109&#8242;<\/i><\/p>\n<p><b>\u00a0<\/b><\/p>\n<p><b>16 Aral\u0131k \u00c7ar\u015famba <\/b><\/p>\n<p><b>Yer: G\u00f6nyeli Belediyesi, Saat: 19:30<\/b><\/p>\n<p><i>K\u0131sa Filmler Gecesi:ZENG\u0130N D\u00dcNYA FAK\u0130R \u0130NSANLAR 11 &#8216;<\/i><\/p>\n<p><i>ROYA 12&#8242;<\/i><\/p>\n<p><i>FITRAT 12&#8242;<\/i><\/p>\n<p><i>SAKLI D\u0130L 22 &#8216;<\/i><\/p>\n<p><b>\u00a0<\/b><\/p>\n<p><b>17 Aral\u0131k Per\u015fembe <\/b><\/p>\n<p><b>Yer: Girne Leymosun K\u00fclt\u00fcr Evi, Saat: 19:30\u00a0 <\/b><\/p>\n<p><i>Film: ONUR 119&#8242;<\/i><b><\/b><\/p>\n<p><b>\u00a0<\/b><\/p>\n<p><b>19 Aral\u0131k Cumartesi\u00a0 <\/b><\/p>\n<p><b>Yer: Arabahmet K\u00fclt\u00fcr Evi, Saat: 14:00<\/b><\/p>\n<p><i>\u00c7ocuk Filmi: KARINCA Z 83&#8242; (6+)<\/i><b> <\/b><\/p>\n<p><b>\u00a0<\/b><\/p>\n<p><b>Yer: G\u00f6nyeli Belediyesi, Saat: 19:30<\/b><\/p>\n<p><b>S\u00f6yle\u015fi: \u00dclkemiz sinemac\u0131lar\u0131ndan Vasfi \u00c7ift\u00e7io\u011flu ve Do\u011fu\u015f \u00d6zokutan \u00c7ift\u00e7io\u011flu ile &#8220;K\u0131br\u0131s&#8217;ta sinema \u00e7ekilir \u015fey mi?&#8221; konulu s\u00f6yle\u015fi <\/b><\/p>\n<p><i>Belgesel: NEFRET 60&#8242;<\/i><\/p>\n","protected":false},"excerpt":{"rendered":"<p>\u00a0 \u00a0\u00a0 Bu y\u0131l sekizincisi d\u00fczenlenen Uluslararas\u0131 K\u0131br\u0131s \u0130\u015f\u00e7i Filmleri Festivali, 9 Aral\u0131k \u00c7ar\u015famba ak\u015fam\u0131 19.30\u2019da G\u00f6nyeli Belediyesi\u2019nde ba\u015fl\u0131yor. 19 Aral\u0131k\u2019a kadar s\u00fcrecek olan festivalde<\/p>\n","protected":false},"author":3,"featured_media":3754,"comment_status":"open","ping_status":"open","sticky":false,"template":"","format":"standard","meta":{"jetpack_post_was_ever_published":false,"_jetpack_newsletter_access":"","_jetpack_newsletter_tier_id":0,"jetpack_publicize_message":"EME\u011e\u0130N FEST\u0130VAL\u0130, KADIN EME\u011e\u0130NE KAMERA TUTAN B\u0130R F\u0130LMLE  BA\u015eLIYOR","jetpack_is_tweetstorm":false,"jetpack_publicize_feature_enabled":true,"jetpack_social_post_already_shared":true,"jetpack_social_options":{"image_generator_settings":{"template":"highway","enabled":false}}},"categories":[48,9,49,1],"tags":[],"jetpack_publicize_connections":[],"jetpack_featured_media_url":"https:\/\/baraka.cc\/wp-content\/uploads\/2015\/12\/iff-2015-afi\u015f.jpg","jetpack_shortlink":"https:\/\/wp.me\/p4eHWX-Yx","jetpack_sharing_enabled":true,"_links":{"self":[{"href":"https:\/\/baraka.cc\/index.php?rest_route=\/wp\/v2\/posts\/3753"}],"collection":[{"href":"https:\/\/baraka.cc\/index.php?rest_route=\/wp\/v2\/posts"}],"about":[{"href":"https:\/\/baraka.cc\/index.php?rest_route=\/wp\/v2\/types\/post"}],"author":[{"embeddable":true,"href":"https:\/\/baraka.cc\/index.php?rest_route=\/wp\/v2\/users\/3"}],"replies":[{"embeddable":true,"href":"https:\/\/baraka.cc\/index.php?rest_route=%2Fwp%2Fv2%2Fcomments&post=3753"}],"version-history":[{"count":2,"href":"https:\/\/baraka.cc\/index.php?rest_route=\/wp\/v2\/posts\/3753\/revisions"}],"predecessor-version":[{"id":3757,"href":"https:\/\/baraka.cc\/index.php?rest_route=\/wp\/v2\/posts\/3753\/revisions\/3757"}],"wp:featuredmedia":[{"embeddable":true,"href":"https:\/\/baraka.cc\/index.php?rest_route=\/wp\/v2\/media\/3754"}],"wp:attachment":[{"href":"https:\/\/baraka.cc\/index.php?rest_route=%2Fwp%2Fv2%2Fmedia&parent=3753"}],"wp:term":[{"taxonomy":"category","embeddable":true,"href":"https:\/\/baraka.cc\/index.php?rest_route=%2Fwp%2Fv2%2Fcategories&post=3753"},{"taxonomy":"post_tag","embeddable":true,"href":"https:\/\/baraka.cc\/index.php?rest_route=%2Fwp%2Fv2%2Ftags&post=3753"}],"curies":[{"name":"wp","href":"https:\/\/api.w.org\/{rel}","templated":true}]}}