{"id":3769,"date":"2015-12-18T14:51:44","date_gmt":"2015-12-18T12:51:44","guid":{"rendered":"https:\/\/baraka.cc\/?p=3769"},"modified":"2015-12-18T14:51:44","modified_gmt":"2015-12-18T12:51:44","slug":"isci-filmleri-festivali-kapanis-etkinlikleri-ile-sona-eriyor","status":"publish","type":"post","link":"https:\/\/baraka.cc\/?p=3769","title":{"rendered":"\u0130\u015e\u00c7\u0130 F\u0130LMLER\u0130 FEST\u0130VAL\u0130 KAPANI\u015e ETK\u0130NL\u0130KLER\u0130 \u0130LE SONA ER\u0130YOR"},"content":{"rendered":"<p><span style=\"line-height: 1.5em;\">8. Uluslararas\u0131 K\u0131br\u0131s \u0130\u015f\u00e7i Filmleri Festival, 19 Aral\u0131k Cumartesi g\u00fcn\u00fc Lefko\u015fa\u2019da \u00e7ocuk filmi g\u00f6sterimi, s\u00f6yle\u015fi ve belgeselden olu\u015fan kapan\u0131\u015f etkinlikleri ile sona eriyor.<\/span><\/p>\n<p><b><a href=\"https:\/\/baraka.cc\/wp-content\/uploads\/2015\/12\/Kar\u0131nca-z.jpg\"><img decoding=\"async\" loading=\"lazy\" class=\" wp-image-3770 alignleft\" style=\"border: 1px solid black; margin: 1px;\" alt=\"Kar\u0131nca-z\" src=\"https:\/\/baraka.cc\/wp-content\/uploads\/2015\/12\/Kar\u0131nca-z-212x300.jpg\" width=\"170\" height=\"240\" srcset=\"https:\/\/baraka.cc\/wp-content\/uploads\/2015\/12\/Kar\u0131nca-z-212x300.jpg 212w, https:\/\/baraka.cc\/wp-content\/uploads\/2015\/12\/Kar\u0131nca-z.jpg 354w\" sizes=\"(max-width: 170px) 100vw, 170px\" \/><\/a>Festival \u00e7ocuklar\u0131 \u00e7a\u011f\u0131r\u0131yor<\/b><\/p>\n<p>\u201cKar\u0131nca Z\u201d isimli animasyon t\u00fcr\u00fc film, 19 Aral\u0131k Cumartesi g\u00fcn\u00fc saat 14.00\u2019de Arabahmet K\u00fclt\u00fcr Evi\u2019nde g\u00f6sterilecek. Biletsiz ve \u00fccretsiz olan etkinlikte K\u0131br\u0131s T\u00fcrk \u00d6\u011fretmenler Sendikas\u0131 da \u00e7ocuklara y\u00f6nelik k\u0131sa bir sunum ger\u00e7ekle\u015ftirecek. \u0130\u015f\u00e7i bir kar\u0131nca olan Z\u2019nin a\u015f\u0131k olma, \u00f6zg\u00fcrle\u015fme ve kolonisini kurtarma hikayesini anlatan film, hem \u00e7ocuklar hem de b\u00fcy\u00fckler i\u00e7in mesajlar i\u00e7ermekte.<\/p>\n<p><b>\u201cK\u0131br\u0131s\u2019ta sinema \u00e7ekilir \u015fey mi?\u201d konulu s\u00f6yle\u015fi<\/b><\/p>\n<p>Saat 19.30\u2019da G\u00f6nyeli Belediyesi\u2019nde yer alacak kapan\u0131\u015f etkinlikleri ise K\u0131br\u0131sl\u0131 gen\u00e7 sinemac\u0131lar Vasfi \u00c7ift\u00e7io\u011flu ve Do\u011fu\u015f \u00d6zokutan \u00c7ift\u00e7io\u011flu ile yap\u0131lacak s\u00f6yle\u015fiyle \u00a0ba\u015flayacak. \u201cOla\u011fan Denemeler\u201d adl\u0131 k\u0131sa filmleri ile be\u011feni toplayan ve yurt d\u0131\u015f\u0131nda \u00f6d\u00fcllere lay\u0131k g\u00f6r\u00fclen Vasfi \u00c7ift\u00e7io\u011flu ve Do\u011fu\u015f \u00d6zokutan \u00c7ift\u00e7io\u011flu, \u201cK\u0131br\u0131s\u2019ta sinema \u00e7ekilir \u015fey mi?\u201d konulu s\u00f6yle\u015fi ile deneyimlerini festival izleyicileriyle payla\u015facaklar.<\/p>\n<p><b>Festivalin son filmi ayr\u0131mc\u0131l\u0131klar\u0131 konu alan \u201cNefret\u201d belgeseli<\/b><\/p>\n<p>S\u00f6yle\u015finin ard\u0131ndan T\u00fcrkiye yap\u0131m\u0131 \u201cNefret\u201d isimli, bir saatlik belgesel g\u00f6sterimi ile festival son bulacak. Belgeselin konusu ise \u015f\u00f6yle: Resmi ideolojik s\u00f6ylemin \u201cbiz\u201dlik tan\u0131m\u0131, \u201cT\u00fcrkl\u00fck\u201d ba\u015fta olmak \u00fczere, \u201cM\u00fcsl\u00fcmanl\u0131k\u201d, \u201cS\u00fcnnilik\u201d ve \u201cerkeklik\u201d \u015feklinde kar\u015f\u0131m\u0131za \u00e7\u0131k\u0131yor. \u201cNormal\u201d ve \u201canormal\u201d tan\u0131mlar\u0131 resmi s\u00f6ylem taraf\u0131ndan belirlenirken hedef tahtas\u0131nda da hep \u201c\u00f6teki\u201dler oluyor: K\u00fcrtler, Ermeniler, Aleviler, H\u0131ristiyanlar, Romanlar, e\u015fcinseller, travestiler, g\u00f6\u00e7menler, engelliler ve kad\u0131nlar&#8230; Nefret s\u00f6ylemi \u201c\u00f6teki\u201d ile aram\u0131zdaki u\u00e7urumu a\u00e7arken \u015fiddeti de me\u015frula\u015ft\u0131r\u0131yor. T\u00fcrkiye&#8217;nin farkl\u0131 yerlerinde \u201c\u00f6teki\u201d olman\u0131n en a\u011f\u0131r durumlar\u0131n\u0131 ya\u015fayan 10 insan\u0131n sesine kulak verdik.<\/p>\n<p><a href=\"https:\/\/baraka.cc\/wp-content\/uploads\/2015\/12\/nefret.jpg\"><img decoding=\"async\" loading=\"lazy\" class=\" wp-image-3771 alignleft\" style=\"border: 1px solid black; margin-top: 1px; margin-bottom: 1px;\" alt=\"nefret\" src=\"https:\/\/baraka.cc\/wp-content\/uploads\/2015\/12\/nefret.jpg\" width=\"218\" height=\"148\" \/><\/a><\/p>\n<p><b>Kapan\u0131\u015f etkinlikleri i\u00e7in Ma\u011fusa\u2019dan otob\u00fcs kald\u0131r\u0131lacak<\/b><\/p>\n<p>Festivalin kapan\u0131\u015f etkinliklerine Ma\u011fusal\u0131 \u00f6\u011frencilerin ve halk\u0131n kat\u0131l\u0131m\u0131n\u0131 kolayla\u015ft\u0131rmak amac\u0131yla saat 18.15\u2019te Sabanc\u0131 Yurdu \u00f6n\u00fcnden \u00fccretsiz otob\u00fcs kald\u0131r\u0131lacak.<\/p>\n<p>Bu y\u0131l \u201czul\u00fcmlere inat direnerek ya\u015famak\u201d slogan\u0131 ile yola \u00e7\u0131kan festival perdelerini kapat\u0131rken, emekten yana t\u00fcm sinema severleri kapan\u0131\u015f etkinliklerinde bulu\u015fmaya davet ediyor.<\/p>\n<p><b>D\u00fczenleyenler:<\/b> Akdo\u011fan Fikir Sanat At\u00f6lyesi (AFSA), Alevi K\u00fclt\u00fcr Merkezi, Baraka K\u00fclt\u00fcr Merkezi, Biyologlar Derne\u011fi, BASIN-SEN, BES, \u00c7A\u011e-SEN, DA\u00dc B\u0130R-SEN, DA\u00dc-SEN, DEV-\u0130\u015e, EL-SEN, G\u00dc\u00c7-SEN, G\u00fczelyurt \u0130l\u00e7esi Geli\u015ftirme ve Kalk\u0131nd\u0131rma Derne\u011fi (G\u00dcKAD), KOOP-SEN, KTAMS, KTMMOB, KTOE\u00d6S, KT\u00d6S, KTTB, K\u0131br\u0131s Pir Sultan, TEL-SEN, TIP-\u0130\u015e, festival g\u00f6n\u00fcll\u00fcleri.<\/p>\n<p><b>Destekleyenler:<\/b> Ambar Film, Radyo May\u0131s, Radyo Sim<\/p>\n<p><a href=\"https:\/\/baraka.cc\/wp-content\/uploads\/2015\/12\/iff-2015-afi\u015f.jpg\"><img decoding=\"async\" loading=\"lazy\" class=\"alignnone size-medium wp-image-3754\" alt=\"iff 2015 afi\u015f\" src=\"https:\/\/baraka.cc\/wp-content\/uploads\/2015\/12\/iff-2015-afi\u015f-210x300.jpg\" width=\"210\" height=\"300\" srcset=\"https:\/\/baraka.cc\/wp-content\/uploads\/2015\/12\/iff-2015-afi\u015f-210x300.jpg 210w, https:\/\/baraka.cc\/wp-content\/uploads\/2015\/12\/iff-2015-afi\u015f.jpg 673w\" sizes=\"(max-width: 210px) 100vw, 210px\" \/><\/a><\/p>\n<p><b>\u00a0<\/b><\/p>\n<p>&nbsp;<\/p>\n<p><b>\u00a0<\/b><\/p>\n","protected":false},"excerpt":{"rendered":"<p>8. Uluslararas\u0131 K\u0131br\u0131s \u0130\u015f\u00e7i Filmleri Festival, 19 Aral\u0131k Cumartesi g\u00fcn\u00fc Lefko\u015fa\u2019da \u00e7ocuk filmi g\u00f6sterimi, s\u00f6yle\u015fi ve belgeselden olu\u015fan kapan\u0131\u015f etkinlikleri ile sona eriyor. Festival \u00e7ocuklar\u0131<\/p>\n","protected":false},"author":3,"featured_media":3770,"comment_status":"open","ping_status":"open","sticky":false,"template":"","format":"standard","meta":{"jetpack_post_was_ever_published":false,"_jetpack_newsletter_access":"","_jetpack_newsletter_tier_id":0,"jetpack_publicize_message":"","jetpack_is_tweetstorm":false,"jetpack_publicize_feature_enabled":true,"jetpack_social_post_already_shared":true,"jetpack_social_options":{"image_generator_settings":{"template":"highway","enabled":false}}},"categories":[48,9,49,1],"tags":[],"jetpack_publicize_connections":[],"jetpack_featured_media_url":"https:\/\/baraka.cc\/wp-content\/uploads\/2015\/12\/Kar\u0131nca-z.jpg","jetpack_shortlink":"https:\/\/wp.me\/p4eHWX-YN","jetpack_sharing_enabled":true,"_links":{"self":[{"href":"https:\/\/baraka.cc\/index.php?rest_route=\/wp\/v2\/posts\/3769"}],"collection":[{"href":"https:\/\/baraka.cc\/index.php?rest_route=\/wp\/v2\/posts"}],"about":[{"href":"https:\/\/baraka.cc\/index.php?rest_route=\/wp\/v2\/types\/post"}],"author":[{"embeddable":true,"href":"https:\/\/baraka.cc\/index.php?rest_route=\/wp\/v2\/users\/3"}],"replies":[{"embeddable":true,"href":"https:\/\/baraka.cc\/index.php?rest_route=%2Fwp%2Fv2%2Fcomments&post=3769"}],"version-history":[{"count":3,"href":"https:\/\/baraka.cc\/index.php?rest_route=\/wp\/v2\/posts\/3769\/revisions"}],"predecessor-version":[{"id":3774,"href":"https:\/\/baraka.cc\/index.php?rest_route=\/wp\/v2\/posts\/3769\/revisions\/3774"}],"wp:featuredmedia":[{"embeddable":true,"href":"https:\/\/baraka.cc\/index.php?rest_route=\/wp\/v2\/media\/3770"}],"wp:attachment":[{"href":"https:\/\/baraka.cc\/index.php?rest_route=%2Fwp%2Fv2%2Fmedia&parent=3769"}],"wp:term":[{"taxonomy":"category","embeddable":true,"href":"https:\/\/baraka.cc\/index.php?rest_route=%2Fwp%2Fv2%2Fcategories&post=3769"},{"taxonomy":"post_tag","embeddable":true,"href":"https:\/\/baraka.cc\/index.php?rest_route=%2Fwp%2Fv2%2Ftags&post=3769"}],"curies":[{"name":"wp","href":"https:\/\/api.w.org\/{rel}","templated":true}]}}