{"id":3775,"date":"2015-12-22T19:01:57","date_gmt":"2015-12-22T17:01:57","guid":{"rendered":"https:\/\/baraka.cc\/?p=3775"},"modified":"2015-12-22T19:01:57","modified_gmt":"2015-12-22T17:01:57","slug":"izle-tartis-zamana-karsi","status":"publish","type":"post","link":"https:\/\/baraka.cc\/?p=3775","title":{"rendered":"\u0130ZLE-TARTI\u015e \u201cZAMANA KAR\u015eI\u201d"},"content":{"rendered":"<p style=\"text-align: center;\"><a href=\"https:\/\/baraka.cc\/wp-content\/uploads\/2015\/12\/zamana-kar\u015f\u0131.jpg\"><img decoding=\"async\" loading=\"lazy\" class=\"size-medium wp-image-3776 aligncenter\" alt=\"zamana kar\u015f\u0131\" src=\"https:\/\/baraka.cc\/wp-content\/uploads\/2015\/12\/zamana-kar\u015f\u0131-300x111.jpg\" width=\"300\" height=\"111\" srcset=\"https:\/\/baraka.cc\/wp-content\/uploads\/2015\/12\/zamana-kar\u015f\u0131-300x111.jpg 300w, https:\/\/baraka.cc\/wp-content\/uploads\/2015\/12\/zamana-kar\u015f\u0131-1024x379.jpg 1024w, https:\/\/baraka.cc\/wp-content\/uploads\/2015\/12\/zamana-kar\u015f\u0131.jpg 1256w\" sizes=\"(max-width: 300px) 100vw, 300px\" \/><\/a>2016 y\u0131l\u0131n\u0131n ilk Cumartesi ak\u015fam\u0131nda, \u0130zle-Tart\u0131\u015f etkinli\u011fimiz kapsam\u0131nda \u00a0\u201cZamana Kar\u015f\u0131\u201d isimli filmi izliyoruz.<\/p>\n<p><span style=\"line-height: 1.5em;\"><a href=\"https:\/\/baraka.cc\/wp-content\/uploads\/2015\/12\/zamana-kar\u015f\u01312.jpg\"><img decoding=\"async\" loading=\"lazy\" class=\" wp-image-3778 alignleft\" alt=\"zamana kar\u015f\u01312\" src=\"https:\/\/baraka.cc\/wp-content\/uploads\/2015\/12\/zamana-kar\u015f\u01312-300x197.jpg\" width=\"270\" height=\"177\" srcset=\"https:\/\/baraka.cc\/wp-content\/uploads\/2015\/12\/zamana-kar\u015f\u01312-300x197.jpg 300w, https:\/\/baraka.cc\/wp-content\/uploads\/2015\/12\/zamana-kar\u015f\u01312.jpg 700w\" sizes=\"(max-width: 270px) 100vw, 270px\" \/><\/a>2011 ABD yap\u0131m\u0131 olan Zamana Kar\u015f\u0131, gelecekteki bir zaman diliminde ger\u00e7ekle\u015fiyor. T\u00fcm insanlar 25 ya\u015f\u0131na geldiklerinde fiziksel ya\u015flanmay\u0131 durdurmak i\u00e7in hi\u00e7 durmadan \u00e7al\u0131\u015fmak zorundad\u0131rlar. Zaman onlar i\u00e7in para ve g\u00fc\u00e7 demektir. Zaman alabilmekte ve zaman satabilmektedirler. Bu yoz sistemde zenginler yine rahat\u00e7a ya\u015farken, fakir ve g\u00fc\u00e7s\u00fczler hayatta kalabilmek i\u00e7in adeta zaman dilenmekte hatta zaman \u00e7almaktad\u0131r. Aksi takdirde \u00f6lecekler ve onlar\u0131n ya\u015fayamad\u0131klar\u0131 zamanlar\u0131 da ba\u015fkalar\u0131na y\u00fcklenecektir. Ba\u015frol karakteri olan Will Salas (Justin Timberlake) de, bir hata sonucu cinayetten h\u00fck\u00fcm giyer ve hapishaneden kurtulmak i\u00e7in tek \u015fans\u0131 ger\u00e7ek y\u00fcz\u00fcn\u00fc g\u00f6rd\u00fc\u011f\u00fc sistemi \u00e7\u00f6kertmektir.<\/span><\/p>\n<p><a href=\"https:\/\/baraka.cc\/wp-content\/uploads\/2015\/12\/zamana-kar\u015f\u01311.jpg\"><img decoding=\"async\" loading=\"lazy\" class=\" wp-image-3777 alignright\" alt=\"zamana kar\u015f\u01311\" src=\"https:\/\/baraka.cc\/wp-content\/uploads\/2015\/12\/zamana-kar\u015f\u01311-300x192.jpg\" width=\"270\" height=\"173\" srcset=\"https:\/\/baraka.cc\/wp-content\/uploads\/2015\/12\/zamana-kar\u015f\u01311-300x192.jpg 300w, https:\/\/baraka.cc\/wp-content\/uploads\/2015\/12\/zamana-kar\u015f\u01311.jpg 500w\" sizes=\"(max-width: 270px) 100vw, 270px\" \/><\/a>Zengin-Fakir ayr\u0131m\u0131n\u0131 para yerine zaman koyarak i\u015fleyen, s\u0131n\u0131f ayr\u0131m\u0131 \u00fczerine keyifli sohbetlere imkan sunacak olan \u201cZamana Kar\u015f\u0131\u201d filmini birlikte izlemek isteyen t\u00fcm dostlar\u0131m\u0131z\u0131 2 Ocak Cumartesi ak\u015fam\u0131 19:00\u2019da Baraka K\u00fclt\u00fcr Merkezi\u2019ne bekleriz.<\/p>\n<p>&nbsp;<\/p>\n<p>&nbsp;<\/p>\n<p>&nbsp;<\/p>\n","protected":false},"excerpt":{"rendered":"<p>2016 y\u0131l\u0131n\u0131n ilk Cumartesi ak\u015fam\u0131nda, \u0130zle-Tart\u0131\u015f etkinli\u011fimiz kapsam\u0131nda \u00a0\u201cZamana Kar\u015f\u0131\u201d isimli filmi izliyoruz. 2011 ABD yap\u0131m\u0131 olan Zamana Kar\u015f\u0131, gelecekteki bir zaman diliminde ger\u00e7ekle\u015fiyor. T\u00fcm<\/p>\n","protected":false},"author":8,"featured_media":3776,"comment_status":"open","ping_status":"open","sticky":false,"template":"","format":"standard","meta":{"jetpack_post_was_ever_published":false,"_jetpack_newsletter_access":"","_jetpack_newsletter_tier_id":0,"jetpack_publicize_message":"","jetpack_is_tweetstorm":false,"jetpack_publicize_feature_enabled":true,"jetpack_social_post_already_shared":true,"jetpack_social_options":{"image_generator_settings":{"template":"highway","enabled":false}}},"categories":[20,45,9,28,60,1],"tags":[],"jetpack_publicize_connections":[],"jetpack_featured_media_url":"https:\/\/baraka.cc\/wp-content\/uploads\/2015\/12\/zamana-kar\u015f\u0131.jpg","jetpack_shortlink":"https:\/\/wp.me\/p4eHWX-YT","jetpack_sharing_enabled":true,"_links":{"self":[{"href":"https:\/\/baraka.cc\/index.php?rest_route=\/wp\/v2\/posts\/3775"}],"collection":[{"href":"https:\/\/baraka.cc\/index.php?rest_route=\/wp\/v2\/posts"}],"about":[{"href":"https:\/\/baraka.cc\/index.php?rest_route=\/wp\/v2\/types\/post"}],"author":[{"embeddable":true,"href":"https:\/\/baraka.cc\/index.php?rest_route=\/wp\/v2\/users\/8"}],"replies":[{"embeddable":true,"href":"https:\/\/baraka.cc\/index.php?rest_route=%2Fwp%2Fv2%2Fcomments&post=3775"}],"version-history":[{"count":6,"href":"https:\/\/baraka.cc\/index.php?rest_route=\/wp\/v2\/posts\/3775\/revisions"}],"predecessor-version":[{"id":3784,"href":"https:\/\/baraka.cc\/index.php?rest_route=\/wp\/v2\/posts\/3775\/revisions\/3784"}],"wp:featuredmedia":[{"embeddable":true,"href":"https:\/\/baraka.cc\/index.php?rest_route=\/wp\/v2\/media\/3776"}],"wp:attachment":[{"href":"https:\/\/baraka.cc\/index.php?rest_route=%2Fwp%2Fv2%2Fmedia&parent=3775"}],"wp:term":[{"taxonomy":"category","embeddable":true,"href":"https:\/\/baraka.cc\/index.php?rest_route=%2Fwp%2Fv2%2Fcategories&post=3775"},{"taxonomy":"post_tag","embeddable":true,"href":"https:\/\/baraka.cc\/index.php?rest_route=%2Fwp%2Fv2%2Ftags&post=3775"}],"curies":[{"name":"wp","href":"https:\/\/api.w.org\/{rel}","templated":true}]}}