{"id":3842,"date":"2016-01-28T18:10:47","date_gmt":"2016-01-28T16:10:47","guid":{"rendered":"https:\/\/baraka.cc\/?p=3842"},"modified":"2016-01-28T18:10:47","modified_gmt":"2016-01-28T16:10:47","slug":"sol-anahtari-unite-cyprus-festivalinde-sahne-alacak","status":"publish","type":"post","link":"https:\/\/baraka.cc\/?p=3842","title":{"rendered":"SOL ANAHTARI &#8220;UNITE CYPRUS&#8221; FEST\u0130VAL\u0130NDE SAHNE ALACAK"},"content":{"rendered":"<p><a href=\"https:\/\/baraka.cc\/wp-content\/uploads\/2016\/01\/12552546_874090382688804_7604370924200767813_n.jpg\"><img decoding=\"async\" loading=\"lazy\" class=\"size-medium wp-image-3843 alignleft\" style=\"border: 1px solid black;\" alt=\"12552546_874090382688804_7604370924200767813_n\" src=\"https:\/\/baraka.cc\/wp-content\/uploads\/2016\/01\/12552546_874090382688804_7604370924200767813_n-212x300.jpg\" width=\"212\" height=\"300\" srcset=\"https:\/\/baraka.cc\/wp-content\/uploads\/2016\/01\/12552546_874090382688804_7604370924200767813_n-212x300.jpg 212w, https:\/\/baraka.cc\/wp-content\/uploads\/2016\/01\/12552546_874090382688804_7604370924200767813_n.jpg 679w\" sizes=\"(max-width: 212px) 100vw, 212px\" \/><\/a>Toplumcu Demokrasi Partisi ile Demokratik Seferberlik Partisi (D\u0130S\u0130) adan\u0131n yeniden birle\u015fmesi ve bar\u0131\u015f temal\u0131 iki toplumlu festival d\u00fczenliyor.<\/p>\n<p>Festival, 30 Ocak Cumartesi g\u00fcn\u00fc Lefko\u015fa&#8217;n\u0131n kuzeyi ve g\u00fcneyinde e\u015f zamanl\u0131 olarak ger\u00e7ekle\u015fecek.\u00a0M\u00fczik, k\u00fclt\u00fcrel olaylar, sergiler, edebi olaylar ve el sanatlar\u0131n\u0131n yer alaca\u011f\u0131 festivalin a\u00e7\u0131l\u0131\u015f\u0131, TDP Genel Ba\u015fkan\u0131 Cemal \u00d6zyi\u011fit ve D\u0130S\u0130 Genel Ba\u015fkan\u0131 Averof Neofitu taraf\u0131ndan saat 11:00\u2019de Lokmac\u0131\u2019daki ara b\u00f6lgede birlikte ger\u00e7ekle\u015ftirilecek. Festivalin g\u00fcneydeki aya\u011f\u0131 Ledra Caddesi&#8217;nin sonunda, kuzeydeki aya\u011f\u0131 ise B\u00fcy\u00fck Han&#8217;\u0131n arkas\u0131ndaki meydanda ger\u00e7ekle\u015fecek.<\/p>\n<p>M\u00fczik grubumuz &#8220;Sol Anahtar\u0131&#8221;, B\u00fcy\u00fck Han Meydan\u0131&#8217;nda saat 13.30&#8217;da sahne alarak festivale destek verecek. T\u00fcm dostlar\u0131m\u0131z\u0131 festivale bekleriz.<\/p>\n","protected":false},"excerpt":{"rendered":"<p>Toplumcu Demokrasi Partisi ile Demokratik Seferberlik Partisi (D\u0130S\u0130) adan\u0131n yeniden birle\u015fmesi ve bar\u0131\u015f temal\u0131 iki toplumlu festival d\u00fczenliyor. Festival, 30 Ocak Cumartesi g\u00fcn\u00fc Lefko\u015fa&#8217;n\u0131n kuzeyi<\/p>\n","protected":false},"author":4,"featured_media":3449,"comment_status":"open","ping_status":"open","sticky":false,"template":"","format":"standard","meta":{"jetpack_post_was_ever_published":false,"_jetpack_newsletter_access":"","_jetpack_newsletter_tier_id":0,"jetpack_publicize_message":"","jetpack_is_tweetstorm":false,"jetpack_publicize_feature_enabled":true,"jetpack_social_post_already_shared":true,"jetpack_social_options":{"image_generator_settings":{"template":"highway","enabled":false}}},"categories":[1],"tags":[],"jetpack_publicize_connections":[],"jetpack_featured_media_url":"https:\/\/baraka.cc\/wp-content\/uploads\/2015\/08\/53.jpg","jetpack_shortlink":"https:\/\/wp.me\/p4eHWX-ZY","jetpack_sharing_enabled":true,"_links":{"self":[{"href":"https:\/\/baraka.cc\/index.php?rest_route=\/wp\/v2\/posts\/3842"}],"collection":[{"href":"https:\/\/baraka.cc\/index.php?rest_route=\/wp\/v2\/posts"}],"about":[{"href":"https:\/\/baraka.cc\/index.php?rest_route=\/wp\/v2\/types\/post"}],"author":[{"embeddable":true,"href":"https:\/\/baraka.cc\/index.php?rest_route=\/wp\/v2\/users\/4"}],"replies":[{"embeddable":true,"href":"https:\/\/baraka.cc\/index.php?rest_route=%2Fwp%2Fv2%2Fcomments&post=3842"}],"version-history":[{"count":2,"href":"https:\/\/baraka.cc\/index.php?rest_route=\/wp\/v2\/posts\/3842\/revisions"}],"predecessor-version":[{"id":3845,"href":"https:\/\/baraka.cc\/index.php?rest_route=\/wp\/v2\/posts\/3842\/revisions\/3845"}],"wp:featuredmedia":[{"embeddable":true,"href":"https:\/\/baraka.cc\/index.php?rest_route=\/wp\/v2\/media\/3449"}],"wp:attachment":[{"href":"https:\/\/baraka.cc\/index.php?rest_route=%2Fwp%2Fv2%2Fmedia&parent=3842"}],"wp:term":[{"taxonomy":"category","embeddable":true,"href":"https:\/\/baraka.cc\/index.php?rest_route=%2Fwp%2Fv2%2Fcategories&post=3842"},{"taxonomy":"post_tag","embeddable":true,"href":"https:\/\/baraka.cc\/index.php?rest_route=%2Fwp%2Fv2%2Ftags&post=3842"}],"curies":[{"name":"wp","href":"https:\/\/api.w.org\/{rel}","templated":true}]}}