{"id":3856,"date":"2016-02-01T09:55:49","date_gmt":"2016-02-01T07:55:49","guid":{"rendered":"https:\/\/baraka.cc\/?p=3856"},"modified":"2016-02-01T09:55:49","modified_gmt":"2016-02-01T07:55:49","slug":"feministival-basliyooor","status":"publish","type":"post","link":"https:\/\/baraka.cc\/?p=3856","title":{"rendered":"FEminiST\u0130VAL Ba\u015fl\u0131yooor!"},"content":{"rendered":"<p>Baraka K\u00fclt\u00fcr Merkezi\u2019nin organizat\u00f6rl\u00fc\u011f\u00fcn\u00fc yapt\u0131\u011f\u0131 FEminiST\u0130VAL 8 \u015eubat Pazartesi g\u00fcn\u00fc Lefko\u015fa AKM\u2019de \u00fccretsiz olarak seyirciyle bulu\u015facak. Bu y\u0131l ilki d\u00fczenlenecek ve 15 \u015eubat Pazartesi g\u00fcn\u00fcne kadar s\u00fcrecek olan festivalde kad\u0131n, LGBT ve \u00e7ocuk filmleri g\u00f6sterilecek olup, s\u00f6yle\u015filer ger\u00e7ekle\u015ftirilecek.<\/p>\n<p>8 \u015eubat Pazartesi saat 19.00\u2019da ger\u00e7ekle\u015fecek a\u00e7\u0131l\u0131\u015f kokteyli ve Baraka M\u00fczik Toplulu\u011fu Sol Anahtar\u0131\u2019n\u0131n k\u0131sa m\u00fczik dinletisinin ard\u0131ndan S\u0131rr\u0131 S\u00fcreyya \u00d6nder\u2019in senaristi oldu\u011fu \u201cO \u00c7ocuklar\u0131\u201d film g\u00f6sterimiyle ba\u015flayacak olan festivalin program\u0131 \u015f\u00f6yle;<\/p>\n<p><b><i>8 \u015eubat Pazartesi, Saat: 19.00 <\/i><\/b><\/p>\n<p>A\u00e7\u0131l\u0131\u015f kokteyli ve Sol Anahtar\u0131 m\u00fczik dinletisi<\/p>\n<p>A\u00e7\u0131l\u0131\u015f konu\u015fmas\u0131: Baraka aktivistleri \u015eifa Al\u00e7\u0131c\u0131o\u011flu ve Halide Erk\u0131van\u00e7<\/p>\n<p>&#8220;Seks K\u00f6leli\u011fi\/\u0130\u015f\u00e7ili\u011fi ve Gece Kul\u00fcpleri&#8221; konulu sunum: Baraka aktivistleri \u0130lke Olgun ve Zekiye \u015eent\u00fcrkler<\/p>\n<p>F\u0130LM: O \u00c7OCUKLARI (120&#8242; &#8211; T\u00fcrk\u00e7e)<\/p>\n<p><b><i>11 \u015eubat Per\u015fembe, Saat: 19.00 <\/i><\/b><\/p>\n<p>&#8220;Kad\u0131na Y\u00f6nelik \u015eiddet ve Hukuk\u201d konulu sunum ve s\u00f6yle\u015fi: Ba\u011f\u0131ms\u0131zl\u0131k Yolu \u00fcyesi, hukuk\u00e7u Cansu N. Nazl\u0131<\/p>\n<p>F\u0130LM: KADININ FEND\u0130 (Made In Dagenham &#8211; 113&#8242; &#8211; \u0130ngilizce, T\u00fck\u00e7e alt yaz\u0131l\u0131)<\/p>\n<p><b><i>13 \u015eubat Cumartesi, Saat: 15.00 <\/i><\/b><\/p>\n<p>\u201cNeoliberal Muhafazakarla\u015fma ve Kad\u0131n\u201d konulu sunum ve s\u00f6yle\u015fi: Baraka aktivisti Nazen \u015eansal<\/p>\n<p>F\u0130LM: K\u00dc\u00c7\u00dcK CADI K\u0130K\u0130 (102&#8242; &#8211; Animasyon &#8211; T\u00fcrk\u00e7e dublaj)<\/p>\n<p><b><i>15 \u015eubat Pazartesi, Saat: 19.00 <\/i><\/b><\/p>\n<p>\u201cKad\u0131n ve Multiple Skleroz (MS Hastal\u0131\u011f\u0131)&#8221; konulu sunum ve s\u00f6yle\u015fi: TIP-\u0130\u015e Ba\u015fkan\u0131 Dr. S\u0131la Usar<\/p>\n<p>F\u0130LM: ONUR (Pride &#8211; 120&#8242; &#8211; \u0130ngilizce, T\u00fcrk\u00e7e alt yaz\u0131l\u0131)<\/p>\n<p>&nbsp;<\/p>\n<p><b>NOT: \u00c7ocuklar\u0131n\u0131zla gelebilirsiniz. S\u00f6yle\u015fi ve filmler s\u00fcresince, \u00e7ocuk bak\u0131m\u0131 ve oyun, resim vb. etkinlikler yap\u0131lacakt\u0131r.\u00a0<\/b><\/p>\n<p>&nbsp;<\/p>\n<p><a href=\"https:\/\/baraka.cc\/wp-content\/uploads\/2016\/02\/FEST\u0130VAL-PROGRAM.jpg\"><img decoding=\"async\" loading=\"lazy\" class=\"alignnone size-medium wp-image-3858\" alt=\"FEST\u0130VAL PROGRAM\" src=\"https:\/\/baraka.cc\/wp-content\/uploads\/2016\/02\/FEST\u0130VAL-PROGRAM-212x300.jpg\" width=\"212\" height=\"300\" srcset=\"https:\/\/baraka.cc\/wp-content\/uploads\/2016\/02\/FEST\u0130VAL-PROGRAM-212x300.jpg 212w, https:\/\/baraka.cc\/wp-content\/uploads\/2016\/02\/FEST\u0130VAL-PROGRAM-726x1024.jpg 726w, https:\/\/baraka.cc\/wp-content\/uploads\/2016\/02\/FEST\u0130VAL-PROGRAM.jpg 1452w\" sizes=\"(max-width: 212px) 100vw, 212px\" \/><\/a><\/p>\n","protected":false},"excerpt":{"rendered":"<p>Baraka K\u00fclt\u00fcr Merkezi\u2019nin organizat\u00f6rl\u00fc\u011f\u00fcn\u00fc yapt\u0131\u011f\u0131 FEminiST\u0130VAL 8 \u015eubat Pazartesi g\u00fcn\u00fc Lefko\u015fa AKM\u2019de \u00fccretsiz olarak seyirciyle bulu\u015facak. Bu y\u0131l ilki d\u00fczenlenecek ve 15 \u015eubat Pazartesi g\u00fcn\u00fcne<\/p>\n","protected":false},"author":9,"featured_media":3857,"comment_status":"open","ping_status":"open","sticky":false,"template":"","format":"standard","meta":{"jetpack_post_was_ever_published":false,"_jetpack_newsletter_access":"","_jetpack_newsletter_tier_id":0,"jetpack_publicize_message":"","jetpack_is_tweetstorm":false,"jetpack_publicize_feature_enabled":true,"jetpack_social_post_already_shared":true,"jetpack_social_options":{"image_generator_settings":{"template":"highway","enabled":false}}},"categories":[9,1],"tags":[],"jetpack_publicize_connections":[],"jetpack_featured_media_url":"https:\/\/baraka.cc\/wp-content\/uploads\/2016\/02\/12364241_10153875291707445_1662456328_o.jpg","jetpack_shortlink":"https:\/\/wp.me\/p4eHWX-10c","jetpack_sharing_enabled":true,"_links":{"self":[{"href":"https:\/\/baraka.cc\/index.php?rest_route=\/wp\/v2\/posts\/3856"}],"collection":[{"href":"https:\/\/baraka.cc\/index.php?rest_route=\/wp\/v2\/posts"}],"about":[{"href":"https:\/\/baraka.cc\/index.php?rest_route=\/wp\/v2\/types\/post"}],"author":[{"embeddable":true,"href":"https:\/\/baraka.cc\/index.php?rest_route=\/wp\/v2\/users\/9"}],"replies":[{"embeddable":true,"href":"https:\/\/baraka.cc\/index.php?rest_route=%2Fwp%2Fv2%2Fcomments&post=3856"}],"version-history":[{"count":1,"href":"https:\/\/baraka.cc\/index.php?rest_route=\/wp\/v2\/posts\/3856\/revisions"}],"predecessor-version":[{"id":3859,"href":"https:\/\/baraka.cc\/index.php?rest_route=\/wp\/v2\/posts\/3856\/revisions\/3859"}],"wp:featuredmedia":[{"embeddable":true,"href":"https:\/\/baraka.cc\/index.php?rest_route=\/wp\/v2\/media\/3857"}],"wp:attachment":[{"href":"https:\/\/baraka.cc\/index.php?rest_route=%2Fwp%2Fv2%2Fmedia&parent=3856"}],"wp:term":[{"taxonomy":"category","embeddable":true,"href":"https:\/\/baraka.cc\/index.php?rest_route=%2Fwp%2Fv2%2Fcategories&post=3856"},{"taxonomy":"post_tag","embeddable":true,"href":"https:\/\/baraka.cc\/index.php?rest_route=%2Fwp%2Fv2%2Ftags&post=3856"}],"curies":[{"name":"wp","href":"https:\/\/api.w.org\/{rel}","templated":true}]}}