{"id":3869,"date":"2016-02-05T15:29:57","date_gmt":"2016-02-05T13:29:57","guid":{"rendered":"https:\/\/baraka.cc\/?p=3869"},"modified":"2016-02-05T15:29:57","modified_gmt":"2016-02-05T13:29:57","slug":"feministival-8-subat-pazartesi-basliyor","status":"publish","type":"post","link":"https:\/\/baraka.cc\/?p=3869","title":{"rendered":"FEminiST\u0130VAL 8 \u015eubat Pazartesi Ba\u015fl\u0131yor"},"content":{"rendered":"<p>Baraka K\u00fclt\u00fcr Merkezi\u2019nin organize etti\u011fi bu y\u0131l ilki d\u00fczenlenecek olan FEminiST\u0130VAL 8 \u015eubat Pazartesi saat 19.00\u2019da S\u0131rr\u0131 S\u00fcreyya \u00d6nder\u2019in senaristli\u011fini yapt\u0131\u011f\u0131 \u201cO \u00c7ocuklar\u0131\u201d film g\u00f6sterimi ile Lefko\u015fa AKM\u2019de ba\u015fl\u0131yor.<\/p>\n<p>Etkinlik a\u00e7\u0131l\u0131\u015f kokteyli ve Baraka M\u00fczik Toplulu\u011fu Sol Anahtar\u0131\u2019n\u0131n m\u00fczik dinletisinin ile ba\u015flayacakt\u0131r. Ard\u0131ndan Baraka aktivistleri \u015eifa Al\u00e7\u0131c\u0131o\u011flu ve Halide Erk\u0131van\u00e7\u2019\u0131n a\u00e7\u0131l\u0131\u015f konu\u015fmas\u0131n\u0131n ve yine Baraka aktivistleri \u0130lke Olgun ve Zekiye \u015eent\u00fcrkler &#8220;Seks K\u00f6leli\u011fi\/\u0130\u015f\u00e7ili\u011fi ve Gece Kul\u00fcpleri&#8221; konulu sunum ger\u00e7ekle\u015ftirecektir.<\/p>\n<p>S\u00f6yle\u015fi ve filmler s\u00fcresince kat\u0131l\u0131mc\u0131lar\u0131m\u0131z\u0131n \u00e7ocuklar\u0131 i\u00e7in oyun, resim vb. etkinlikler yap\u0131lacakt\u0131r.<\/p>\n<p>Ayr\u0131ca festival boyunca kurulacak olan standda Kad\u0131n S\u0131\u011f\u0131nma Evi yarar\u0131na Baraka K\u00fclt\u00fcr Merkezi \u00fcretimleri ve Baraka aktivistleri ile Kad\u0131n S\u0131\u011f\u0131nma Evi\u2019ndeki kad\u0131nlar\u0131n birlikte \u00fcrettikleri ke\u00e7eden rozet sat\u0131\u015f\u0131 yap\u0131lacakt\u0131r.<\/p>\n<p>Gece ise \u201cO \u00c7ocuklar\u0131\u201d film g\u00f6sterimiyle sona erecektir.<\/p>\n<p>Filmin konusu \u015fu \u015fekildedir; \u201c12 Eyl\u00fcl darbesinin ard\u0131ndan siyasi su\u00e7lu olarak aranan bir \u00e7ift, \u00e7\u00f6z\u00fcm\u00fc yurt d\u0131\u015f\u0131na ka\u00e7makta bulur. Ancak \u00e7ocuklar\u0131 onlar i\u00e7in en b\u00fcy\u00fck engeldir. Yurtd\u0131\u015f\u0131na ka\u00e7madan \u00f6nce onlar\u0131 b\u0131rakacaklar\u0131 g\u00fcvenli bir yer aray\u0131\u015f\u0131na girerler. Sonunda, eski bir hayat kad\u0131n\u0131 olan ve bu i\u015fi b\u0131rakt\u0131ktan sonra da hayat kad\u0131nlar\u0131n\u0131n \u00e7ocuklar\u0131na bakan Mehtap Anne\u2019nin evini se\u00e7erler. Kar\u0131-koca yurtd\u0131\u015f\u0131na ka\u00e7t\u0131ktan bir s\u00fcre sonra \u00e7ocuklar\u0131n\u0131 almas\u0131 i\u00e7in \u0130talyan bir k\u0131z\u0131 T\u00fcrkiye\u2019ye g\u00f6nderirler. \u0130talyan k\u0131z, \u00e7ocu\u011fu \u2018Emanet\u00e7i Anne\u2019nin yuvas\u0131ndan al\u0131p ailesine g\u00f6t\u00fcrmek isterken kendisini hi\u00e7 beklemedi\u011fi olaylar\u0131n ortas\u0131nda bulur\u2026\u201d<\/p>\n<p><a href=\"https:\/\/baraka.cc\/wp-content\/uploads\/2016\/02\/FEST\u0130VAL-PROGRAM.jpg\"><img decoding=\"async\" loading=\"lazy\" class=\"alignnone size-medium wp-image-3858\" alt=\"FEST\u0130VAL PROGRAM\" src=\"https:\/\/baraka.cc\/wp-content\/uploads\/2016\/02\/FEST\u0130VAL-PROGRAM-212x300.jpg\" width=\"212\" height=\"300\" srcset=\"https:\/\/baraka.cc\/wp-content\/uploads\/2016\/02\/FEST\u0130VAL-PROGRAM-212x300.jpg 212w, https:\/\/baraka.cc\/wp-content\/uploads\/2016\/02\/FEST\u0130VAL-PROGRAM-726x1024.jpg 726w, https:\/\/baraka.cc\/wp-content\/uploads\/2016\/02\/FEST\u0130VAL-PROGRAM.jpg 1452w\" sizes=\"(max-width: 212px) 100vw, 212px\" \/><a href=\"https:\/\/baraka.cc\/wp-content\/uploads\/2016\/02\/O-\u00c7ocuklar-Film-Afi\u015f.jpg\"><img decoding=\"async\" loading=\"lazy\" class=\"alignnone size-medium wp-image-3870\" alt=\"O \u00c7ocuklar Film Afi\u015f\" src=\"https:\/\/baraka.cc\/wp-content\/uploads\/2016\/02\/O-\u00c7ocuklar-Film-Afi\u015f-225x300.jpg\" width=\"225\" height=\"300\" srcset=\"https:\/\/baraka.cc\/wp-content\/uploads\/2016\/02\/O-\u00c7ocuklar-Film-Afi\u015f-225x300.jpg 225w, https:\/\/baraka.cc\/wp-content\/uploads\/2016\/02\/O-\u00c7ocuklar-Film-Afi\u015f.jpg 450w\" sizes=\"(max-width: 225px) 100vw, 225px\" \/><\/a><\/a><\/p>\n<p>&nbsp;<\/p>\n","protected":false},"excerpt":{"rendered":"<p>Baraka K\u00fclt\u00fcr Merkezi\u2019nin organize etti\u011fi bu y\u0131l ilki d\u00fczenlenecek olan FEminiST\u0130VAL 8 \u015eubat Pazartesi saat 19.00\u2019da S\u0131rr\u0131 S\u00fcreyya \u00d6nder\u2019in senaristli\u011fini yapt\u0131\u011f\u0131 \u201cO \u00c7ocuklar\u0131\u201d film g\u00f6sterimi<\/p>\n","protected":false},"author":9,"featured_media":3857,"comment_status":"open","ping_status":"open","sticky":false,"template":"","format":"standard","meta":{"jetpack_post_was_ever_published":false,"_jetpack_newsletter_access":"","_jetpack_newsletter_tier_id":0,"jetpack_publicize_message":"","jetpack_is_tweetstorm":false,"jetpack_publicize_feature_enabled":true,"jetpack_social_post_already_shared":true,"jetpack_social_options":{"image_generator_settings":{"template":"highway","enabled":false}}},"categories":[9,1],"tags":[],"jetpack_publicize_connections":[],"jetpack_featured_media_url":"https:\/\/baraka.cc\/wp-content\/uploads\/2016\/02\/12364241_10153875291707445_1662456328_o.jpg","jetpack_shortlink":"https:\/\/wp.me\/p4eHWX-10p","jetpack_sharing_enabled":true,"_links":{"self":[{"href":"https:\/\/baraka.cc\/index.php?rest_route=\/wp\/v2\/posts\/3869"}],"collection":[{"href":"https:\/\/baraka.cc\/index.php?rest_route=\/wp\/v2\/posts"}],"about":[{"href":"https:\/\/baraka.cc\/index.php?rest_route=\/wp\/v2\/types\/post"}],"author":[{"embeddable":true,"href":"https:\/\/baraka.cc\/index.php?rest_route=\/wp\/v2\/users\/9"}],"replies":[{"embeddable":true,"href":"https:\/\/baraka.cc\/index.php?rest_route=%2Fwp%2Fv2%2Fcomments&post=3869"}],"version-history":[{"count":1,"href":"https:\/\/baraka.cc\/index.php?rest_route=\/wp\/v2\/posts\/3869\/revisions"}],"predecessor-version":[{"id":3871,"href":"https:\/\/baraka.cc\/index.php?rest_route=\/wp\/v2\/posts\/3869\/revisions\/3871"}],"wp:featuredmedia":[{"embeddable":true,"href":"https:\/\/baraka.cc\/index.php?rest_route=\/wp\/v2\/media\/3857"}],"wp:attachment":[{"href":"https:\/\/baraka.cc\/index.php?rest_route=%2Fwp%2Fv2%2Fmedia&parent=3869"}],"wp:term":[{"taxonomy":"category","embeddable":true,"href":"https:\/\/baraka.cc\/index.php?rest_route=%2Fwp%2Fv2%2Fcategories&post=3869"},{"taxonomy":"post_tag","embeddable":true,"href":"https:\/\/baraka.cc\/index.php?rest_route=%2Fwp%2Fv2%2Ftags&post=3869"}],"curies":[{"name":"wp","href":"https:\/\/api.w.org\/{rel}","templated":true}]}}