{"id":3886,"date":"2016-02-12T11:07:41","date_gmt":"2016-02-12T09:07:41","guid":{"rendered":"https:\/\/baraka.cc\/?p=3886"},"modified":"2016-02-12T11:07:41","modified_gmt":"2016-02-12T09:07:41","slug":"feministival-yogun-ilgi-ile-devam-ediyor","status":"publish","type":"post","link":"https:\/\/baraka.cc\/?p=3886","title":{"rendered":"FEminiST\u0130VAL Yo\u011fun \u0130lgi ile Devam Ediyor"},"content":{"rendered":"<p>Yo\u011fun ilgi ile devam eden feministivalde 11 \u015eubat Per\u015fembe ak\u015fam\u0131 Lefko\u015fa AKM\u2019de \u201cMade in Dagenham (Kad\u0131n\u0131n Fendi)\u201d film g\u00f6sterimi ger\u00e7ekle\u015ftirildi. G\u00f6steriminin \u00f6ncesinde kad\u0131na y\u00f6nelik \u015fiddet durumunda hukuki prosed\u00fcr\u00fc aktaran Ba\u011f\u0131ms\u0131zl\u0131k Yolu aktivisti hukuk\u00e7u Cansu Nazl\u0131, pratikte kar\u015f\u0131la\u015f\u0131lan sorunlara de\u011findi. Sunumun ard\u0131ndan ge\u00e7ilen s\u00f6yle\u015fi k\u0131sm\u0131nda ise devletin kendi yapt\u0131raca\u011f\u0131 kad\u0131n s\u0131\u011f\u0131nma evinin proje \u00e7izimlerine \u201cyetersiz b\u00fct\u00e7e\u201d gerek\u00e7esiyle uzun s\u00fcredir ba\u015flamad\u0131\u011f\u0131 ve proje \u00e7izimleri i\u00e7in g\u00f6n\u00fcll\u00fc in\u015faat m\u00fchendisleri arand\u0131\u011f\u0131na da dikkat \u00e7ekildi.<\/p>\n<p><b>Festival \u00e7ocuk filmi ile devam ediyor<\/b><\/p>\n<p>13 \u015eubat Cumartesi saat 15.00\u2019da AKM\u2019de ger\u00e7ekle\u015fecek olan \u201cK\u00fc\u00e7\u00fck Cad\u0131 Kiki\u201d film g\u00f6sterimi \u00f6ncesinde Baraka aktivisti Nazen \u015eansal ile \u201cNeoliberal Muhafazakarla\u015fma ve Kad\u0131n\u201d konulu sunum ve s\u00f6yle\u015fi ger\u00e7ekle\u015ftirilecek. Sunum ve s\u00f6yle\u015fi s\u00fcresince, \u00e7ocuk bak\u0131m\u0131 ve oyun, resim vb. etkinlikler yap\u0131lacakt\u0131r.<\/p>\n<p>Filmin konusu;<\/p>\n<p>\u201cKiki on\u00fc\u00e7 ya\u015f\u0131nda bir cad\u0131d\u0131r. Geleneklerine g\u00f6re cad\u0131l\u0131k e\u011fitimini tamamlayarak tam bir cad\u0131 olabilmesi i\u00e7in bir y\u0131l ailesinden ayr\u0131 olarak kendi se\u00e7ece\u011fi bir \u015fehirde ya\u015famas\u0131 gerekmektedir. Kiki, kedisi Jiji ile annesinin hediye ettigi s\u00fcp\u00fcrgeye binerek evinden ayr\u0131l\u0131r ve deniz kenar\u0131nda, ba\u015fka cad\u0131s\u0131 olmayan bir \u015fehirde karar k\u0131lar. Kiki, \u015fehirde u\u00e7ma yetene\u011finden faydalanaca\u011f\u0131 bir kurye servisi a\u00e7mak istemektedir. \u015eehirdeki ilk g\u00fcn\u00fcnde tan\u0131\u015ft\u0131\u011f\u0131 birinin f\u0131r\u0131n\u0131nda ona yard\u0131mc\u0131 olurken ayn\u0131 zamanda hayalini kurdu\u011fu i\u015fi yapmaya ba\u015flar ve zamanla cad\u0131l\u0131k yeteneklerini kaybetti\u011fini fark eder. Yeteneklerini tekrar kazanmaya \u00e7al\u0131\u015f\u0131rken bir arkada\u015f\u0131n\u0131n da hayat\u0131n\u0131 kurtarmas\u0131 gerekir.<\/p>\n<p>Y\u00f6netmene g\u00f6re film, Japon gen\u00e7lerinin \u00e7ocukluktan \u00e7\u0131karken aile ba\u011fl\u0131l\u0131\u011f\u0131 ve \u00f6zg\u00fcrl\u00fck aras\u0131nda s\u0131k\u0131\u015ft\u0131klar\u0131 girdaba de\u011finmektedir. Ya\u015f temas\u0131n\u0131n \u00f6tesinde, film gen\u00e7lerin yarat\u0131c\u0131l\u0131k ve yeteneklerinin do\u011fas\u0131 ve her gencin \u015fans, \u00e7ok \u00e7al\u0131\u015fma veya \u00f6zg\u00fcven yoluyla kendi ki\u015filiklerini bulma \u00e7abas\u0131n\u0131 anlatmaya \u00e7al\u0131\u015fmaktad\u0131r.\u201d<\/p>\n<p>&nbsp;<\/p>\n<p>Not: Ayr\u0131ca festival boyunca kurulacak olan standda Kad\u0131n S\u0131\u011f\u0131nma Evi yarar\u0131na Baraka K\u00fclt\u00fcr Merkezi \u00fcretimleri ve Baraka aktivistleri ile Kad\u0131n S\u0131\u011f\u0131nma Evi\u2019ndeki kad\u0131nlar\u0131n birlikte \u00fcrettikleri ke\u00e7eden rozet sat\u0131\u015f\u0131 yap\u0131lacakt\u0131r.<\/p>\n<p>&nbsp;<\/p>\n<p><a href=\"https:\/\/baraka.cc\/wp-content\/uploads\/2016\/02\/11.jpg\"><img decoding=\"async\" loading=\"lazy\" class=\"alignnone size-medium wp-image-3887\" alt=\"1\" src=\"https:\/\/baraka.cc\/wp-content\/uploads\/2016\/02\/11-300x131.jpg\" width=\"300\" height=\"131\" srcset=\"https:\/\/baraka.cc\/wp-content\/uploads\/2016\/02\/11-300x131.jpg 300w, https:\/\/baraka.cc\/wp-content\/uploads\/2016\/02\/11-1024x449.jpg 1024w, https:\/\/baraka.cc\/wp-content\/uploads\/2016\/02\/11.jpg 1136w\" sizes=\"(max-width: 300px) 100vw, 300px\" \/><\/a> <a href=\"https:\/\/baraka.cc\/wp-content\/uploads\/2016\/02\/21.jpg\"><img decoding=\"async\" loading=\"lazy\" class=\"alignnone size-medium wp-image-3888\" alt=\"2\" src=\"https:\/\/baraka.cc\/wp-content\/uploads\/2016\/02\/21-166x300.jpg\" width=\"166\" height=\"300\" srcset=\"https:\/\/baraka.cc\/wp-content\/uploads\/2016\/02\/21-166x300.jpg 166w, https:\/\/baraka.cc\/wp-content\/uploads\/2016\/02\/21-567x1024.jpg 567w, https:\/\/baraka.cc\/wp-content\/uploads\/2016\/02\/21.jpg 630w\" sizes=\"(max-width: 166px) 100vw, 166px\" \/><\/a> <a href=\"https:\/\/baraka.cc\/wp-content\/uploads\/2016\/02\/31.jpg\"><img decoding=\"async\" loading=\"lazy\" class=\"alignnone size-medium wp-image-3889\" alt=\"3\" src=\"https:\/\/baraka.cc\/wp-content\/uploads\/2016\/02\/31-300x229.jpg\" width=\"300\" height=\"229\" srcset=\"https:\/\/baraka.cc\/wp-content\/uploads\/2016\/02\/31-300x229.jpg 300w, https:\/\/baraka.cc\/wp-content\/uploads\/2016\/02\/31-1024x782.jpg 1024w, https:\/\/baraka.cc\/wp-content\/uploads\/2016\/02\/31.jpg 1136w\" sizes=\"(max-width: 300px) 100vw, 300px\" \/><\/a> <a href=\"https:\/\/baraka.cc\/wp-content\/uploads\/2016\/02\/41.jpg\"><img decoding=\"async\" loading=\"lazy\" class=\"alignnone size-medium wp-image-3890\" alt=\"4\" src=\"https:\/\/baraka.cc\/wp-content\/uploads\/2016\/02\/41-300x224.jpg\" width=\"300\" height=\"224\" srcset=\"https:\/\/baraka.cc\/wp-content\/uploads\/2016\/02\/41-300x224.jpg 300w, https:\/\/baraka.cc\/wp-content\/uploads\/2016\/02\/41-1024x768.jpg 1024w, https:\/\/baraka.cc\/wp-content\/uploads\/2016\/02\/41.jpg 1136w\" sizes=\"(max-width: 300px) 100vw, 300px\" \/><\/a><\/p>\n","protected":false},"excerpt":{"rendered":"<p>Yo\u011fun ilgi ile devam eden feministivalde 11 \u015eubat Per\u015fembe ak\u015fam\u0131 Lefko\u015fa AKM\u2019de \u201cMade in Dagenham (Kad\u0131n\u0131n Fendi)\u201d film g\u00f6sterimi ger\u00e7ekle\u015ftirildi. G\u00f6steriminin \u00f6ncesinde kad\u0131na y\u00f6nelik \u015fiddet<\/p>\n","protected":false},"author":9,"featured_media":3887,"comment_status":"open","ping_status":"open","sticky":false,"template":"","format":"standard","meta":{"jetpack_post_was_ever_published":false,"_jetpack_newsletter_access":"","_jetpack_newsletter_tier_id":0,"jetpack_publicize_message":"","jetpack_is_tweetstorm":false,"jetpack_publicize_feature_enabled":true,"jetpack_social_post_already_shared":true,"jetpack_social_options":{"image_generator_settings":{"template":"highway","enabled":false}}},"categories":[9,1],"tags":[],"jetpack_publicize_connections":[],"jetpack_featured_media_url":"https:\/\/baraka.cc\/wp-content\/uploads\/2016\/02\/11.jpg","jetpack_shortlink":"https:\/\/wp.me\/p4eHWX-10G","jetpack_sharing_enabled":true,"_links":{"self":[{"href":"https:\/\/baraka.cc\/index.php?rest_route=\/wp\/v2\/posts\/3886"}],"collection":[{"href":"https:\/\/baraka.cc\/index.php?rest_route=\/wp\/v2\/posts"}],"about":[{"href":"https:\/\/baraka.cc\/index.php?rest_route=\/wp\/v2\/types\/post"}],"author":[{"embeddable":true,"href":"https:\/\/baraka.cc\/index.php?rest_route=\/wp\/v2\/users\/9"}],"replies":[{"embeddable":true,"href":"https:\/\/baraka.cc\/index.php?rest_route=%2Fwp%2Fv2%2Fcomments&post=3886"}],"version-history":[{"count":1,"href":"https:\/\/baraka.cc\/index.php?rest_route=\/wp\/v2\/posts\/3886\/revisions"}],"predecessor-version":[{"id":3891,"href":"https:\/\/baraka.cc\/index.php?rest_route=\/wp\/v2\/posts\/3886\/revisions\/3891"}],"wp:featuredmedia":[{"embeddable":true,"href":"https:\/\/baraka.cc\/index.php?rest_route=\/wp\/v2\/media\/3887"}],"wp:attachment":[{"href":"https:\/\/baraka.cc\/index.php?rest_route=%2Fwp%2Fv2%2Fmedia&parent=3886"}],"wp:term":[{"taxonomy":"category","embeddable":true,"href":"https:\/\/baraka.cc\/index.php?rest_route=%2Fwp%2Fv2%2Fcategories&post=3886"},{"taxonomy":"post_tag","embeddable":true,"href":"https:\/\/baraka.cc\/index.php?rest_route=%2Fwp%2Fv2%2Ftags&post=3886"}],"curies":[{"name":"wp","href":"https:\/\/api.w.org\/{rel}","templated":true}]}}