{"id":3949,"date":"2016-02-20T20:38:24","date_gmt":"2016-02-20T18:38:24","guid":{"rendered":"https:\/\/baraka.cc\/?p=3949"},"modified":"2016-02-20T20:38:24","modified_gmt":"2016-02-20T18:38:24","slug":"vekilleri-oy-vermemeye-dernekleri-karsi-durmaya-cagiririz-2","status":"publish","type":"post","link":"https:\/\/baraka.cc\/?p=3949","title":{"rendered":"VEK\u0130LLER\u0130 OY VERMEMEYE DERNEKLER\u0130 KAR\u015eI DURMAYA \u00c7A\u011eIRIRIZ"},"content":{"rendered":"<p>DERNEKLER YASA TASARISI HAKKINDA BASIN B\u0130LD\u0130R\u0130S\u0130<\/p>\n<p>Bir s\u00fcredir Meclis&#8217;in Avrupa Birli\u011fine Uyum Komitesi&#8217;nin g\u00fcndeminde bulunan Dernekler Yasas\u0131, duyarl\u0131 \u00f6rg\u00fctlerin katk\u0131lar\u0131na ve uyar\u0131lar\u0131na ra\u011fmen yine anti demokratik ve \u00f6rg\u00fctlenme hak ve \u00f6zg\u00fcrl\u00fc\u011f\u00fcne ayk\u0131r\u0131 bir \u015fekilde d\u00fczenlendi. Pazartesi g\u00fcn\u00fc oylanmak \u00fczere Meclis Genel Kurulu&#8217;na sevk edilen yasa tasar\u0131s\u0131, Komiteye iletti\u011fimiz detayl\u0131 yaz\u0131l\u0131 g\u00f6r\u00fc\u015f ve \u00f6nerilerimizde de belirti\u011fimiz gibi, devletin, dernekler \u00fczerinde bask\u0131c\u0131 bir denetimini ve derneklerin i\u00e7 i\u015fleyi\u015fine gereksiz m\u00fcdahalesini \u00f6ng\u00f6rmekte.<\/p>\n<p>Yasan\u0131n aynen ge\u00e7mesi halinde dernekler, her y\u0131l, Kaymakaml\u0131\u011fa, ne i\u00e7erece\u011fi yasada belirtilmeyen bir rapor sunmak zorunda b\u0131rak\u0131lacak ve bu raporu sunamazlarsa, mahkeme karar\u0131na bile gerek olmadan, asgari \u00fccretin be\u015fte biri oran\u0131nda para cezas\u0131na \u00e7arpt\u0131r\u0131lacak. Yasada, en temel insan hakk\u0131 olan \u00f6rg\u00fctlenme hakk\u0131, Kaymakaml\u0131\u011f\u0131n onay\u0131na ve asgari \u00fccretin %5&#8217;i oran\u0131nda haraca ba\u011flan\u0131rken, derneklerin \u015fube a\u00e7mas\u0131 da zorla\u015fmakta. Derneklerin kapat\u0131lmas\u0131 ise &#8220;y\u00fcr\u00fcrl\u00fckteki mevzuat\u0131n herhangi bir kural\u0131na ayk\u0131r\u0131l\u0131k&#8221; \u015feklinde \u00e7ok geni\u015f tutulmakta. Yasa kurallar\u0131na uymayan derneklere, mahkeme karar\u0131 dahi olmadan asgari \u00fccretin \u00fc\u00e7te birine kadar cezalar\u0131n \u00f6ng\u00f6r\u00fcld\u00fc\u011f\u00fc yasada, Kaymakaml\u0131\u011fa, derneklerin i\u00e7 i\u015fleyi\u015fi ile ilgili geni\u015f denetim yetkisi veriliyor. Ayr\u0131ca her \u00f6rg\u00fct\u00fcn kendi i\u00e7 huku\u011funa ve t\u00fcz\u00fc\u011f\u00fcne g\u00f6re \u00fcyeleri ile kuraca\u011f\u0131 ili\u015fkiye de kar\u0131\u015f\u0131larak, derneklerin \u00fcyelerine neleri bildirece\u011fi de yasa ile kural alt\u0131na al\u0131n\u0131yor.<\/p>\n<p>T\u00fcm bu gerek\u00e7elerle, \u00f6rg\u00fctlenme hakk\u0131na inanan vekilleri Dernekler Yasa Tasar\u0131s\u0131na olumlu oy vermemeye ve dernekleri de bu yasan\u0131n Meclis&#8217;ten bu \u015fekilde ge\u00e7mesine kar\u015f\u0131 durmaya \u00e7a\u011f\u0131r\u0131r\u0131z.<\/p>\n<p>Baraka K\u00fclt\u00fcr Merkezi<\/p>\n","protected":false},"excerpt":{"rendered":"<p>DERNEKLER YASA TASARISI HAKKINDA BASIN B\u0130LD\u0130R\u0130S\u0130 Bir s\u00fcredir Meclis&#8217;in Avrupa Birli\u011fine Uyum Komitesi&#8217;nin g\u00fcndeminde bulunan Dernekler Yasas\u0131, duyarl\u0131 \u00f6rg\u00fctlerin katk\u0131lar\u0131na ve uyar\u0131lar\u0131na ra\u011fmen yine anti<\/p>\n","protected":false},"author":3,"featured_media":3945,"comment_status":"open","ping_status":"open","sticky":false,"template":"","format":"standard","meta":{"jetpack_post_was_ever_published":false,"_jetpack_newsletter_access":"","_jetpack_newsletter_tier_id":0,"jetpack_publicize_message":"","jetpack_is_tweetstorm":false,"jetpack_publicize_feature_enabled":true,"jetpack_social_post_already_shared":true,"jetpack_social_options":{"image_generator_settings":{"template":"highway","enabled":false}}},"categories":[41,9,1],"tags":[],"jetpack_publicize_connections":[],"jetpack_featured_media_url":"https:\/\/baraka.cc\/wp-content\/uploads\/2016\/02\/329868-3-4-f3ed1.jpg","jetpack_shortlink":"https:\/\/wp.me\/p4eHWX-11H","jetpack_sharing_enabled":true,"_links":{"self":[{"href":"https:\/\/baraka.cc\/index.php?rest_route=\/wp\/v2\/posts\/3949"}],"collection":[{"href":"https:\/\/baraka.cc\/index.php?rest_route=\/wp\/v2\/posts"}],"about":[{"href":"https:\/\/baraka.cc\/index.php?rest_route=\/wp\/v2\/types\/post"}],"author":[{"embeddable":true,"href":"https:\/\/baraka.cc\/index.php?rest_route=\/wp\/v2\/users\/3"}],"replies":[{"embeddable":true,"href":"https:\/\/baraka.cc\/index.php?rest_route=%2Fwp%2Fv2%2Fcomments&post=3949"}],"version-history":[{"count":2,"href":"https:\/\/baraka.cc\/index.php?rest_route=\/wp\/v2\/posts\/3949\/revisions"}],"predecessor-version":[{"id":3951,"href":"https:\/\/baraka.cc\/index.php?rest_route=\/wp\/v2\/posts\/3949\/revisions\/3951"}],"wp:featuredmedia":[{"embeddable":true,"href":"https:\/\/baraka.cc\/index.php?rest_route=\/wp\/v2\/media\/3945"}],"wp:attachment":[{"href":"https:\/\/baraka.cc\/index.php?rest_route=%2Fwp%2Fv2%2Fmedia&parent=3949"}],"wp:term":[{"taxonomy":"category","embeddable":true,"href":"https:\/\/baraka.cc\/index.php?rest_route=%2Fwp%2Fv2%2Fcategories&post=3949"},{"taxonomy":"post_tag","embeddable":true,"href":"https:\/\/baraka.cc\/index.php?rest_route=%2Fwp%2Fv2%2Ftags&post=3949"}],"curies":[{"name":"wp","href":"https:\/\/api.w.org\/{rel}","templated":true}]}}