{"id":3961,"date":"2016-02-22T20:32:35","date_gmt":"2016-02-22T18:32:35","guid":{"rendered":"https:\/\/baraka.cc\/?p=3961"},"modified":"2016-02-22T20:32:35","modified_gmt":"2016-02-22T18:32:35","slug":"8-mart-suffragette-diren","status":"publish","type":"post","link":"https:\/\/baraka.cc\/?p=3961","title":{"rendered":"8 MART; SUFFRAGETTE \/ D\u0130REN"},"content":{"rendered":"<p style=\"text-align: center;\"><b><a href=\"https:\/\/baraka.cc\/wp-content\/uploads\/2016\/02\/suffragette1.jpg\"><img decoding=\"async\" loading=\"lazy\" class=\"size-medium wp-image-3919 aligncenter\" alt=\"suffragette1\" src=\"https:\/\/baraka.cc\/wp-content\/uploads\/2016\/02\/suffragette1-300x150.jpg\" width=\"300\" height=\"150\" srcset=\"https:\/\/baraka.cc\/wp-content\/uploads\/2016\/02\/suffragette1-300x150.jpg 300w, https:\/\/baraka.cc\/wp-content\/uploads\/2016\/02\/suffragette1.jpg 660w\" sizes=\"(max-width: 300px) 100vw, 300px\" \/><\/a>Baraka K\u00fclt\u00fcr Merkezi\u2019nin her ay\u0131n ilk Cumartesi ak\u015fam\u0131 ger\u00e7ekle\u015ftirilen \u0130zle-Tart\u0131\u015f etkinli\u011fi kesintisiz bir \u015fekilde devam ediyor. Kat\u0131l\u0131mc\u0131lar\u0131n \u00f6nerdikleri filmlerden se\u00e7ilen g\u00f6sterimlerde \u00f6zel g\u00fcnler i\u00e7in de \u00f6zel se\u00e7imler yap\u0131labiliyor. Bu yolda ilerlerken etkinli\u011fin Mart ay\u0131 filmi olarak da, 8 Mart D\u00fcnya Emek\u00e7i Kad\u0131nlar G\u00fcn\u00fc dolay\u0131s\u0131 ile, Suffragette \/ Diren isimli film se\u00e7ildi.<\/b><\/p>\n<p>&nbsp;<\/p>\n<p>Maud, hastal\u0131klara ve yaralanmalara s\u0131k s\u0131k rastlanan bir \u00e7ama\u015f\u0131rhanede 7 ya\u015f\u0131ndan beri \u00e7al\u0131\u015fmaktad\u0131r. Ayn\u0131 \u00e7ama\u015f\u0131rhanede \u00e7al\u0131\u015fan George ile evli olan Maud\u2019un hayatta en b\u00fcy\u00fck dayana\u011f\u0131 o\u011flu Sonny\u2019dir. Bir paketi teslim etmeye giderken eylem yapan s\u00fcfrajetlerin aras\u0131nda kal\u0131r ve eylemciler aras\u0131nda kendisiyle ayn\u0131 \u00e7ama\u015f\u0131rhanede \u00e7al\u0131\u015fan Violet\u2019\u0131 g\u00f6r\u00fcr. Maud\u2019un harekete olan ilgisini fark eden Violet, onu oy haklar\u0131n\u0131 savunmaya ikna etmeye \u00e7al\u0131\u015f\u0131r.<\/p>\n<p>S\u00fcfrajetlerin i\u00e7inde s\u00f6zc\u00fcl\u00fck yap\u0131p eylemlerde \u00f6n plana \u00e7\u0131kmas\u0131 nedeniyle g\u00f6ze batan Maud, bir g\u00f6steriden sonra tutuklan\u0131r ve bir hafta hapiste kal\u0131r. Hapishaneden \u00e7\u0131kt\u0131\u011f\u0131nda i\u015fler daha da kar\u0131\u015f\u0131r; \u00e7\u00fcnk\u00fc kocas\u0131 onu ne eve al\u0131r, ne de o\u011flunu g\u00f6rmesine izin verir. Maud\u2019un adaletsizli\u011fe kar\u015f\u0131 duydu\u011fu \u00f6fke, onu hareketin lideri olan Emmeline ile tan\u0131\u015fmaya dek g\u00f6t\u00fcrecektir.<\/p>\n<p>&nbsp;<\/p>\n<p><b>Ge\u00e7mi\u015ften g\u00fcn\u00fcm\u00fcze kad\u0131n m\u00fccadelesini de izleyici ile bulu\u015fturan filmi birlikte izlemek, kad\u0131nlar\u0131n bitmeyen g\u00fcc\u00fcne ve m\u00fccadelesine katk\u0131da bulunmak isteyen herkesi 5 Mart Cumartesi ak\u015fam\u0131 19:00\u2019da Baraka K\u00fclt\u00fcr Merkezinde bulu\u015fmaya davet ediyoruz.<\/b><\/p>\n","protected":false},"excerpt":{"rendered":"<p>Baraka K\u00fclt\u00fcr Merkezi\u2019nin her ay\u0131n ilk Cumartesi ak\u015fam\u0131 ger\u00e7ekle\u015ftirilen \u0130zle-Tart\u0131\u015f etkinli\u011fi kesintisiz bir \u015fekilde devam ediyor. Kat\u0131l\u0131mc\u0131lar\u0131n \u00f6nerdikleri filmlerden se\u00e7ilen g\u00f6sterimlerde \u00f6zel g\u00fcnler i\u00e7in de<\/p>\n","protected":false},"author":8,"featured_media":3963,"comment_status":"open","ping_status":"open","sticky":false,"template":"","format":"standard","meta":{"jetpack_post_was_ever_published":false,"_jetpack_newsletter_access":"","_jetpack_newsletter_tier_id":0,"jetpack_publicize_message":"","jetpack_is_tweetstorm":false,"jetpack_publicize_feature_enabled":true,"jetpack_social_post_already_shared":true,"jetpack_social_options":{"image_generator_settings":{"template":"highway","enabled":false}}},"categories":[20,46,45,9,28,60,1],"tags":[],"jetpack_publicize_connections":[],"jetpack_featured_media_url":"https:\/\/baraka.cc\/wp-content\/uploads\/2016\/02\/Direnn.jpg","jetpack_shortlink":"https:\/\/wp.me\/p4eHWX-11T","jetpack_sharing_enabled":true,"_links":{"self":[{"href":"https:\/\/baraka.cc\/index.php?rest_route=\/wp\/v2\/posts\/3961"}],"collection":[{"href":"https:\/\/baraka.cc\/index.php?rest_route=\/wp\/v2\/posts"}],"about":[{"href":"https:\/\/baraka.cc\/index.php?rest_route=\/wp\/v2\/types\/post"}],"author":[{"embeddable":true,"href":"https:\/\/baraka.cc\/index.php?rest_route=\/wp\/v2\/users\/8"}],"replies":[{"embeddable":true,"href":"https:\/\/baraka.cc\/index.php?rest_route=%2Fwp%2Fv2%2Fcomments&post=3961"}],"version-history":[{"count":1,"href":"https:\/\/baraka.cc\/index.php?rest_route=\/wp\/v2\/posts\/3961\/revisions"}],"predecessor-version":[{"id":3962,"href":"https:\/\/baraka.cc\/index.php?rest_route=\/wp\/v2\/posts\/3961\/revisions\/3962"}],"wp:featuredmedia":[{"embeddable":true,"href":"https:\/\/baraka.cc\/index.php?rest_route=\/wp\/v2\/media\/3963"}],"wp:attachment":[{"href":"https:\/\/baraka.cc\/index.php?rest_route=%2Fwp%2Fv2%2Fmedia&parent=3961"}],"wp:term":[{"taxonomy":"category","embeddable":true,"href":"https:\/\/baraka.cc\/index.php?rest_route=%2Fwp%2Fv2%2Fcategories&post=3961"},{"taxonomy":"post_tag","embeddable":true,"href":"https:\/\/baraka.cc\/index.php?rest_route=%2Fwp%2Fv2%2Ftags&post=3961"}],"curies":[{"name":"wp","href":"https:\/\/api.w.org\/{rel}","templated":true}]}}