{"id":3976,"date":"2016-02-27T12:44:00","date_gmt":"2016-02-27T10:44:00","guid":{"rendered":"https:\/\/baraka.cc\/?p=3976"},"modified":"2016-02-27T12:44:00","modified_gmt":"2016-02-27T10:44:00","slug":"argasdinin-41-sayisindan-gecmise-isik-tutan-carpici-bir-makale-tarihimizle-yuzlesmeli","status":"publish","type":"post","link":"https:\/\/baraka.cc\/?p=3976","title":{"rendered":"ARGASD\u0130&#8217;N\u0130N 41. SAYISINDAN GE\u00c7M\u0130\u015eE I\u015eIK TUTAN \u00c7ARPICI B\u0130R MAKALE: Tarihimizle y\u00fczle\u015fmeli\u2026"},"content":{"rendered":"<p>Tahsin Oygar<\/p>\n<p>tahsinoygar@yahoo.com<\/p>\n<p><a href=\"https:\/\/baraka.cc\/wp-content\/uploads\/2016\/02\/38f6d80b-8572-4410-8296-f9672ad7f0b5.jpg\"><img decoding=\"async\" loading=\"lazy\" class=\"size-medium wp-image-3977 alignleft\" alt=\"38f6d80b-8572-4410-8296-f9672ad7f0b5\" src=\"https:\/\/baraka.cc\/wp-content\/uploads\/2016\/02\/38f6d80b-8572-4410-8296-f9672ad7f0b5-300x208.jpg\" width=\"300\" height=\"208\" srcset=\"https:\/\/baraka.cc\/wp-content\/uploads\/2016\/02\/38f6d80b-8572-4410-8296-f9672ad7f0b5-300x208.jpg 300w, https:\/\/baraka.cc\/wp-content\/uploads\/2016\/02\/38f6d80b-8572-4410-8296-f9672ad7f0b5.jpg 600w\" sizes=\"(max-width: 300px) 100vw, 300px\" \/><\/a>Ge\u00e7mi\u015fimizle y\u00fczle\u015fmek, ileriye do\u011fru, sa\u011fl\u0131kl\u0131 ad\u0131m atman\u0131n bir gere\u011fidir. K\u0131br\u0131s\u2019\u0131n yak\u0131n tarihinde bu \u00fclkenin, ba\u011f\u0131ms\u0131zl\u0131\u011f\u0131, emek m\u00fccadelesi, b\u00f6l\u00fcnmemesi, d\u00fc\u015f\u00fcnce \u00f6zg\u00fcrl\u00fc\u011f\u00fc ve bar\u0131\u015f m\u00fccadelesi veren ilerici ayd\u0131nlar\u0131 saymakla bitmez. Faz\u0131l \u00d6nder, Ahmet Yahya, Muzaffer G\u00fcrkan, Ayhan Hikmet, Dervi\u015f Ali Kavazo\u011flu, Ahmet \u0130brahim, Ahmet Sadi Erkut, \u0130hsan Ali, Hasan Konti, Savvas Meniko, Mi\u015faulis, Yorgo Filega ve niceleri. Bu insanlar inand\u0131klar\u0131 ve savunduklar\u0131 bu ilerici fikirler i\u00e7in can vermi\u015fler, yaralanm\u0131\u015flar, g\u00f6\u00e7 ettirilmi\u015fler yar\u0131m as\u0131rd\u0131r kendi halklar\u0131 i\u00e7erisinde \u201cvatan haini\u201d diye itibars\u0131zla\u015ft\u0131r\u0131lm\u0131\u015flard\u0131r.<\/p>\n<p>Emperyalizmin akt\u00f6rlerinin belirli bir tarihsel s\u00fcre\u00e7te s\u00f6m\u00fcrgecilik anlay\u0131\u015flar\u0131 \u00e7at\u0131\u015fmas\u0131 y\u00fcz\u00fcnden, bu \u00fclkeyi kana bulamak i\u00e7in kurdurulmu\u015f ve\/veya kullan\u0131lm\u0131\u015f EOKA ve TMT, g\u00f6revlerini \u201cba\u015far\u0131yla\u201d yerine getirmi\u015flerdir. 1950\u2019li y\u0131llardan sonra nas\u0131l ki EOKA kendi toplumundaki ilerici ve solcu insanlar\u0131 \u00f6ld\u00fcrm\u00fc\u015ft\u00fcr TMT de ayn\u0131s\u0131n\u0131 fazlas\u0131yla yapm\u0131\u015ft\u0131r. \u00d6yle enteresan olaylar ya\u015fanm\u0131\u015ft\u0131r ki; mesela \u00f6ld\u00fcr\u00fclmesi i\u00e7in TMT taraf\u0131ndan emir \u00e7\u0131kar\u0131lan Mustafa \u0130brahim, EOKA taraf\u0131ndan vurulmu\u015ftur. \u00d6ld\u00fcr\u00fclen insanlar\u0131m\u0131z\u0131n yak\u0131nlar\u0131 hala bug\u00fcn bu itibars\u0131zla\u015ft\u0131rma, d\u0131\u015flanma ve \u00f6tekile\u015ftirmenin ac\u0131lar\u0131n\u0131 ya\u015famaya devam ediyor. Faz\u0131l \u00d6nder\u2019in mezar\u0131 bug\u00fcn kendi k\u0131z\u0131 taraf\u0131ndan bile bilinmiyor. \u00c7\u00fcnk\u00fc o d\u00f6nem cenazesi bile ailesine, isteklerine uygun bir \u015fekilde defnetmeleri i\u00e7in verilmemi\u015ftir. Faz\u0131l \u00d6nder \u201c\u0130nk\u0131lap\u00e7\u0131 Gazetesi\u201dnin sahibiydi. Gazete \u0130ngiliz s\u00f6m\u00fcrge y\u00f6netimi taraf\u0131ndan kapat\u0131lm\u0131\u015ft\u0131. Yani gazeteci, devrimci, ilerici ve solcuydu Faz\u0131l \u00d6nder ve inanabiliyor musunuz? \u00a0\u00d6l\u00fcm\u00fcnden ancak 48 y\u0131l sonra an\u0131labilmi\u015ftir. (Bu etkinli\u011fi d\u00fczenleyenler Baraka K\u00fclt\u00fcr Merkezi, Yeni K\u0131br\u0131s Partisi Gen\u00e7lik,\u00a0Birle\u015fik K\u0131br\u0131s Partisi Gen\u00e7lik Kollar\u0131, K\u0131br\u0131s Sosyalist Partisi Gen\u00e7lik Birimi ve\u00a0Toplumcu Kurtulu\u015f Partisi Gen\u00e7lik Kollar\u0131 idi. Tarih CTP\u2019nin 2006 y\u0131l\u0131nda yap\u0131lan o anmada olmad\u0131\u011f\u0131n\u0131 kara bir leke olarak not etmi\u015ftir). San\u0131r\u0131m bu \u00f6rnek bile bize, bu insanlar\u0131n unutulmas\u0131, hat\u0131rlanmamas\u0131, an\u0131lamamas\u0131 i\u00e7in yarat\u0131lan korkunun boyutunu anlatmaya yeter. Sadece Faz\u0131l \u00d6nder\u2019in de\u011fil! Di\u011fer t\u00fcm can veren ilericilerin, dostlar\u0131 ve ailelerinin de neler ya\u015fad\u0131\u011f\u0131n\u0131 bir hayal etmeye \u00e7al\u0131\u015f\u0131n. \u0130nsan\u0131n kan\u0131n\u0131 donduran bir ac\u0131 bu. Yap\u0131lanlar\u0131, ya\u015fananlar\u0131 ve ac\u0131lar\u0131 yok etmek m\u00fcmk\u00fcn de\u011fil, fakat dindirmek, azaltmak i\u00e7in de hi\u00e7bir \u015fey yap\u0131lm\u0131yor. K\u0131br\u0131sl\u0131 Elen dostlar\u0131m\u0131z 2013\u2019te Dimtiris Hristofyas\u2019\u0131n g\u00f6revini tamamlamadan \u00f6nce, \u00f6nerisi ile EOKA taraf\u0131ndan \u00f6ld\u00fcr\u00fclen ve devam\u0131nda da itibars\u0131zla\u015ft\u0131r\u0131lan K\u0131br\u0131sl\u0131 Elen solcular\u0131n itibar\u0131n\u0131n iade edilmesi talebini Bakanlar Kurulu d\u00fczeyinde bir kararla hayata ge\u00e7irmi\u015ftir. Evet; ya\u015fan\u0131lan ac\u0131lar d\u00fc\u015f\u00fcn\u00fcld\u00fc\u011f\u00fcnde \u00e7ok bir \u015fey de\u011fil belki ama kendi tarihleri ile y\u00fczle\u015fmek ad\u0131na at\u0131lm\u0131\u015f olumlu bir ad\u0131m olarak de\u011ferlendirilebilir.<\/p>\n<p>Gelelim K\u0131br\u0131s\u2019\u0131n kuzeyine; K\u0131br\u0131sl\u0131 T\u00fcrklerin \u00e7o\u011funlu\u011fu \u00e7\u00f6z\u00fcm ve bar\u0131\u015f iradesinde g\u00f6r\u00fcnmektedir. Kuzeyde yarat\u0131lan bu olumlu havan\u0131n, bar\u0131\u015f ve demokrasi m\u00fccadelesinin veya sol hareketin biriktirilen deneyiminde, bu can veren ve\/veya a\u011f\u0131r bedeller \u00f6deyen insanlar\u0131n hi\u00e7 mi katk\u0131s\u0131 yok? Y\u0131llard\u0131r solun, eme\u011fin, bar\u0131\u015f ve \u00e7\u00f6z\u00fcm\u00fcn partisi oldu\u011funu iddia eden ve \u00e7e\u015fitli zamanlarda da iktidarlarda bulunmu\u015f, \u015fu anda da h\u00fck\u00fcmet olan CTP neden bu insanlar\u0131n itibarlar\u0131n\u0131n iade edilmesi i\u00e7in bir \u00f6neride dahi bulunmam\u0131\u015ft\u0131r? Bu talebi birka\u00e7 kez Niyazi K\u0131z\u0131ly\u00fcrek de g\u00fcndeme getirmesine ra\u011fmen CTP\u2019den \u00e7\u0131t dahi \u00e7\u0131kmam\u0131\u015ft\u0131r. CTP\u2019nin tarz\u0131, genelde feodal ili\u015fkiler ile bu insanlara ve yak\u0131nlar\u0131na, kamuya kapal\u0131 \u015fekillerde yard\u0131m giri\u015fimlerinden \u00f6teye gitmedi. \u00c7\u00fcnk\u00fc hep bir oy kayg\u0131s\u0131, \u201cTC h\u00fck\u00fcmetleri bu konuya ne der\u201d korkusu i\u00e7indeydiler. Sevdi\u011fim bir yolda\u015f\u0131m\u0131n bir fikri vard\u0131. Diyordu ki \u201cneden bu ilerici solcu insanlar\u0131n an\u0131s\u0131na, sanat\u00e7\u0131lar\u0131n kolektif katk\u0131 koydu\u011fu, bar\u0131\u015f ve demokrasi m\u00fccadelesinde katledilenler an\u0131t\u0131 yap\u0131lm\u0131yor?\u201d Bence harika bir fikir. \u00c7e\u015fitli d\u00f6nemlerde b\u00fcy\u00fck \u015fehirlerin yerel y\u00f6netimlerinde bulunan CTP\u2019nin bunu yapmad\u0131\u011f\u0131 a\u015fik\u00e2r. \u015eu anda ittifak\u0131n (TDP, BKP, Baraka) aday\u0131 olarak Lefko\u015fa Belediye Ba\u015fkan\u0131 olan Mehmet Harmanc\u0131\u2019n\u0131n b\u00f6yle bir projeye imza atmas\u0131 yerinde olacakt\u0131r. Daha da ba\u015fka bir\u00e7ok \u015fey yap\u0131labilir pek tabii ki. Yeter ki y\u00fcrekler ger\u00e7ekten beraber ats\u0131n.<\/p>\n<p>Sevg\u00fcl Uluda\u011f, Niyazi K\u0131z\u0131ly\u00fcrek, Ahmet An, Salih \u00d6ztoprak gibi bir\u00e7ok insan gerek kitap gerekse \u00e7e\u015fitli r\u00f6portajlarla bu konular\u0131 g\u00fcndeme ta\u015f\u0131m\u0131\u015ft\u0131r. Onlar\u0131n katk\u0131lar\u0131 da kesinlikle bu halk i\u00e7in inan\u0131lmaz bir \u015fanst\u0131r. Peki, biz ne yapabiliriz? Bence bize d\u00fc\u015fen g\u00f6rev verilen m\u00fccadeleleri bilmek anlamak ve gelecek nesillere aktarmakt\u0131r. Sivil ve resmi fa\u015fizm bir g\u00fcn soka\u011fa indi\u011finde, ge\u00e7mi\u015fte ya\u015fananlardan ders \u00e7\u0131karmal\u0131 ve verilecek m\u00fccadelemizi buradan \u00e7\u0131kar\u0131lacak deneyimlerle \u015fekillendirmeliyiz. Mesela biliyor musunuz, tarihimizde ilerici ve solcular\u0131n fa\u015fistlere s\u0131kt\u0131\u011f\u0131 tek bir kur\u015fun bile yok.<\/p>\n<p>&nbsp;<\/p>\n<p><i>Not: Tarihle y\u00fczle\u015fmek, sol, fikir \u00f6zg\u00fcrl\u00fc\u011f\u00fc deyince bo\u011faz\u0131m\u0131z\u0131 d\u00fc\u011f\u00fcmleyen Kutlu Adal\u0131\u2019n\u0131n cinayeti de geliyor insan\u0131n akl\u0131na, me\u015fhur failleri hala bulunamad\u0131! Cinayeti hala ayd\u0131nlat\u0131lamad\u0131!<\/i><\/p>\n<p>&nbsp;<\/p>\n<p><i>\u00a0<\/i><\/p>\n<p>Kaynaklar:<\/p>\n<p>Milliyet\u00e7ili\u011fin \u00d6ks\u00fcz B\u0131rakt\u0131klar\u0131\u00a0\u00a0 &#8211; Sevg\u00fcl Uluda\u011f<\/p>\n<p>Tarihe I\u015f\u0131k Tutan An\u0131lar\u00a0 &#8211; Panikos Neoklous<\/p>\n<p>TMT ve Siyasal Cinayet Tarihinden Bir Kesit \u2013 Niyazi K\u0131z\u0131ly\u00fcrek<\/p>\n<p>&nbsp;<\/p>\n<p>&nbsp;<\/p>\n<p>&nbsp;<\/p>\n<p>&nbsp;<\/p>\n","protected":false},"excerpt":{"rendered":"<p>Tahsin Oygar tahsinoygar@yahoo.com Ge\u00e7mi\u015fimizle y\u00fczle\u015fmek, ileriye do\u011fru, sa\u011fl\u0131kl\u0131 ad\u0131m atman\u0131n bir gere\u011fidir. K\u0131br\u0131s\u2019\u0131n yak\u0131n tarihinde bu \u00fclkenin, ba\u011f\u0131ms\u0131zl\u0131\u011f\u0131, emek m\u00fccadelesi, b\u00f6l\u00fcnmemesi, d\u00fc\u015f\u00fcnce \u00f6zg\u00fcrl\u00fc\u011f\u00fc ve bar\u0131\u015f<\/p>\n","protected":false},"author":7,"featured_media":3977,"comment_status":"open","ping_status":"open","sticky":false,"template":"","format":"standard","meta":{"jetpack_post_was_ever_published":false,"_jetpack_newsletter_access":"","_jetpack_newsletter_tier_id":0,"jetpack_publicize_message":"","jetpack_is_tweetstorm":false,"jetpack_publicize_feature_enabled":true,"jetpack_social_post_already_shared":true,"jetpack_social_options":{"image_generator_settings":{"template":"highway","enabled":false}}},"categories":[40,67,42,1,39],"tags":[],"jetpack_publicize_connections":[],"jetpack_featured_media_url":"https:\/\/baraka.cc\/wp-content\/uploads\/2016\/02\/38f6d80b-8572-4410-8296-f9672ad7f0b5.jpg","jetpack_shortlink":"https:\/\/wp.me\/p4eHWX-128","jetpack_sharing_enabled":true,"_links":{"self":[{"href":"https:\/\/baraka.cc\/index.php?rest_route=\/wp\/v2\/posts\/3976"}],"collection":[{"href":"https:\/\/baraka.cc\/index.php?rest_route=\/wp\/v2\/posts"}],"about":[{"href":"https:\/\/baraka.cc\/index.php?rest_route=\/wp\/v2\/types\/post"}],"author":[{"embeddable":true,"href":"https:\/\/baraka.cc\/index.php?rest_route=\/wp\/v2\/users\/7"}],"replies":[{"embeddable":true,"href":"https:\/\/baraka.cc\/index.php?rest_route=%2Fwp%2Fv2%2Fcomments&post=3976"}],"version-history":[{"count":1,"href":"https:\/\/baraka.cc\/index.php?rest_route=\/wp\/v2\/posts\/3976\/revisions"}],"predecessor-version":[{"id":3978,"href":"https:\/\/baraka.cc\/index.php?rest_route=\/wp\/v2\/posts\/3976\/revisions\/3978"}],"wp:featuredmedia":[{"embeddable":true,"href":"https:\/\/baraka.cc\/index.php?rest_route=\/wp\/v2\/media\/3977"}],"wp:attachment":[{"href":"https:\/\/baraka.cc\/index.php?rest_route=%2Fwp%2Fv2%2Fmedia&parent=3976"}],"wp:term":[{"taxonomy":"category","embeddable":true,"href":"https:\/\/baraka.cc\/index.php?rest_route=%2Fwp%2Fv2%2Fcategories&post=3976"},{"taxonomy":"post_tag","embeddable":true,"href":"https:\/\/baraka.cc\/index.php?rest_route=%2Fwp%2Fv2%2Ftags&post=3976"}],"curies":[{"name":"wp","href":"https:\/\/api.w.org\/{rel}","templated":true}]}}