{"id":4056,"date":"2016-03-25T15:23:59","date_gmt":"2016-03-25T13:23:59","guid":{"rendered":"https:\/\/baraka.cc\/?p=4056"},"modified":"2016-03-25T15:23:59","modified_gmt":"2016-03-25T13:23:59","slug":"baraka-tiyatro-ekibi-dunya-tiyatrolar-gunu-basin-bildirisi-goruyoruz-ve-duyuyoruz","status":"publish","type":"post","link":"https:\/\/baraka.cc\/?p=4056","title":{"rendered":"Baraka Tiyatro Ekibi D\u00fcnya Tiyatrolar G\u00fcn\u00fc Bas\u0131n Bildirisi: G\u00f6r\u00fcyoruz ve Duyuyoruz!"},"content":{"rendered":"<p>Yine bu y\u0131l D\u00fcnya Tiyatrolar G\u00fcn\u00fc\u2019nde sahneye \u00e7\u0131kacak y\u0131llard\u0131r sayfa sayfa tiratlar\u0131 hi\u00e7 de\u011fi\u015fmeyen b\u00fcy\u00fck patronlar, sermayedarlar ve devlet erkanlar\u0131&#8230;<\/p>\n<p>Yine s\u00f6zde sanatsever kimliklerine b\u00fcr\u00fcnerek ba\u015flayacaklar sanat\u0131n \u00f6neminden, sanata olan \u00f6zlemden, sanata verilmesi gereken de\u011ferden konu\u015fmaya\u2026<\/p>\n<p>Sal\u0131nacak sesleri kulaklar\u0131m\u0131zda \u00a0konu\u015furken pe\u015fi s\u0131ra ve biz kelimesi kelimesine duyaca\u011f\u0131z s\u00f6ylenen palavralar\u0131 yeniden&#8230;<\/p>\n<p>&nbsp;<\/p>\n<p>Sanat i\u00e7in harcamalar s\u00f6z konusu oldu\u011funda ise imkans\u0131zl\u0131klar\u0131n arkas\u0131na s\u0131\u011f\u0131nd\u0131klar\u0131na tan\u0131k olaca\u011f\u0131z bir kez daha. Yap\u0131lan gereksiz harcamalar\u0131 g\u00f6rd\u00fc\u011f\u00fcm\u00fcz gibi yine g\u00f6rece\u011fiz.\u00a0 Sosyal sorumluluk k\u0131l\u0131f\u0131yla halk\u0131n olan Arabahmet K\u00fclt\u00fcrevi\u2019nin \u00f6zelle\u015ftirilerek Girne Amerikan \u00dcniversitesi\u2019ne pe\u015fke\u015f \u00e7ekildi\u011fini duydu\u011fumuz gibi yine duyaca\u011f\u0131z. Tadilat yap\u0131l\u0131rken yanan ama 17 y\u0131ld\u0131r tamir edilmeyen devlet tiyatrolar\u0131 ve bir t\u00fcrl\u00fc bitemeyen lefko\u015fa belediye tiyatrosu binas\u0131 ile ilgili mazeretlerini dinledi\u011fimiz gibi yine dinleyece\u011fiz. Amat\u00f6r ve \u00f6zel tiyatrolar\u0131m\u0131zda, b\u00fct\u00e7e k\u0131s\u0131tlamalar\u0131ndan dolay\u0131 ya\u015fanan s\u0131k\u0131nt\u0131lar\u0131 yeniden ya\u015fayaca\u011f\u0131z bu y\u0131l. Gen\u00e7lerimizin g\u00fcn be g\u00fcn sanattan uzakla\u015ft\u0131\u011f\u0131n\u0131, h\u00fck\u00fcmet edenlerin \u00fclkemizdeki sanat\u0131 ve sanat\u00e7\u0131y\u0131 te\u015fvik edici atmad\u0131\u011f\u0131 her ad\u0131m\u0131 bekledi\u011fimiz gibi bekleyece\u011fiz konu\u015fmalar\u0131n\u0131 bitirmelerini bu y\u0131lda. \u00c7\u00fcnk\u00fc yine g\u00fcnlerden 27 Mart D\u00fcnya Tiyatrolar G\u00fcn\u00fc ve sahne yine onlar\u0131n ikiy\u00fczl\u00fcl\u00fc\u011f\u00fc taraf\u0131ndan gasp edilmi\u015f.<\/p>\n<p>&nbsp;<\/p>\n<p>Biz s\u00f6ylenecek her \u015feyi harfi harfine, noktas\u0131 virg\u00fcl\u00fcne biliyoruz.<\/p>\n<p>At\u0131lmayan her ad\u0131m y\u00fcz\u00fcnden \u00fclkemizde, adeta antikac\u0131 raflar\u0131nda a\u011f ba\u011flarm\u0131\u015f\u00e7as\u0131na, bir\u00e7ok sanat dal\u0131 g\u00fcnden g\u00fcne yok olmaya y\u00fcz tutuyor. Te\u015fvik edilmeyen, k\u00fcst\u00fcr\u00fclen, ke\u015ffedilmeyen bir\u00e7ok sanat\u00e7\u0131s\u0131 ile \u00a0K\u0131br\u0131sl\u0131 T\u00fcrkler sanattan uzakla\u015ft\u0131r\u0131l\u0131yor. Unutulan tiyatrolar\u0131m\u0131z ve sanat\u00e7\u0131lar\u0131m\u0131z i\u00e7in nara edas\u0131nda okunan b\u00fct\u00fcn sahte tiratlara kar\u015f\u0131, umutlar\u0131m\u0131zla, kararl\u0131l\u0131\u011f\u0131m\u0131zla, a\u015fk\u0131m\u0131zla ve sanat\u0131m\u0131zla birlikte m\u00fccadele edece\u011fiz. \u00c7\u00fcnk\u00fc bu sahne bizim ve ba\u015frol\u00fc onlara vermeyece\u011fiz. Biz yine repliklerimizde hayk\u0131raca\u011f\u0131z, aynen Brecht\u2019in dizelerindeki gibi; \u201cYaz\u0131klar olsun kurtar\u0131c\u0131 bekleyenlere!\u201d<\/p>\n<p>&nbsp;<\/p>\n<p>Baraka K\u00fclt\u00fcr Merkezi Aktivisti<\/p>\n<p>Emel Karag\u00f6zl\u00fc Cicibaba<\/p>\n<p>&nbsp;<\/p>\n","protected":false},"excerpt":{"rendered":"<p>Yine bu y\u0131l D\u00fcnya Tiyatrolar G\u00fcn\u00fc\u2019nde sahneye \u00e7\u0131kacak y\u0131llard\u0131r sayfa sayfa tiratlar\u0131 hi\u00e7 de\u011fi\u015fmeyen b\u00fcy\u00fck patronlar, sermayedarlar ve devlet erkanlar\u0131&#8230; Yine s\u00f6zde sanatsever kimliklerine b\u00fcr\u00fcnerek<\/p>\n","protected":false},"author":9,"featured_media":2467,"comment_status":"open","ping_status":"open","sticky":false,"template":"","format":"standard","meta":{"jetpack_post_was_ever_published":false,"_jetpack_newsletter_access":"","_jetpack_newsletter_tier_id":0,"jetpack_publicize_message":"","jetpack_is_tweetstorm":false,"jetpack_publicize_feature_enabled":true,"jetpack_social_post_already_shared":true,"jetpack_social_options":{"image_generator_settings":{"template":"highway","enabled":false}}},"categories":[21,41,20,9,1],"tags":[],"jetpack_publicize_connections":[],"jetpack_featured_media_url":"https:\/\/baraka.cc\/wp-content\/uploads\/2014\/09\/tiyatro.jpg","jetpack_shortlink":"https:\/\/wp.me\/p4eHWX-13q","jetpack_sharing_enabled":true,"_links":{"self":[{"href":"https:\/\/baraka.cc\/index.php?rest_route=\/wp\/v2\/posts\/4056"}],"collection":[{"href":"https:\/\/baraka.cc\/index.php?rest_route=\/wp\/v2\/posts"}],"about":[{"href":"https:\/\/baraka.cc\/index.php?rest_route=\/wp\/v2\/types\/post"}],"author":[{"embeddable":true,"href":"https:\/\/baraka.cc\/index.php?rest_route=\/wp\/v2\/users\/9"}],"replies":[{"embeddable":true,"href":"https:\/\/baraka.cc\/index.php?rest_route=%2Fwp%2Fv2%2Fcomments&post=4056"}],"version-history":[{"count":1,"href":"https:\/\/baraka.cc\/index.php?rest_route=\/wp\/v2\/posts\/4056\/revisions"}],"predecessor-version":[{"id":4057,"href":"https:\/\/baraka.cc\/index.php?rest_route=\/wp\/v2\/posts\/4056\/revisions\/4057"}],"wp:featuredmedia":[{"embeddable":true,"href":"https:\/\/baraka.cc\/index.php?rest_route=\/wp\/v2\/media\/2467"}],"wp:attachment":[{"href":"https:\/\/baraka.cc\/index.php?rest_route=%2Fwp%2Fv2%2Fmedia&parent=4056"}],"wp:term":[{"taxonomy":"category","embeddable":true,"href":"https:\/\/baraka.cc\/index.php?rest_route=%2Fwp%2Fv2%2Fcategories&post=4056"},{"taxonomy":"post_tag","embeddable":true,"href":"https:\/\/baraka.cc\/index.php?rest_route=%2Fwp%2Fv2%2Ftags&post=4056"}],"curies":[{"name":"wp","href":"https:\/\/api.w.org\/{rel}","templated":true}]}}