{"id":4059,"date":"2016-03-31T08:25:09","date_gmt":"2016-03-31T06:25:09","guid":{"rendered":"https:\/\/baraka.cc\/?p=4059"},"modified":"2016-03-31T08:25:09","modified_gmt":"2016-03-31T06:25:09","slug":"baraka-tc-bankalarina-yaptirim-uygulansin","status":"publish","type":"post","link":"https:\/\/baraka.cc\/?p=4059","title":{"rendered":"Baraka: TC Bankalar\u0131na Yapt\u0131r\u0131m Uygulans\u0131n!"},"content":{"rendered":"<p><span style=\"color: #000000; font-family: Calibri;\"><a href=\"https:\/\/baraka.cc\/wp-content\/uploads\/2016\/03\/baraka.jpg\"><img decoding=\"async\" loading=\"lazy\" class=\"size-medium wp-image-4060 alignleft\" alt=\"baraka\" src=\"https:\/\/baraka.cc\/wp-content\/uploads\/2016\/03\/baraka-300x189.jpg\" width=\"300\" height=\"189\" srcset=\"https:\/\/baraka.cc\/wp-content\/uploads\/2016\/03\/baraka-300x189.jpg 300w, https:\/\/baraka.cc\/wp-content\/uploads\/2016\/03\/baraka.jpg 960w\" sizes=\"(max-width: 300px) 100vw, 300px\" \/><\/a>Baraka yay\u0131nlad\u0131\u011f\u0131 a\u00e7\u0131klamada h\u00fck\u00fcmeti mali krizi adil, \u015feffaf ve demokratik \u015fekilde \u00e7\u00f6zebilmek ad\u0131na toplumsal muhalefetle birlikte haraket etmeye \u00e7a\u011f\u0131rd\u0131. H\u00fck\u00fcmetin toplumsal muhalefetle birlikte hareket edip, s\u00fcreci \u015feffaf ve demokratik bir \u015fekilde y\u00fcr\u00fctmesi durumunda, dengeli ve adil bir gelir azaltmas\u0131n\u0131n birlikte \u015fekillendirilebilece\u011fi g\u00f6r\u00fc\u015f\u00fc de belirtildi.<\/span><\/p>\n<p><span style=\"color: #000000; font-family: Calibri;\">\u00a0<\/span><\/p>\n<p><b><span style=\"color: #000000; font-family: Calibri;\">&#8220;TC&#8217;nin \u015eantaj\u0131na kar\u015f\u0131l\u0131k, \u00f6ncelik TC Bankalar\u0131 olmak \u00fczere \u00fclkemizde muadili bulunan her t\u00fcrl\u00fc mal ve hizmetine k\u0131s\u0131tlama ve yapt\u0131r\u0131m uygulanmal\u0131&#8221;<\/span><\/b><\/p>\n<p><span style=\"color: #000000; font-family: Calibri;\">Baraka&#8217;dan yap\u0131lan a\u00e7\u0131klamada ekonomik protokollerle h\u00fck\u00fcmete dayatmalarda bulunan TC&#8217;ye y\u00f6nelik, mal ve hizmeterde k\u0131s\u0131tlama, yapt\u0131r\u0131m yolu ile tepki g\u00f6sterilmesi gerekti\u011fi de belirtildi. S\u00f6z konusu yapt\u0131r\u0131m ve k\u0131s\u0131tlamalarda \u00f6nceli\u011fin TC Bankalar\u0131na verilmesi gerekti\u011fi g\u00f6r\u00fc\u015f\u00fc ifade edildi.<\/span><\/p>\n<p><b><span style=\"color: #000000; font-family: Calibri;\">\u00a0<\/span><\/b><\/p>\n<p><b><span style=\"color: #000000; font-family: Calibri;\">Baraka&#8217;dan yap\u0131lan a\u00e7\u0131klaman\u0131n tamam\u0131 \u015fu \u015fekilde:<\/span><\/b><\/p>\n<p><i><span style=\"color: #000000; font-family: Calibri;\">&#8220;Baraka olarak, toplumsal varolu\u015fumuzu etkileyecek konularda halk\u0131m\u0131za bask\u0131 unsuru olarak mali \u015fantaj uygulayan tc h\u00fck\u00fcmetini k\u0131n\u0131yoruz.<\/span><\/i><\/p>\n<p><i><span style=\"color: #000000; font-family: Calibri;\">\u00dclkemiz h\u00fck\u00fcmetini, bu mali krizi adil, \u015feffaf ve demokratik bir \u015fekilde y\u00f6netmek \u00fczere toplumsal muhalefet ile birlikte hareket etmeye \u00e7a\u011f\u0131r\u0131yoruz.<\/span><\/i><\/p>\n<p><i><span style=\"color: #000000; font-family: Calibri;\">B\u00f6yle bir durumda, dengeli ve adil bir gelir azaltmas\u0131n\u0131n birlikte \u015fekillendirilebilece\u011fi g\u00f6r\u00fc\u015f\u00fcndeyiz. Ancak bize \u015fantaj yapan tc&#8217;nin ve onun mali-dinsel-end\u00fcstriyel her t\u00fcrl\u00fc kurumu ile \u00fclkemizde muadili bulunan her t\u00fcrl\u00fc mal ve hizmetinin, k\u0131s\u0131tlamalara, yapt\u0131r\u0131mlara maruz b\u0131rak\u0131lmas\u0131 gerekti\u011fini, \u00f6nceli\u011fin de TC BANKALARINA verilmesi gerekti\u011fini d\u00fc\u015f\u00fcn\u00fcyoruz.<\/span><\/i><\/p>\n<p><i><span style=\"color: #000000; font-family: Calibri;\">TC&#8217;nin bu tavr\u0131n\u0131n yan\u0131ts\u0131z b\u0131rak\u0131ld\u0131\u011f\u0131 her dakikan\u0131n h\u00fck\u00fcmet ad\u0131na bir onursuzluk ve halka y\u00f6nelik TC bask\u0131s\u0131n\u0131n bir par\u00e7as\u0131 oldu\u011fu d\u00fc\u015f\u00fcncesindeyiz&#8230;&#8221;<\/span><\/i><\/p>\n","protected":false},"excerpt":{"rendered":"<p>Baraka yay\u0131nlad\u0131\u011f\u0131 a\u00e7\u0131klamada h\u00fck\u00fcmeti mali krizi adil, \u015feffaf ve demokratik \u015fekilde \u00e7\u00f6zebilmek ad\u0131na toplumsal muhalefetle birlikte haraket etmeye \u00e7a\u011f\u0131rd\u0131. H\u00fck\u00fcmetin toplumsal muhalefetle birlikte hareket edip,<\/p>\n","protected":false},"author":1,"featured_media":4060,"comment_status":"open","ping_status":"open","sticky":false,"template":"","format":"standard","meta":{"jetpack_post_was_ever_published":false,"_jetpack_newsletter_access":"","_jetpack_newsletter_tier_id":0,"jetpack_publicize_message":"","jetpack_is_tweetstorm":false,"jetpack_publicize_feature_enabled":true,"jetpack_social_post_already_shared":true,"jetpack_social_options":{"image_generator_settings":{"template":"highway","enabled":false}}},"categories":[41,38,9,1],"tags":[],"jetpack_publicize_connections":[],"jetpack_featured_media_url":"https:\/\/baraka.cc\/wp-content\/uploads\/2016\/03\/baraka.jpg","jetpack_shortlink":"https:\/\/wp.me\/p4eHWX-13t","jetpack_sharing_enabled":true,"_links":{"self":[{"href":"https:\/\/baraka.cc\/index.php?rest_route=\/wp\/v2\/posts\/4059"}],"collection":[{"href":"https:\/\/baraka.cc\/index.php?rest_route=\/wp\/v2\/posts"}],"about":[{"href":"https:\/\/baraka.cc\/index.php?rest_route=\/wp\/v2\/types\/post"}],"author":[{"embeddable":true,"href":"https:\/\/baraka.cc\/index.php?rest_route=\/wp\/v2\/users\/1"}],"replies":[{"embeddable":true,"href":"https:\/\/baraka.cc\/index.php?rest_route=%2Fwp%2Fv2%2Fcomments&post=4059"}],"version-history":[{"count":1,"href":"https:\/\/baraka.cc\/index.php?rest_route=\/wp\/v2\/posts\/4059\/revisions"}],"predecessor-version":[{"id":4061,"href":"https:\/\/baraka.cc\/index.php?rest_route=\/wp\/v2\/posts\/4059\/revisions\/4061"}],"wp:featuredmedia":[{"embeddable":true,"href":"https:\/\/baraka.cc\/index.php?rest_route=\/wp\/v2\/media\/4060"}],"wp:attachment":[{"href":"https:\/\/baraka.cc\/index.php?rest_route=%2Fwp%2Fv2%2Fmedia&parent=4059"}],"wp:term":[{"taxonomy":"category","embeddable":true,"href":"https:\/\/baraka.cc\/index.php?rest_route=%2Fwp%2Fv2%2Fcategories&post=4059"},{"taxonomy":"post_tag","embeddable":true,"href":"https:\/\/baraka.cc\/index.php?rest_route=%2Fwp%2Fv2%2Ftags&post=4059"}],"curies":[{"name":"wp","href":"https:\/\/api.w.org\/{rel}","templated":true}]}}