{"id":4062,"date":"2016-04-01T13:03:13","date_gmt":"2016-04-01T11:03:13","guid":{"rendered":"https:\/\/baraka.cc\/?p=4062"},"modified":"2016-04-01T13:03:13","modified_gmt":"2016-04-01T11:03:13","slug":"the-legend-of-bhagant-sing","status":"publish","type":"post","link":"https:\/\/baraka.cc\/?p=4062","title":{"rendered":"THE LEGEND OF BHAGANT SING"},"content":{"rendered":"<p style=\"text-align: center;\" align=\"center\"><a href=\"https:\/\/baraka.cc\/wp-content\/uploads\/2016\/04\/Bhagat-Singh.jpg\"><img decoding=\"async\" loading=\"lazy\" class=\"size-medium wp-image-4063 aligncenter\" alt=\"Bhagat Singh\" src=\"https:\/\/baraka.cc\/wp-content\/uploads\/2016\/04\/Bhagat-Singh-300x111.jpg\" width=\"300\" height=\"111\" srcset=\"https:\/\/baraka.cc\/wp-content\/uploads\/2016\/04\/Bhagat-Singh-300x111.jpg 300w, https:\/\/baraka.cc\/wp-content\/uploads\/2016\/04\/Bhagat-Singh-1024x379.jpg 1024w, https:\/\/baraka.cc\/wp-content\/uploads\/2016\/04\/Bhagat-Singh.jpg 2048w\" sizes=\"(max-width: 300px) 100vw, 300px\" \/><\/a>Baraka K\u00fclt\u00fcr Merkezi\u2019nin her ay\u0131n ilk Cumartesi ak\u015fam\u0131 \u00fccretsiz olarak d\u00fczenledi\u011fi Sun-\u0130zle-Tart\u0131\u015f etkinli\u011fi bu kez, 2 Nisan 19:00\u2019da The Legend Of Bhagat Singh filmi izlenecek.<\/p>\n<p>Bhagat, 1908 y\u0131l\u0131nda \u0130ngiliz hakimiyetinde olan Hindistan\u2019da do\u011fmu\u015f bir gen\u00e7tir. \u0130ngilizlerin y\u0131llar boyunca Hint vatanda\u015flar\u0131n\u0131 k\u0131y\u0131ma u\u011fratmas\u0131na \u015fahit olmu\u015ftur. \u0130ngilizler ba\u015fta bir \u015firketin idaresinde \u00fclkeye gelmi\u015f, ancak daha sonra \u00fclkedeki n\u00fcfusun \u00e7o\u011fu \u00fczerinde hakimiyet kurmu\u015flard\u0131r. General Dyer gibi baz\u0131 ordu \u00fcyelerine verdikleri g\u00fc\u00e7ler ise onlar\u0131 diktat\u00f6rler haline getirmi\u015f, onlar da binlerce masum insan\u0131n \u00f6l\u00fcm\u00fcne neden olmu\u015flard\u0131r. Halk\u0131n bu \u015fekilde ya\u015famaya \u00e7al\u0131\u015ft\u0131\u011f\u0131 bir d\u00f6nemde Mohandas Gandhi ortaya \u00e7\u0131km\u0131\u015f ve halk\u0131 direni\u015fe te\u015fvik etmi\u015ftir. Art\u0131k \u0130ngilizler\u2019in \u00fcretti\u011fi mallar yak\u0131lmakta, \u00f6\u011frenciler okula devam etmemekte, h\u00fckumet i\u00e7in \u00e7al\u0131\u015fan memurlar ise istifa etmektedir. Ancak hi\u00e7 tahmin etmedikleri \u015fey olur ve Gandhi hem hareketi hem de ona destek olanlar\u0131 terk eder. Bunun \u00fczerine Bhagat \u00f6nce kendi sava\u015f\u0131n\u0131 vermeye, daha sonra ise insanlar i\u00e7in daha b\u00fcy\u00fck m\u00fccadelelere girmekten \u00e7ekinmeyecek ve bir direni\u015f kahraman\u0131 olacakt\u0131r.<\/p>\n<p>Tek amac\u0131 sadece \u00f6zg\u00fcrl\u00fck de\u011fil, halk\u0131na adalet sa\u011flamak olan ve bu u\u011furda, \u0130ngiliz emperyalistlerine kar\u015f\u0131 m\u00fccadelenin ba\u015f\u0131nda yer alarak tarihe ad\u0131n\u0131 yazd\u0131ran Bhagant Singh\u2019in ya\u015fam \u00f6yk\u00fcs\u00fcne ortak olmak isteyen herkesi 2 Nisan Cumartesi ak\u015fam\u0131 19:00\u2032da lokalimize bekleriz.<\/p>\n<p>&nbsp;<\/p>\n","protected":false},"excerpt":{"rendered":"<p>Baraka K\u00fclt\u00fcr Merkezi\u2019nin her ay\u0131n ilk Cumartesi ak\u015fam\u0131 \u00fccretsiz olarak d\u00fczenledi\u011fi Sun-\u0130zle-Tart\u0131\u015f etkinli\u011fi bu kez, 2 Nisan 19:00\u2019da The Legend Of Bhagat Singh filmi izlenecek.<\/p>\n","protected":false},"author":8,"featured_media":4063,"comment_status":"open","ping_status":"open","sticky":false,"template":"","format":"standard","meta":{"jetpack_post_was_ever_published":false,"_jetpack_newsletter_access":"","_jetpack_newsletter_tier_id":0,"jetpack_publicize_message":"","jetpack_is_tweetstorm":false,"jetpack_publicize_feature_enabled":true,"jetpack_social_post_already_shared":true,"jetpack_social_options":{"image_generator_settings":{"template":"highway","enabled":false}}},"categories":[20,45,9,28,60,1],"tags":[],"jetpack_publicize_connections":[],"jetpack_featured_media_url":"https:\/\/baraka.cc\/wp-content\/uploads\/2016\/04\/Bhagat-Singh.jpg","jetpack_shortlink":"https:\/\/wp.me\/p4eHWX-13w","jetpack_sharing_enabled":true,"_links":{"self":[{"href":"https:\/\/baraka.cc\/index.php?rest_route=\/wp\/v2\/posts\/4062"}],"collection":[{"href":"https:\/\/baraka.cc\/index.php?rest_route=\/wp\/v2\/posts"}],"about":[{"href":"https:\/\/baraka.cc\/index.php?rest_route=\/wp\/v2\/types\/post"}],"author":[{"embeddable":true,"href":"https:\/\/baraka.cc\/index.php?rest_route=\/wp\/v2\/users\/8"}],"replies":[{"embeddable":true,"href":"https:\/\/baraka.cc\/index.php?rest_route=%2Fwp%2Fv2%2Fcomments&post=4062"}],"version-history":[{"count":1,"href":"https:\/\/baraka.cc\/index.php?rest_route=\/wp\/v2\/posts\/4062\/revisions"}],"predecessor-version":[{"id":4064,"href":"https:\/\/baraka.cc\/index.php?rest_route=\/wp\/v2\/posts\/4062\/revisions\/4064"}],"wp:featuredmedia":[{"embeddable":true,"href":"https:\/\/baraka.cc\/index.php?rest_route=\/wp\/v2\/media\/4063"}],"wp:attachment":[{"href":"https:\/\/baraka.cc\/index.php?rest_route=%2Fwp%2Fv2%2Fmedia&parent=4062"}],"wp:term":[{"taxonomy":"category","embeddable":true,"href":"https:\/\/baraka.cc\/index.php?rest_route=%2Fwp%2Fv2%2Fcategories&post=4062"},{"taxonomy":"post_tag","embeddable":true,"href":"https:\/\/baraka.cc\/index.php?rest_route=%2Fwp%2Fv2%2Ftags&post=4062"}],"curies":[{"name":"wp","href":"https:\/\/api.w.org\/{rel}","templated":true}]}}