{"id":4098,"date":"2016-04-28T10:40:48","date_gmt":"2016-04-28T08:40:48","guid":{"rendered":"https:\/\/baraka.cc\/?p=4098"},"modified":"2016-04-28T10:40:48","modified_gmt":"2016-04-28T08:40:48","slug":"1-mayis-1-yumruk-1-mucadele-2","status":"publish","type":"post","link":"https:\/\/baraka.cc\/?p=4098","title":{"rendered":"1 May\u0131s, 1 Yumruk, 1 M\u00fccadele"},"content":{"rendered":"<p style=\"text-align: center;\"><b><a href=\"https:\/\/baraka.cc\/wp-content\/uploads\/2016\/04\/1-mys-16.jpg\"><img decoding=\"async\" loading=\"lazy\" class=\"size-medium wp-image-4095 aligncenter\" style=\"border: 1px solid black; margin-top: 1px; margin-bottom: 1px;\" alt=\"1 mys 16\" src=\"https:\/\/baraka.cc\/wp-content\/uploads\/2016\/04\/1-mys-16-300x123.jpg\" width=\"300\" height=\"123\" srcset=\"https:\/\/baraka.cc\/wp-content\/uploads\/2016\/04\/1-mys-16-300x123.jpg 300w, https:\/\/baraka.cc\/wp-content\/uploads\/2016\/04\/1-mys-16-1024x421.jpg 1024w, https:\/\/baraka.cc\/wp-content\/uploads\/2016\/04\/1-mys-16.jpg 2048w\" sizes=\"(max-width: 300px) 100vw, 300px\" \/><\/a><\/b><\/p>\n<p>&nbsp;<\/p>\n<p>1 May\u0131s\u2026 \u0130\u015f\u00e7inin, emek\u00e7inin ve t\u00fcm ezilenlerin birlik oldu\u011fu, hegemonya sava\u015flar\u0131n\u0131n i\u00e7inde kaybolan ve \u00f6nlerine gelen herkesi ve her \u015feyi ezen patronlara kar\u015f\u0131 tek 1 yumruk oldu\u011fu g\u00fcn.<\/p>\n<p>\u00dclkemizin en \u00f6nemli g\u00fcndemi olan fakat kamusal alanlarda konu\u015fulmamas\u0131, tart\u0131\u015f\u0131lmamas\u0131 ve sorgulanmamas\u0131 i\u00e7in adeta m\u00fch\u00fcrl\u00fc kap\u0131lar ard\u0131nda, \u015feffafl\u0131ktan yoksun g\u00f6r\u00fc\u015fmelerin neticesinde imzalanan su anla\u015fmas\u0131na hi\u00e7 bir \u015fekilde dik duru\u015f sergilemeyip, bu anla\u015fmay\u0131 bir ba\u015far\u0131 olarak nitelendirenlerin ezilenden yana olmad\u0131\u011f\u0131n\u0131 art\u0131k net bir \u015fekilde biliyoruz. D\u00fcnyan\u0131n pek \u00e7ok \u00fclkesinde, suyun \u00f6zelle\u015ftirilmesinin emek\u00e7ileri daha zor ya\u015fam \u015fartlar\u0131na mahkum etti\u011fi g\u00f6z ard\u0131 edilemeyecek bir ger\u00e7ektir. Asimilasyonlar ve paket ad\u0131 alt\u0131nda yap\u0131lan \u00e7e\u015fitli ba\u011f\u0131ml\u0131l\u0131k anla\u015fmalar\u0131 ile zaten abluka alt\u0131na al\u0131nan ve yok edilmeye \u00e7al\u0131\u015f\u0131lan toplumumuzu bu anla\u015fma ile \u00a0Ankara\u2019ya g\u00f6bekten ba\u011flamak hedeflenmi\u015ftir. Su anla\u015fmas\u0131 s\u00fcrecinin ba\u015f\u0131ndan, imzaland\u0131\u011f\u0131 noktaya kadar ge\u00e7en zaman zarf\u0131nda i\u015f\u00e7inin, emek\u00e7inin ve halk\u0131n \u00e7\u0131karlar\u0131n\u0131 d\u00fc\u015f\u00fcnmeden h\u00fck\u00fcmet edenlere ve y\u0131llarca \u00fclkenin t\u00fcm kaynaklar\u0131n\u0131 z\u00fcmresel \u00e7\u0131karlar\u0131 i\u00e7in s\u00f6m\u00fcren yeni h\u00fck\u00fcmete bildirmek isteriz ki; m\u00fccadele daha bitmedi ve satt\u0131\u011f\u0131n\u0131z \u201conur\u201dumuzu geri alana dek s\u00fcrecek&#8230; \u0130smi de\u011fi\u015fen fakat icraatlar\u0131 de\u011fi\u015fmeyen, neoliberal politikalar \u00e7er\u00e7evesinde i\u015f\u00e7iyi s\u00f6m\u00fcren, haklar\u0131m\u0131z\u0131 gerileten, bizleri yoksulla\u015ft\u0131r\u0131p Ankara\u2019n\u0131n dayatt\u0131\u011f\u0131 s\u00fcnni \u0130slamla\u015ft\u0131rma ve muhafazakarla\u015ft\u0131rma ile halka boyun e\u011fdirmeye \u00e7al\u0131\u015fan h\u00fck\u00fcmetler,\u00a0i\u015f\u00e7i ve emek\u00e7ilerin yumru\u011fu alt\u0131nda ezilecekler.<\/p>\n<p>Ortak bir m\u00fccadelenin ne denli bir aciliyet oldu\u011funu, adam\u0131z\u0131n g\u00fcneyindeki emek\u00e7ilerin de Troyka\u2019n\u0131n dayatt\u0131\u011f\u0131 politikalardan olumsuz etkilendi\u011fi ger\u00e7e\u011fi ile g\u00f6r\u00fcyor, biliyoruz. Bu anlamda bar\u0131\u015f ve halklar\u0131n karde\u015fli\u011fi m\u00fccadelesi, sadece masada de\u011fil eme\u011fin ve emek\u00e7inin \u00f6zg\u00fcrl\u00fc\u011f\u00fc i\u00e7in, s\u0131n\u0131rs\u0131z ve s\u0131n\u0131fs\u0131z bir \u00fclke i\u00e7in, t\u00fcm ada halklar\u0131 i\u00e7in bir ihtiya\u00e7t\u0131r.<\/p>\n<p>Evde ve i\u015f yerinde s\u00f6m\u00fcr\u00fclen kad\u0131nlar\u0131, t\u00fcm toplumun gelece\u011finin aynas\u0131 olan gen\u00e7leri, insanca \u00e7al\u0131\u015fma ve ya\u015fama haklar\u0131 ellerinden al\u0131nan i\u015fsizleri, \u00f6zel sekt\u00f6rde g\u00fcvencesiz \u00e7al\u0131\u015fan i\u015f\u00e7ilerini, kamuda reform ad\u0131 alt\u0131nda haklar\u0131 budanan kamu emek\u00e7ilerini 1 May\u0131s\u2019ta sokakta bulu\u015fmaya \u00e7a\u011f\u0131r\u0131yoruz.<\/p>\n<p>\u00dclkemizde de her ge\u00e7en g\u00fcn \u00f6l\u00fcmlerin artmas\u0131na, son 4 ayda 4 i\u015f\u00e7i \u00f6l\u00fcm\u00fc olmas\u0131na ra\u011fmen ilgili mercilerin gerekli hi\u00e7bir ad\u0131m\u0131 atmamas\u0131ndan dolay\u0131 hayatlar\u0131 pamuk ipli\u011fine ba\u011fl\u0131 ya\u015fayan, sendikalar\u0131 olmad\u0131\u011f\u0131 i\u00e7in susturulan \u00f6zel sekt\u00f6r \u00e7al\u0131\u015fanlar\u0131 i\u00e7in de sesimizi y\u00fckseltiyoruz.<\/p>\n<p>Sermayenin kar u\u011fruna katletti\u011fi do\u011fam\u0131z i\u00e7in, pe\u015f ke\u015f \u00e7ekilen da\u011flar\u0131m\u0131z\u0131n, denizlerimizin ve topraklar\u0131m\u0131z\u0131n her kar\u0131\u015f\u0131 i\u00e7in, \u00f6zelle\u015ftirilen, sat\u0131lan kurumlar\u0131m\u0131z, abluka alt\u0131na al\u0131nan \u00fclkemiz i\u00e7in 1 May\u0131s g\u00fcn\u00fc tek 1 yumruk olarak sokaklarda olaca\u011f\u0131z.<\/p>\n<p>\u015eili devriminin simgesi haline gelmi\u015f \u015fark\u0131da da s\u00f6ylendi\u011fi gibi, \u201cEl<b> <\/b>pueblo unido jam\u00e1s ser\u00e1 vencido. \u00d6rg\u00fctl\u00fc bir halk\u0131 hi\u00e7bir kuvvet yenemez.\u201d<\/p>\n<p>Ku\u011fulu Park\u2019ta sendikalarla bulu\u015fmak ve ara b\u00f6lgedeki eyleme kat\u0131lmak \u00fczere 1 May\u0131s Pazar g\u00fcn\u00fc saat 17.00\u2019de Lefko\u015fa Terminal\u2019de bulu\u015fuyoruz. T\u00fcm halk\u0131m\u0131z davetlidir&#8230;<\/p>\n","protected":false},"excerpt":{"rendered":"<p>&nbsp; 1 May\u0131s\u2026 \u0130\u015f\u00e7inin, emek\u00e7inin ve t\u00fcm ezilenlerin birlik oldu\u011fu, hegemonya sava\u015flar\u0131n\u0131n i\u00e7inde kaybolan ve \u00f6nlerine gelen herkesi ve her \u015feyi ezen patronlara kar\u015f\u0131 tek<\/p>\n","protected":false},"author":3,"featured_media":4095,"comment_status":"open","ping_status":"open","sticky":false,"template":"","format":"standard","meta":{"jetpack_post_was_ever_published":false,"_jetpack_newsletter_access":"","_jetpack_newsletter_tier_id":0,"jetpack_publicize_message":"","jetpack_is_tweetstorm":false,"jetpack_publicize_feature_enabled":true,"jetpack_social_post_already_shared":true,"jetpack_social_options":{"image_generator_settings":{"template":"highway","enabled":false}}},"categories":[51,41,38,47,9,1],"tags":[],"jetpack_publicize_connections":[],"jetpack_featured_media_url":"https:\/\/baraka.cc\/wp-content\/uploads\/2016\/04\/1-mys-16.jpg","jetpack_shortlink":"https:\/\/wp.me\/p4eHWX-146","jetpack_sharing_enabled":true,"_links":{"self":[{"href":"https:\/\/baraka.cc\/index.php?rest_route=\/wp\/v2\/posts\/4098"}],"collection":[{"href":"https:\/\/baraka.cc\/index.php?rest_route=\/wp\/v2\/posts"}],"about":[{"href":"https:\/\/baraka.cc\/index.php?rest_route=\/wp\/v2\/types\/post"}],"author":[{"embeddable":true,"href":"https:\/\/baraka.cc\/index.php?rest_route=\/wp\/v2\/users\/3"}],"replies":[{"embeddable":true,"href":"https:\/\/baraka.cc\/index.php?rest_route=%2Fwp%2Fv2%2Fcomments&post=4098"}],"version-history":[{"count":1,"href":"https:\/\/baraka.cc\/index.php?rest_route=\/wp\/v2\/posts\/4098\/revisions"}],"predecessor-version":[{"id":4099,"href":"https:\/\/baraka.cc\/index.php?rest_route=\/wp\/v2\/posts\/4098\/revisions\/4099"}],"wp:featuredmedia":[{"embeddable":true,"href":"https:\/\/baraka.cc\/index.php?rest_route=\/wp\/v2\/media\/4095"}],"wp:attachment":[{"href":"https:\/\/baraka.cc\/index.php?rest_route=%2Fwp%2Fv2%2Fmedia&parent=4098"}],"wp:term":[{"taxonomy":"category","embeddable":true,"href":"https:\/\/baraka.cc\/index.php?rest_route=%2Fwp%2Fv2%2Fcategories&post=4098"},{"taxonomy":"post_tag","embeddable":true,"href":"https:\/\/baraka.cc\/index.php?rest_route=%2Fwp%2Fv2%2Ftags&post=4098"}],"curies":[{"name":"wp","href":"https:\/\/api.w.org\/{rel}","templated":true}]}}