{"id":4116,"date":"2016-05-08T13:57:35","date_gmt":"2016-05-08T11:57:35","guid":{"rendered":"https:\/\/baraka.cc\/?p=4116"},"modified":"2016-05-08T13:57:35","modified_gmt":"2016-05-08T11:57:35","slug":"baraka-ltb-genclik-meclisindeki-calismalarina-devam-ediyor","status":"publish","type":"post","link":"https:\/\/baraka.cc\/?p=4116","title":{"rendered":"Baraka, LTB Gen\u00e7lik Meclisi\u2019ndeki \u00c7al\u0131\u015fmalar\u0131na Devam Ediyor"},"content":{"rendered":"<p><a href=\"https:\/\/baraka.cc\/wp-content\/uploads\/2016\/05\/13150062_10154120026817086_1583095579_n.jpg\"><img decoding=\"async\" loading=\"lazy\" class=\"size-medium wp-image-4117 alignleft\" alt=\"13150062_10154120026817086_1583095579_n\" src=\"https:\/\/baraka.cc\/wp-content\/uploads\/2016\/05\/13150062_10154120026817086_1583095579_n-300x174.jpg\" width=\"300\" height=\"174\" srcset=\"https:\/\/baraka.cc\/wp-content\/uploads\/2016\/05\/13150062_10154120026817086_1583095579_n-300x174.jpg 300w, https:\/\/baraka.cc\/wp-content\/uploads\/2016\/05\/13150062_10154120026817086_1583095579_n.jpg 960w\" sizes=\"(max-width: 300px) 100vw, 300px\" \/><\/a>Baraka K\u00fclt\u00fcr Merkezi\u2019nin de bile\u015feni oldu\u011fu, Lefko\u015fa T\u00fcrk Belediyesi b\u00fcnyesinde olu\u015fturulan gen\u00e7lik masalar\u0131ndan &#8220;Sivil Toplum Gen\u00e7lik Masas\u0131&#8221; anlaml\u0131 bir etkinli\u011fe imza att\u0131.<\/p>\n<p>LTB Gen\u00e7lik Meclisi&#8217;ni olu\u015fturan 6 Gen\u00e7lik Masas\u0131&#8217;ndan bir tanesi olan Sivil Toplum Gen\u00e7lik Masas\u0131 bile\u015feni dernekler, haz\u0131rlad\u0131klar\u0131 kul\u00fcbeleri Sanayi B\u00f6lgesi&#8217;nde yer alan hayvan bar\u0131na\u011f\u0131na teslim etti.<\/p>\n<p>Baraka K\u00fclt\u00fcr Merkezi, Gen\u00e7 \u0130\u015fadamlar\u0131 Derne\u011fi (G\u0130AD), Hasder, Gen\u00e7lik Merkezi, Studio 21, Folk-Der, Toparlan\u0131yoruz&#8217;dan olu\u015fan sivil toplum \u00f6rg\u00fctleri, yapm\u0131\u015f olduklar\u0131 16 kul\u00fcbeyi LTB&#8217;ye teslim etti.<\/p>\n<p>Kul\u00fcbelerin teslim edildi\u011fi etkinlikte konu\u015fan LTB Ba\u015fkan\u0131 Mehmet Harmanc\u0131, LTB ile Sivil Toplum aras\u0131nda b\u00fcy\u00fcyen i\u015fbirli\u011finden duydu\u011fu memnuniyeti dile getirirken, hayvan sa\u011fl\u0131\u011f\u0131 i\u00e7in b\u00f6ylesi anlaml\u0131 bir \u00e7abaya katk\u0131 sa\u011flayan herkese te\u015fekk\u00fcr etti.<\/p>\n<p>K\u0131s\u0131rla\u015ft\u0131rma sonras\u0131 hayvanlar\u0131n sa\u011fl\u0131kl\u0131 bir iyile\u015fme s\u00fcreci i\u00e7in 4 g\u00fcn boyunca di\u011fer hayvanlardan ayr\u0131 tutulmas\u0131 gerekiyor.<\/p>\n<p>Bir s\u00fcre \u00f6nce LTB b\u00fcnyesinde olu\u015fturulan ve kat\u0131l\u0131mc\u0131 belediyecili\u011fin ilk ad\u0131m\u0131 olarak g\u00f6r\u00fclen Gen\u00e7lik Meclisi&#8217;nde, toplamda 14 sivil toplum \u00f6rg\u00fct\u00fc, 4 \u00fcniversite, 3 \u00f6zel e\u011fitim okulu, ve 7 siyasi parti gen\u00e7lik \u00f6rg\u00fct\u00fc yer al\u0131yor.<\/p>\n<p>Baraka K\u00fclt\u00fcr Merkezi, LTB Sivil Toplum Gen\u00e7lik Masas\u0131\u2019n\u0131n yan\u0131nda LTB Toplumsal C\u0130nsiyet E\u015fitli\u011fi Gen\u00e7lik Masas\u0131\u2019nda da yer al\u0131yor.<\/p>\n","protected":false},"excerpt":{"rendered":"<p>Baraka K\u00fclt\u00fcr Merkezi\u2019nin de bile\u015feni oldu\u011fu, Lefko\u015fa T\u00fcrk Belediyesi b\u00fcnyesinde olu\u015fturulan gen\u00e7lik masalar\u0131ndan &#8220;Sivil Toplum Gen\u00e7lik Masas\u0131&#8221; anlaml\u0131 bir etkinli\u011fe imza att\u0131. LTB Gen\u00e7lik Meclisi&#8217;ni<\/p>\n","protected":false},"author":1,"featured_media":4117,"comment_status":"open","ping_status":"open","sticky":false,"template":"","format":"standard","meta":{"jetpack_post_was_ever_published":false,"_jetpack_newsletter_access":"","_jetpack_newsletter_tier_id":0,"jetpack_publicize_message":"","jetpack_is_tweetstorm":false,"jetpack_publicize_feature_enabled":true,"jetpack_social_post_already_shared":true,"jetpack_social_options":{"image_generator_settings":{"template":"highway","enabled":false}}},"categories":[63,46,45,9,1],"tags":[],"jetpack_publicize_connections":[],"jetpack_featured_media_url":"https:\/\/baraka.cc\/wp-content\/uploads\/2016\/05\/13150062_10154120026817086_1583095579_n.jpg","jetpack_shortlink":"https:\/\/wp.me\/p4eHWX-14o","jetpack_sharing_enabled":true,"_links":{"self":[{"href":"https:\/\/baraka.cc\/index.php?rest_route=\/wp\/v2\/posts\/4116"}],"collection":[{"href":"https:\/\/baraka.cc\/index.php?rest_route=\/wp\/v2\/posts"}],"about":[{"href":"https:\/\/baraka.cc\/index.php?rest_route=\/wp\/v2\/types\/post"}],"author":[{"embeddable":true,"href":"https:\/\/baraka.cc\/index.php?rest_route=\/wp\/v2\/users\/1"}],"replies":[{"embeddable":true,"href":"https:\/\/baraka.cc\/index.php?rest_route=%2Fwp%2Fv2%2Fcomments&post=4116"}],"version-history":[{"count":1,"href":"https:\/\/baraka.cc\/index.php?rest_route=\/wp\/v2\/posts\/4116\/revisions"}],"predecessor-version":[{"id":4118,"href":"https:\/\/baraka.cc\/index.php?rest_route=\/wp\/v2\/posts\/4116\/revisions\/4118"}],"wp:featuredmedia":[{"embeddable":true,"href":"https:\/\/baraka.cc\/index.php?rest_route=\/wp\/v2\/media\/4117"}],"wp:attachment":[{"href":"https:\/\/baraka.cc\/index.php?rest_route=%2Fwp%2Fv2%2Fmedia&parent=4116"}],"wp:term":[{"taxonomy":"category","embeddable":true,"href":"https:\/\/baraka.cc\/index.php?rest_route=%2Fwp%2Fv2%2Fcategories&post=4116"},{"taxonomy":"post_tag","embeddable":true,"href":"https:\/\/baraka.cc\/index.php?rest_route=%2Fwp%2Fv2%2Ftags&post=4116"}],"curies":[{"name":"wp","href":"https:\/\/api.w.org\/{rel}","templated":true}]}}