{"id":4119,"date":"2016-05-09T14:09:30","date_gmt":"2016-05-09T12:09:30","guid":{"rendered":"https:\/\/baraka.cc\/?p=4119"},"modified":"2016-05-09T14:09:58","modified_gmt":"2016-05-09T12:09:58","slug":"federal-kibris-kulturunun-olusmasinda-kultur-derneklerinin-rolu-ve-onemi","status":"publish","type":"post","link":"https:\/\/baraka.cc\/?p=4119","title":{"rendered":"Federal K\u0131br\u0131s K\u00fclt\u00fcr\u00fcn\u00fcn Olu\u015fmas\u0131nda K\u00fclt\u00fcr Derneklerinin Rol\u00fc ve \u00d6nemi"},"content":{"rendered":"<p dir=\"ltr\"><a href=\"https:\/\/baraka.cc\/wp-content\/uploads\/2016\/05\/FB_IMG_1462793980056.jpg\"><img decoding=\"async\" loading=\"lazy\" class=\"size-medium wp-image-4120 alignleft\" alt=\"FB_IMG_1462793980056\" src=\"https:\/\/baraka.cc\/wp-content\/uploads\/2016\/05\/FB_IMG_1462793980056-300x300.jpg\" width=\"300\" height=\"300\" srcset=\"https:\/\/baraka.cc\/wp-content\/uploads\/2016\/05\/FB_IMG_1462793980056-300x300.jpg 300w, https:\/\/baraka.cc\/wp-content\/uploads\/2016\/05\/FB_IMG_1462793980056-150x150.jpg 150w, https:\/\/baraka.cc\/wp-content\/uploads\/2016\/05\/FB_IMG_1462793980056-1024x1024.jpg 1024w, https:\/\/baraka.cc\/wp-content\/uploads\/2016\/05\/FB_IMG_1462793980056-200x200.jpg 200w, https:\/\/baraka.cc\/wp-content\/uploads\/2016\/05\/FB_IMG_1462793980056.jpg 1200w\" sizes=\"(max-width: 300px) 100vw, 300px\" \/><\/a>HASDER\u00a0 32. HALKB\u0130L\u0130M\u0130 SEMPOZYUMU 10 MAYIS\u2019 TA\u00a0 GER\u00c7EKLE\u015eT\u0130R\u0130L\u0130YOR.<\/p>\n<p dir=\"ltr\">Bu y\u0131l konu\u015fmac\u0131lar aras\u0131nda Baraka Aktivisti M\u00fcn\u00fcr Rahvanc\u0131o\u011flu da var.<\/p>\n<p dir=\"ltr\">K\u0131br\u0131s\u2019\u0131n K\u00fclt\u00fcr ya\u015fam\u0131nda \u00f6nemli bir yere sahip HASDER Halkbilimi Sempozyumlar\u0131n\u0131n otuzikincisi 10 May\u0131s Sal\u0131 ak\u015fam\u0131 Kaymakl\u0131 HASDER lokalinde ger\u00e7ekle\u015ftiriliyor. 32 y\u0131ld\u0131r geleneksel olarak s\u00fcrd\u00fcr\u00fclen sempozyumlarda bug\u00fcne kadar \u00e7e\u015fitli ara\u015ft\u0131rmac\u0131lar taraf\u0131ndan\u00a0 ikiy\u00fcz\u00fcn \u00fczerinde bildiri sunulmu\u015ftur. D\u00f6rt cilt halinde yay\u0131nlanan \u201cSempozyum Bildirileri \u201c kitaplar\u0131 ve Halkbilimi dergileri K\u0131br\u0131s\u2019\u0131n Somut Olmayan K\u00fclt\u00fcrel Miras\u0131\u2019n\u0131n korunmas\u0131 ve ya\u015fat\u0131lmas\u0131 i\u00e7in \u00f6nemli bir kaynak olu\u015fturmaktad\u0131r.<\/p>\n<p dir=\"ltr\">HASDER Y\u00f6netim Kurulu\u2019ndan yap\u0131lan a\u00e7\u0131klamaya g\u00f6re bu y\u0131lki sempozyumun konusu \u201cFederal K\u0131br\u0131s K\u00fclt\u00fcr\u00fcn\u00fcn Olu\u015fmas\u0131nda K\u00fclt\u00fcr Derneklerinin Rol\u00fc ve \u00d6nemi\u201d olarak belirlenmi\u015ftir. Federal K\u0131br\u0131s\u2019ta bar\u0131\u015f i\u00e7inde ortak ya\u015fam\u0131n ancak yeni bir k\u00fclt\u00fcrle m\u00fcmk\u00fcn olaca\u011f\u0131na olan inan\u00e7la belirlenen bu konuda , \u00e7e\u015fitli sivil toplum \u00f6rg\u00fctlerinde y\u0131llard\u0131r \u00e7al\u0131\u015fmalar y\u00fcr\u00fcten Mertkan Hamit , Mete Hatay , M\u00fcn\u00fcr Rahvanc\u0131o\u011flu ve Tamer \u00d6nc\u00fcl bildirilerini sunacaklard\u0131r. Moderat\u00f6rl\u00fc\u011f\u00fcn\u00fc Kani Kanol\u2019un yapaca\u011f\u0131 sempozyum saat 20:00 de HASDER Kaymakl\u0131 Lokalinde ba\u015flayacakt\u0131r.<\/p>\n","protected":false},"excerpt":{"rendered":"<p>HASDER\u00a0 32. HALKB\u0130L\u0130M\u0130 SEMPOZYUMU 10 MAYIS\u2019 TA\u00a0 GER\u00c7EKLE\u015eT\u0130R\u0130L\u0130YOR. Bu y\u0131l konu\u015fmac\u0131lar aras\u0131nda Baraka Aktivisti M\u00fcn\u00fcr Rahvanc\u0131o\u011flu da var. K\u0131br\u0131s\u2019\u0131n K\u00fclt\u00fcr ya\u015fam\u0131nda \u00f6nemli bir yere sahip<\/p>\n","protected":false},"author":1,"featured_media":4120,"comment_status":"open","ping_status":"open","sticky":false,"template":"","format":"standard","meta":{"jetpack_post_was_ever_published":false,"_jetpack_newsletter_access":"","_jetpack_newsletter_tier_id":0,"jetpack_publicize_message":"","jetpack_is_tweetstorm":false,"jetpack_publicize_feature_enabled":true,"jetpack_social_post_already_shared":true,"jetpack_social_options":{"image_generator_settings":{"template":"highway","enabled":false}}},"categories":[46,45,9,56,1],"tags":[],"jetpack_publicize_connections":[],"jetpack_featured_media_url":"https:\/\/baraka.cc\/wp-content\/uploads\/2016\/05\/FB_IMG_1462793980056.jpg","jetpack_shortlink":"https:\/\/wp.me\/p4eHWX-14r","jetpack_sharing_enabled":true,"_links":{"self":[{"href":"https:\/\/baraka.cc\/index.php?rest_route=\/wp\/v2\/posts\/4119"}],"collection":[{"href":"https:\/\/baraka.cc\/index.php?rest_route=\/wp\/v2\/posts"}],"about":[{"href":"https:\/\/baraka.cc\/index.php?rest_route=\/wp\/v2\/types\/post"}],"author":[{"embeddable":true,"href":"https:\/\/baraka.cc\/index.php?rest_route=\/wp\/v2\/users\/1"}],"replies":[{"embeddable":true,"href":"https:\/\/baraka.cc\/index.php?rest_route=%2Fwp%2Fv2%2Fcomments&post=4119"}],"version-history":[{"count":2,"href":"https:\/\/baraka.cc\/index.php?rest_route=\/wp\/v2\/posts\/4119\/revisions"}],"predecessor-version":[{"id":4122,"href":"https:\/\/baraka.cc\/index.php?rest_route=\/wp\/v2\/posts\/4119\/revisions\/4122"}],"wp:featuredmedia":[{"embeddable":true,"href":"https:\/\/baraka.cc\/index.php?rest_route=\/wp\/v2\/media\/4120"}],"wp:attachment":[{"href":"https:\/\/baraka.cc\/index.php?rest_route=%2Fwp%2Fv2%2Fmedia&parent=4119"}],"wp:term":[{"taxonomy":"category","embeddable":true,"href":"https:\/\/baraka.cc\/index.php?rest_route=%2Fwp%2Fv2%2Fcategories&post=4119"},{"taxonomy":"post_tag","embeddable":true,"href":"https:\/\/baraka.cc\/index.php?rest_route=%2Fwp%2Fv2%2Ftags&post=4119"}],"curies":[{"name":"wp","href":"https:\/\/api.w.org\/{rel}","templated":true}]}}