{"id":4303,"date":"2016-07-25T18:28:06","date_gmt":"2016-07-25T16:28:06","guid":{"rendered":"https:\/\/baraka.cc\/?p=4303"},"modified":"2016-07-25T18:28:06","modified_gmt":"2016-07-25T16:28:06","slug":"kultur-sanat-danisma-kurulu-toplantisinda-koordinasyon-ofisi-de-konusuldu","status":"publish","type":"post","link":"https:\/\/baraka.cc\/?p=4303","title":{"rendered":"K\u00dcLT\u00dcR SANAT DANI\u015eMA KURULU TOPLANTISINDA KOORD\u0130NASYON OF\u0130S\u0130 DE KONU\u015eULDU"},"content":{"rendered":"<p>Derne\u011fimizin aktivisti Nazen \u015eansal&#8217;\u0131n da sahne sanatlar\u0131 alan\u0131ndaki k\u00fclt\u00fcr derneklerinin se\u00e7ti\u011fi temsilci olarak g\u00f6rev yapt\u0131\u011f\u0131 K\u00fclt\u00fcr Sanat Dan\u0131\u015fma Kurulu bug\u00fcn topland\u0131&#8230;<\/p>\n<p><b style=\"line-height: 1.5em;\">K\u00dcLT\u00dcR SANAT DANI\u015eMA KURULU YEN\u0130 BAKANLA TOPLANDI<\/b><\/p>\n<p>\u0130\u00e7erisinde Bakanl\u0131k, dernek, \u00fcniversite temsilcilerinin ve \u00e7e\u015fitli alanlardan sanat\u00e7\u0131lar\u0131n yer ald\u0131\u011f\u0131 K\u00fclt\u00fcr Sanat Dan\u0131\u015fma Kurulu, 25 Temmuz 2016 tarihinde yeni Bakanla tan\u0131\u015fma g\u00fcndemi ile bir toplant\u0131 ger\u00e7ekle\u015ftirdi. Milli E\u011fitim ve K\u00fclt\u00fcr Bakanl\u0131\u011f\u0131 binas\u0131nda yap\u0131lan toplant\u0131ya Bakan\u2019\u0131n yan\u0131 s\u0131ra K\u00fclt\u00fcr Dairesi M\u00fcd\u00fcr\u00fc de kat\u0131ld\u0131. Kurulun \u00f6nceki \u00e7al\u0131\u015fmalar\u0131 hakk\u0131nda Bakana bilgi verilen toplant\u0131da Kurul \u00fcyeleri de kendilerini tan\u0131tarak K\u00fclt\u00fcr Sanat Dan\u0131\u015fma Kurulu\u2019nun i\u015flevi ve temsil ettikleri kesimin beklentileri hakk\u0131nda konu\u015fma yapt\u0131lar. Bakanl\u0131\u011f\u0131n ve K\u00fclt\u00fcr Dairesi\u2019nin g\u00f6rev ve yetki alan\u0131na giren k\u00fclt\u00fcr-sanat konular\u0131yla ilgili dan\u0131\u015fma nitelikli kararlar \u00fcretmek; yasa, t\u00fcz\u00fck, y\u00f6netmelik, karar taslaklar\u0131 hakk\u0131nda g\u00f6r\u00fc\u015f belirtmek; k\u00fclt\u00fcr-sanat sorunlar\u0131na ili\u015fkin \u00e7\u00f6z\u00fcm \u00f6nerilerinde bulunmak gibi g\u00f6revleri olan Kurul, t\u00fcz\u00fc\u011f\u00fc gere\u011fi ayda bir toplanarak devletin k\u00fclt\u00fcr sanat politikalar\u0131na dan\u0131\u015fman niteli\u011finde y\u00f6n vermeye ve derneklerin taleplerini Bakanl\u0131\u011fa aktarmaya \u00e7al\u0131\u015facak.<\/p>\n<p><b>Koordinasyon Ofisi\u2019nin k\u00fclt\u00fcr\u00fcm\u00fcze etkisi de tart\u0131\u015f\u0131ld\u0131<\/b><\/p>\n<p>M\u00fczik ve sahne sanatlar\u0131 alan\u0131ndan se\u00e7ilen dernek temsilcilerinin g\u00fcndeme getirmesi \u00fczerine, \u00fclkemiz gen\u00e7li\u011finin muhalefet etti\u011fi Koordinasyon Ofisi konusu da K\u00fclt\u00fcr Sanat Dan\u0131\u015fma Kurulu\u2019nda konu\u015fuldu. Kendi m\u00fczi\u011fimizi, danslar\u0131m\u0131z\u0131, k\u00fclt\u00fcr\u00fcm\u00fcz\u00fc korumak ve geli\u015ftirmek y\u00f6n\u00fcnde bu Kurul\u2019a da \u00f6nemli g\u00f6revler d\u00fc\u015ft\u00fc\u011f\u00fcn\u00fc, tedbirlerin konu\u015fulmas\u0131 gerekti\u011fini belirten sahne sanatlar\u0131 ve m\u00fczik alan\u0131ndan se\u00e7ilen dernek temsilcileri<b><i> <\/i><\/b>Koordinasyon Ofisi\u2019nin y\u00fcr\u00fcrl\u00fc\u011fe girmesi halinde, de\u011fil K\u00fclt\u00fcr Sanat Dan\u0131\u015fma Kurulu\u2019n\u0131n, Bakanl\u0131\u011f\u0131n ve K\u00fclt\u00fcr Dairesi\u2019nin dahi baz\u0131 i\u015flevlerinin ofise devredilece\u011finin alt\u0131n\u0131 \u00e7izdiler. Bakan\u0131n, bu konunun konu\u015fulmas\u0131ndan duydu\u011fu rahats\u0131zl\u0131k ve \u201cBu konuyu g\u00fcndeme al\u0131rsan\u0131z Kurulun \u00e7al\u0131\u015fmas\u0131n\u0131 ona g\u00f6re ele al\u0131r\u0131m\u201d \u015feklindeki tehditvari s\u00f6zleri \u00fczerine toplant\u0131n\u0131n atmosferi gerildi. Neticede konunun Anayasa Mahkemesi\u2019nde olmas\u0131 gerek\u00e7esiyle, Koordinasyon Ofisi konusunda bug\u00fcnk\u00fc toplant\u0131da herhangi bir karar al\u0131nmad\u0131.<\/p>\n<p>K\u00fclt\u00fcr Sanat Dan\u0131\u015fma Kurulu, gelecek ay, \u00f6nceki g\u00fcndemlerinin yan\u0131 s\u0131ra AKM y\u00f6netmeli\u011fi ve \u00e7al\u0131\u015fma sistemi konusunda yeniden toplant\u0131 yapacak.<\/p>\n<p>&nbsp;<\/p>\n","protected":false},"excerpt":{"rendered":"<p>Derne\u011fimizin aktivisti Nazen \u015eansal&#8217;\u0131n da sahne sanatlar\u0131 alan\u0131ndaki k\u00fclt\u00fcr derneklerinin se\u00e7ti\u011fi temsilci olarak g\u00f6rev yapt\u0131\u011f\u0131 K\u00fclt\u00fcr Sanat Dan\u0131\u015fma Kurulu bug\u00fcn topland\u0131&#8230; K\u00dcLT\u00dcR SANAT DANI\u015eMA KURULU<\/p>\n","protected":false},"author":3,"featured_media":4304,"comment_status":"open","ping_status":"open","sticky":false,"template":"","format":"standard","meta":{"jetpack_post_was_ever_published":false,"_jetpack_newsletter_access":"","_jetpack_newsletter_tier_id":0,"jetpack_publicize_message":"","jetpack_is_tweetstorm":false,"jetpack_publicize_feature_enabled":true,"jetpack_social_post_already_shared":true,"jetpack_social_options":{"image_generator_settings":{"template":"highway","enabled":false}}},"categories":[9,1],"tags":[],"jetpack_publicize_connections":[],"jetpack_featured_media_url":"https:\/\/baraka.cc\/wp-content\/uploads\/2016\/07\/1-foto.jpg","jetpack_shortlink":"https:\/\/wp.me\/p4eHWX-17p","jetpack_sharing_enabled":true,"_links":{"self":[{"href":"https:\/\/baraka.cc\/index.php?rest_route=\/wp\/v2\/posts\/4303"}],"collection":[{"href":"https:\/\/baraka.cc\/index.php?rest_route=\/wp\/v2\/posts"}],"about":[{"href":"https:\/\/baraka.cc\/index.php?rest_route=\/wp\/v2\/types\/post"}],"author":[{"embeddable":true,"href":"https:\/\/baraka.cc\/index.php?rest_route=\/wp\/v2\/users\/3"}],"replies":[{"embeddable":true,"href":"https:\/\/baraka.cc\/index.php?rest_route=%2Fwp%2Fv2%2Fcomments&post=4303"}],"version-history":[{"count":2,"href":"https:\/\/baraka.cc\/index.php?rest_route=\/wp\/v2\/posts\/4303\/revisions"}],"predecessor-version":[{"id":4306,"href":"https:\/\/baraka.cc\/index.php?rest_route=\/wp\/v2\/posts\/4303\/revisions\/4306"}],"wp:featuredmedia":[{"embeddable":true,"href":"https:\/\/baraka.cc\/index.php?rest_route=\/wp\/v2\/media\/4304"}],"wp:attachment":[{"href":"https:\/\/baraka.cc\/index.php?rest_route=%2Fwp%2Fv2%2Fmedia&parent=4303"}],"wp:term":[{"taxonomy":"category","embeddable":true,"href":"https:\/\/baraka.cc\/index.php?rest_route=%2Fwp%2Fv2%2Fcategories&post=4303"},{"taxonomy":"post_tag","embeddable":true,"href":"https:\/\/baraka.cc\/index.php?rest_route=%2Fwp%2Fv2%2Ftags&post=4303"}],"curies":[{"name":"wp","href":"https:\/\/api.w.org\/{rel}","templated":true}]}}