{"id":4308,"date":"2016-07-26T11:15:41","date_gmt":"2016-07-26T09:15:41","guid":{"rendered":"https:\/\/baraka.cc\/?p=4308"},"modified":"2016-07-26T11:15:41","modified_gmt":"2016-07-26T09:15:41","slug":"argasdinin-yasak-sayisindan-yabancilarin-eylem-yapmasi-yasak-mi-nazen-sansal","status":"publish","type":"post","link":"https:\/\/baraka.cc\/?p=4308","title":{"rendered":"Argasdi&#8217;nin YASAK say\u0131s\u0131ndan &#8220;Yabanc\u0131&#8221;lar\u0131n Eylem Yapmas\u0131 Yasak M\u0131?&#8221;- Nazen \u015eansal"},"content":{"rendered":"<p><i>&#8220;Yabanc\u0131&#8221;y\u0131 t\u0131rna\u011fa almam\u0131z\u0131n sebebi, bu \u00fclkenin yerlisi veya K\u0131br\u0131sl\u0131 T\u00fcrk halk\u0131n\u0131n bir par\u00e7as\u0131 olmay\u0131 yurtta\u015fl\u0131\u011fa ba\u011fl\u0131 d\u00fc\u015f\u00fcnmememiz ve gerek K\u0131br\u0131sl\u0131 Elenleri gerekse T\u00fcrkiye&#8217;den veya ba\u015fka bir \u00fclkeden gelip hayat\u0131n\u0131 burada kuran ki\u015fileri, s\u0131rf yurtta\u015f olmad\u0131klar\u0131 i\u00e7in yabanc\u0131 olarak nitelemememizdir. <\/i><\/p>\n<p><i>\u00a0<a href=\"https:\/\/baraka.cc\/wp-content\/uploads\/2016\/07\/5cb20fd0-9034-4251-b9f2-5a81bd39c4cb.jpg\"><img decoding=\"async\" loading=\"lazy\" class=\"size-medium wp-image-4309 alignright\" alt=\"5cb20fd0-9034-4251-b9f2-5a81bd39c4cb\" src=\"https:\/\/baraka.cc\/wp-content\/uploads\/2016\/07\/5cb20fd0-9034-4251-b9f2-5a81bd39c4cb-225x300.jpg\" width=\"225\" height=\"300\" srcset=\"https:\/\/baraka.cc\/wp-content\/uploads\/2016\/07\/5cb20fd0-9034-4251-b9f2-5a81bd39c4cb-225x300.jpg 225w, https:\/\/baraka.cc\/wp-content\/uploads\/2016\/07\/5cb20fd0-9034-4251-b9f2-5a81bd39c4cb.jpg 302w\" sizes=\"(max-width: 225px) 100vw, 225px\" \/><\/a><\/i>H\u00fck\u00fcmetlerin siyasi konjekt\u00fcre ve eylemin amac\u0131na g\u00f6re bazen uygulad\u0131\u011f\u0131 bazense pek \u00fczerinde durmad\u0131\u011f\u0131 bir konu, yurtta\u015f olmayanlar\u0131n izin almadan eylem yapma yasa\u011f\u0131 veya olmas\u0131 gerekti\u011fi \u015fekilde s\u00f6ylersek; hak ve \u00f6zg\u00fcrl\u00fc\u011f\u00fc&#8230; 2003 y\u0131l\u0131nda barikatlar\u0131n a\u00e7\u0131lmas\u0131ndan sonra bu &#8220;yasak&#8221;la tan\u0131\u015ft\u0131rm\u0131\u015flard\u0131 bizi. \u00d6zellikle K\u0131br\u0131sl\u0131 Elenlerin, kuzeyde K\u0131br\u0131sl\u0131 T\u00fcrklerle birlikte eylem yapmas\u0131n\u0131 engellemek amac\u0131yla g\u00fcndeme getirilmi\u015fti yurtta\u015f olmayanlar\u0131n eylem yapmas\u0131n\u0131n yasak oldu\u011fu veya \u00f6nceden izin almalar\u0131 gerekti\u011fi. H\u00fck\u00fcmetler ve polis, bir kez ortaya at\u0131nca bu yasa\u011f\u0131, sadece K\u0131br\u0131sl\u0131 Elenlere de\u011fil, i\u015fine geldik\u00e7e, sak\u0131ncal\u0131 g\u00f6rd\u00fc\u011f\u00fc TC vatanda\u015flar\u0131na da uygulamaktan geri durmad\u0131. \u00dclk\u00fcc\u00fcler rahatl\u0131kla eylem yapabilirken Aleviler, K\u00fcrtler veya sol muhalif kesimler &#8220;yasak&#8221;la kar\u015f\u0131la\u015ft\u0131. Hatta ev sat\u0131n almaya \u00e7al\u0131\u015f\u0131p doland\u0131r\u0131l\u0131nca eylem yapmak isteyen \u0130ngilizler de nasibini alm\u0131\u015ft\u0131 bu uygulamadan. D\u00f6nemin Kaymakam\u0131, izin vermesinin m\u00fcmk\u00fcn olmad\u0131\u011f\u0131n\u0131 \u00e7\u00fcnk\u00fc Anayasa&#8217;n\u0131n sadece yurtta\u015flara eylem yapma hakk\u0131 verdi\u011fini s\u00f6ylemi\u015fti. Ge\u00e7ti\u011fimiz aylarda \u00e7e\u015fitli \u00f6rg\u00fctlerin birlikte d\u00fczenledi\u011fi Faz\u0131l \u00d6nder anmas\u0131nda da g\u00fcneyden gelen sendikac\u0131lar\u0131n y\u00fcr\u00fcy\u00fc\u015f yapmas\u0131 engellendi. Reddediyoruz Platformu&#8217;nun, TC Koordinasyon Ofisi&#8217;ni protesto etmek amac\u0131yla Meclis \u00f6n\u00fcnde s\u00fcrd\u00fcrd\u00fc\u011f\u00fc direni\u015fe, Pir Sultan derne\u011finin katk\u0131 koymas\u0131 \u00fczerine, yurtta\u015f olmayanlar\u0131n kat\u0131lmas\u0131 halinde tutuklanacaklar\u0131 s\u00f6ylendi. K\u0131sacas\u0131 bu yasak, sokak muhalefetinin g\u00fcncel bir sorunu olarak \u00f6n\u00fcm\u00fcze \u00e7\u0131kmakta ve \u00e7\u0131kmaya da devam edecek gibi g\u00f6r\u00fcnmekte&#8230;<\/p>\n<p>Bu fa\u015fizan, antidemokratik, ayr\u0131mc\u0131 ve insan haklar\u0131na ayk\u0131r\u0131 uygulamay\u0131 alt etmek, sokak m\u00fccadelesiyle ve solun g\u00fc\u00e7lenmesiyle elbet m\u00fcmk\u00fcn ve gayet me\u015frudur. Peki ama yurtta\u015f olmayanlar\u0131n eylem yapmas\u0131 ger\u00e7ekten, hukuken yasak m\u0131d\u0131r? Yoksa yanl\u0131\u015f bir yorumlama ve keyfi bir uygulama m\u0131d\u0131r?<\/p>\n<p>Anayasa&#8217;n\u0131n Toplant\u0131 ve G\u00f6steri Y\u00fcr\u00fcy\u00fc\u015f\u00fc Hakk\u0131 ba\u015fl\u0131kl\u0131 32&#8217;nci maddesi, &#8220;Yurtta\u015flar, \u00f6nceden izin almaks\u0131z\u0131n, silahs\u0131z ve sald\u0131r\u0131s\u0131z toplanma veya g\u00f6steri y\u00fcr\u00fcy\u00fc\u015f\u00fc yapma hakk\u0131na sahiptir&#8221; kural\u0131n\u0131 koyuyor. Yani yurtta\u015flar i\u00e7in eylem yapman\u0131n izne ba\u011fl\u0131 olmaks\u0131z\u0131n serbest oldu\u011funu a\u00e7\u0131k\u00e7a s\u00f6yl\u00fcyor. Peki bu madde yurtta\u015f olmayanlar i\u00e7in ne diyor? Asl\u0131nda hi\u00e7bir \u015fey! Yurtta\u015f olmayanlar\u0131n filanca makamdan izin almas\u0131 gerekir demiyor. Veyahut bir zaman bir Kaymakam\u0131n dedi\u011fi gibi izin ba\u015fvurusu bile yapamazlar, bu hak sadece yurtta\u015flara tan\u0131nm\u0131\u015ft\u0131r, yabanc\u0131lar\u0131n eylem yapmas\u0131 tamamen yasakt\u0131r da demiyor. O halde sadece 32&#8217;nci maddedeki c\u00fcmleyi okuyarak yurtta\u015f olmayanlar\u0131n hangi ko\u015fulla veya ko\u015fulsuz olarak nas\u0131l bir hakka sahip oldu\u011funu anlamam\u0131z m\u00fcmk\u00fcn de\u011fil. Bu c\u00fcmleyi, hukuk biliminde kullan\u0131lan yorum ilkelerine g\u00f6re yorumlamaya ihtiyac\u0131m\u0131z var.<\/p>\n<p>Bu ilkelerden biri &#8220;kendili\u011finden yasaklama olmaz&#8221; prensibidir. Prof. Dr. Kemal G\u00f6zler&#8217;e g\u00f6re h\u00fcrriyet as\u0131l, yasaklama istisnad\u0131r ve istisnan\u0131n olabilmesi i\u00e7in ayr\u0131ca ve a\u00e7\u0131k\u00e7a konulmas\u0131 gerekir. Z\u0131mn\u00ee olarak bir insan fiilinin yasak oldu\u011fu s\u00f6ylenemez. Birtak\u0131m gerekliliklerden bahsedilerek yasak \u00fcretilemez. Yasa\u011f\u0131n var olmak i\u00e7in konulmu\u015f olmaya ihtiyac\u0131 vard\u0131r; ama h\u00fcrriyetin var olmak i\u00e7in konulmu\u015f olmaya ihtiyac\u0131 yoktur; \u00e7\u00fcnk\u00fc h\u00fcrriyet as\u0131ld\u0131r. Bir di\u011fer yorum ilkesi ise yetkinin dar, h\u00fcrriyetin geni\u015f yorumlanaca\u011f\u0131d\u0131r. Devlet organlar\u0131n\u0131n yetkileri yorumlan\u0131rken olabildi\u011fince dar yorum, bireylerin hak ve h\u00fcrriyetleri yorumlan\u0131rken olabildi\u011fince geni\u015f yorum yap\u0131l\u0131r. Bir ki\u015finin bir hak ve h\u00fcrriyete sahip olup olmad\u0131\u011f\u0131 konusunda teredd\u00fct varsa, bu ki\u015finin o hakka ve h\u00fcrriyete sahip oldu\u011fu kabul edilir.<\/p>\n<p>Bu ilkeler \u0131\u015f\u0131\u011f\u0131nda Anayasa&#8217;n\u0131n yurtta\u015f olmayanlara eylem yapmay\u0131 yasaklad\u0131\u011f\u0131n\u0131n s\u00f6ylenmesi, yanl\u0131\u015f bir yorum, keyfi bir uygulama ve tamamen hukuk d\u0131\u015f\u0131d\u0131r.<\/p>\n<p>Anayasa&#8217;n\u0131n yabanc\u0131lar\u0131n hak ve \u00f6zg\u00fcrl\u00fcklerine \u00f6zel olarak de\u011finen bir maddesi daha var: Madde 13, &#8220;Bu Anayasa&#8217;da g\u00f6sterilen hak ve \u00f6zg\u00fcrl\u00fckler, yabanc\u0131lar i\u00e7in, uluslararas\u0131 hukuka uygun olarak yasa ile k\u0131s\u0131tlanabilir&#8221; demektedir. \u00d6zel olarak yurtta\u015f olmayanlar\u0131n eylem yapma hakk\u0131n\u0131 d\u00fczenleyen, k\u0131s\u0131tlayan, \u00f6rne\u011fin bir makam\u0131n iznine ba\u011flayan veya tamamen yasaklayan bir yasa yoktur. 1958 y\u0131l\u0131ndan, \u0130ngliz m\u00fcstemleke d\u00f6neminden kalan ve t\u00fcm eylemleri Kaymakaml\u0131\u011f\u0131n iznine ve keyfi olarak koyabilece\u011fi ko\u015fullara ba\u011flayan Toplant\u0131 ve G\u00f6steri Y\u00fcr\u00fcy\u00fc\u015fleri Yasas\u0131 ise halen y\u00fcr\u00fcrl\u00fckte olmakla birlikte Anayasa kar\u015f\u0131s\u0131nda ge\u00e7erli oldu\u011fu d\u00fc\u015f\u00fcn\u00fclemez. Hak ve \u00f6zg\u00fcrl\u00fckleri savundu\u011funu s\u00f6yleyen CTP&#8217;nin, h\u00fck\u00fcmet etti\u011fi uzun y\u0131llar i\u00e7inde, Anayasa&#8217;ya ve insan haklar\u0131na ayk\u0131r\u0131 bu yasay\u0131 neden kald\u0131rmad\u0131\u011f\u0131 ayr\u0131ca manidarken 19 Temmuz davas\u0131 olarak bilinen mahkeme karar\u0131nda da (Lefko\u015fa Mahkemesi 6601\/2012 say\u0131l\u0131 dava) bu yasan\u0131n uygulanmas\u0131n\u0131n m\u00fcmk\u00fcn olmad\u0131\u011f\u0131 vurgulanm\u0131\u015ft\u0131r.<\/p>\n<p>Anayasa, uluslararas\u0131 hukuka uygun olan bir s\u0131n\u0131rlamadan bahsederken Toplant\u0131 ve G\u00f6steri Y\u00fcr\u00fcy\u00fc\u015fleri Yasas\u0131&#8217;n\u0131n yurtta\u015flar i\u00e7in uygulanmasa bile yabanc\u0131lar i\u00e7in ge\u00e7erli oldu\u011fu iddia edilebilir mi? \u00dclkemizin de 1962 y\u0131l\u0131ndan beri taraf oldu\u011fu \u0130nsan Haklar\u0131 Avrupa S\u00f6zle\u015fmesi&#8217;nin 11&#8217;inci maddesi, eylem yapma hakk\u0131n\u0131 sadece yurtta\u015flara de\u011fil herkese tan\u0131maktad\u0131r. Bu s\u00f6zle\u015fme, taraf devletlere temel insan haklar\u0131n\u0131 (ki eylem yapmak da bu haklar aras\u0131nda say\u0131lmaktad\u0131r) her bir bireye tan\u0131ma ve kullan\u0131lmas\u0131n\u0131 sa\u011flama y\u00fck\u00fcml\u00fcl\u00fc\u011f\u00fc getirmektedir. Bu hakk\u0131n s\u0131n\u0131rlanmas\u0131 ancak demokratik bir toplumda zorunlu tedbirler olarak, ulusal g\u00fcvenlik, kamu g\u00fcvenli\u011fi, kamu d\u00fczeni, su\u00e7 i\u015flenmesinin \u00f6nlenmesi gibi gerek\u00e7elerle yasa ile yap\u0131labilecektir. Yurtta\u015f olanlar serbest\u00e7e eylem yapabilirken yurtta\u015f olmayanlar\u0131n eylem yapmas\u0131nda veya yurtta\u015f olan ve olmayanlar\u0131n birlikte eylem yapmas\u0131nda ulusal g\u00fcvenlik, kamu d\u00fczeni vb. a\u00e7\u0131lardan nas\u0131l bir sak\u0131nca olabilece\u011finin, hukuken ve insan haklar\u0131 ba\u011flam\u0131nda a\u00e7\u0131klanmas\u0131 pek m\u00fcmk\u00fcn de\u011fildir.<\/p>\n<p>Sokak muhalefetinin zorunlu g\u00fcndemi haline gelen bu konuyu, h\u00fck\u00fcmetlerin ve polisin keyfi ve yanl\u0131\u015f yorumlar\u0131ndan, fa\u015fist ve ayr\u0131mc\u0131 yasaklamalar\u0131ndan kurtarmak i\u00e7in art\u0131k hukuk ve yarg\u0131 yolunu zorlama zaman\u0131 gelmi\u015ftir. Halklar\u0131n karde\u015fli\u011fi mesaj\u0131n\u0131 da i\u00e7erecek \u015fekilde K\u0131br\u0131s&#8217;\u0131n g\u00fcneyinden bir ki\u015fi ile T\u00fcrkiyeli bir ki\u015finin, kat\u0131lmak istedikleri bir eylemde engellenmeleri \u00fczerine a\u00e7\u0131lacak bir dava, m\u00fccadelemizi insan hak ve \u00f6zg\u00fcrl\u00fckleri ba\u011flam\u0131nda b\u00fcy\u00fctecek ve muhtemelen hukuki bir kazan\u0131mla sonu\u00e7lanacakt\u0131r.<\/p>\n","protected":false},"excerpt":{"rendered":"<p>&#8220;Yabanc\u0131&#8221;y\u0131 t\u0131rna\u011fa almam\u0131z\u0131n sebebi, bu \u00fclkenin yerlisi veya K\u0131br\u0131sl\u0131 T\u00fcrk halk\u0131n\u0131n bir par\u00e7as\u0131 olmay\u0131 yurtta\u015fl\u0131\u011fa ba\u011fl\u0131 d\u00fc\u015f\u00fcnmememiz ve gerek K\u0131br\u0131sl\u0131 Elenleri gerekse T\u00fcrkiye&#8217;den veya ba\u015fka<\/p>\n","protected":false},"author":7,"featured_media":4309,"comment_status":"open","ping_status":"open","sticky":false,"template":"","format":"standard","meta":{"jetpack_post_was_ever_published":false,"_jetpack_newsletter_access":"","_jetpack_newsletter_tier_id":0,"jetpack_publicize_message":"","jetpack_is_tweetstorm":false,"jetpack_publicize_feature_enabled":true,"jetpack_social_post_already_shared":true,"jetpack_social_options":{"image_generator_settings":{"template":"highway","enabled":false}}},"categories":[40,67,44,42,1,39],"tags":[],"jetpack_publicize_connections":[],"jetpack_featured_media_url":"https:\/\/baraka.cc\/wp-content\/uploads\/2016\/07\/5cb20fd0-9034-4251-b9f2-5a81bd39c4cb.jpg","jetpack_shortlink":"https:\/\/wp.me\/p4eHWX-17u","jetpack_sharing_enabled":true,"_links":{"self":[{"href":"https:\/\/baraka.cc\/index.php?rest_route=\/wp\/v2\/posts\/4308"}],"collection":[{"href":"https:\/\/baraka.cc\/index.php?rest_route=\/wp\/v2\/posts"}],"about":[{"href":"https:\/\/baraka.cc\/index.php?rest_route=\/wp\/v2\/types\/post"}],"author":[{"embeddable":true,"href":"https:\/\/baraka.cc\/index.php?rest_route=\/wp\/v2\/users\/7"}],"replies":[{"embeddable":true,"href":"https:\/\/baraka.cc\/index.php?rest_route=%2Fwp%2Fv2%2Fcomments&post=4308"}],"version-history":[{"count":1,"href":"https:\/\/baraka.cc\/index.php?rest_route=\/wp\/v2\/posts\/4308\/revisions"}],"predecessor-version":[{"id":4310,"href":"https:\/\/baraka.cc\/index.php?rest_route=\/wp\/v2\/posts\/4308\/revisions\/4310"}],"wp:featuredmedia":[{"embeddable":true,"href":"https:\/\/baraka.cc\/index.php?rest_route=\/wp\/v2\/media\/4309"}],"wp:attachment":[{"href":"https:\/\/baraka.cc\/index.php?rest_route=%2Fwp%2Fv2%2Fmedia&parent=4308"}],"wp:term":[{"taxonomy":"category","embeddable":true,"href":"https:\/\/baraka.cc\/index.php?rest_route=%2Fwp%2Fv2%2Fcategories&post=4308"},{"taxonomy":"post_tag","embeddable":true,"href":"https:\/\/baraka.cc\/index.php?rest_route=%2Fwp%2Fv2%2Ftags&post=4308"}],"curies":[{"name":"wp","href":"https:\/\/api.w.org\/{rel}","templated":true}]}}