{"id":4311,"date":"2016-07-31T11:26:29","date_gmt":"2016-07-31T09:26:29","guid":{"rendered":"https:\/\/baraka.cc\/?p=4311"},"modified":"2016-07-31T11:26:29","modified_gmt":"2016-07-31T09:26:29","slug":"dorduncu-baraka-yaz-kurslari-senlikle-sonlandi","status":"publish","type":"post","link":"https:\/\/baraka.cc\/?p=4311","title":{"rendered":"D\u00f6rd\u00fcnc\u00fc Baraka Yaz Kurslar\u0131 \u015eenlikle Sonland\u0131"},"content":{"rendered":"<p><a href=\"https:\/\/baraka.cc\/wp-content\/uploads\/2016\/07\/foto-haber.jpg\"><img decoding=\"async\" loading=\"lazy\" class=\"size-medium wp-image-4312 alignleft\" alt=\"foto haber\" src=\"https:\/\/baraka.cc\/wp-content\/uploads\/2016\/07\/foto-haber-300x225.jpg\" width=\"300\" height=\"225\" srcset=\"https:\/\/baraka.cc\/wp-content\/uploads\/2016\/07\/foto-haber-300x225.jpg 300w, https:\/\/baraka.cc\/wp-content\/uploads\/2016\/07\/foto-haber-1024x768.jpg 1024w\" sizes=\"(max-width: 300px) 100vw, 300px\" \/><\/a>Baraka K\u00fclt\u00fcr Merkezi taraf\u0131ndan \u201cBu G\u00f6ky\u00fcz\u00fc Bizim\u201d temas\u0131yla bu y\u0131l d\u00f6rd\u00fcnc\u00fcs\u00fc ger\u00e7ekle\u015ftirilen Baraka Yaz Kurslar\u0131, 30 Temmuz Cumartesi ak\u015fam\u0131 renkli bir \u015fenlikle sona erdi. Etkinlik, ailelerle birlikte kolektif \u015fekilde haz\u0131rlanan kokteyl ve \u00e7ocuklar\u0131n haz\u0131rlad\u0131\u011f\u0131 sergi ile ba\u015flad\u0131. Ard\u0131ndan tiyatro, \u0130ngilizce Koro, Halk danslar\u0131 ve Orf aletleri kullan\u0131m\u0131yla ger\u00e7ekle\u015ftirilen koronun yan\u0131nda satran\u00e7 belgelerinin ve katk\u0131 koyan g\u00f6n\u00fcll\u00fc e\u011fitmenlere belgelerinin verilmesiyle devam etti. Etkinlik son olarak \u00e7ocuklara hediyelerin verilmesiyle ve kat\u0131l\u0131mc\u0131 t\u00fcm \u00f6\u011frenci ve \u00f6\u011fretmenlerle birlikte \u201cG\u00fczel g\u00fcnler g\u00f6rece\u011fiz\u201d \u015fark\u0131s\u0131n\u0131n birlikte s\u00f6ylenmesiyle sona erdi.<\/p>\n<p>11-30 Temmuz tarihleri aras\u0131nda ger\u00e7ekle\u015ftirilen kurslarda, bu y\u0131l ilk kez \u201cOkuyan \u0130nsan Halk\u0131n\u0131n Yan\u0131ndad\u0131r\u201d \u00e7a\u011fr\u0131s\u0131yla kurslara g\u00f6n\u00fcll\u00fc katk\u0131 koymak isteyen g\u00f6n\u00fcll\u00fc e\u011fitmenlerle birlikte el sanatlar\u0131, m\u00fczik, tiyatro, satran\u00e7, fen deneyleri, \u0130ngilizce, yoga, halk danslar\u0131, sa\u011fl\u0131kl\u0131 beslenme alanlar\u0131nda kurslar verilmi\u015fti.<\/p>\n<p><a href=\"https:\/\/baraka.cc\/wp-content\/uploads\/2016\/07\/haber-foto-3.jpg\"><img decoding=\"async\" loading=\"lazy\" class=\"size-medium wp-image-4313 alignright\" alt=\"haber foto 3\" src=\"https:\/\/baraka.cc\/wp-content\/uploads\/2016\/07\/haber-foto-3-300x225.jpg\" width=\"300\" height=\"225\" srcset=\"https:\/\/baraka.cc\/wp-content\/uploads\/2016\/07\/haber-foto-3-300x225.jpg 300w, https:\/\/baraka.cc\/wp-content\/uploads\/2016\/07\/haber-foto-3.jpg 800w\" sizes=\"(max-width: 300px) 100vw, 300px\" \/><\/a><\/p>\n<p style=\"text-align: center;\"><a href=\"https:\/\/baraka.cc\/wp-content\/uploads\/2016\/07\/foto-haber-5.jpg\"><img decoding=\"async\" loading=\"lazy\" class=\"size-medium wp-image-4314 aligncenter\" alt=\"foto haber 5\" src=\"https:\/\/baraka.cc\/wp-content\/uploads\/2016\/07\/foto-haber-5-300x225.jpg\" width=\"300\" height=\"225\" srcset=\"https:\/\/baraka.cc\/wp-content\/uploads\/2016\/07\/foto-haber-5-300x225.jpg 300w, https:\/\/baraka.cc\/wp-content\/uploads\/2016\/07\/foto-haber-5-1024x768.jpg 1024w\" sizes=\"(max-width: 300px) 100vw, 300px\" \/><\/a>\u00c7ocuklar\u0131n bilim, sanat ve k\u00fclt\u00fcrel de\u011ferlerle b\u00fcy\u00fcmesinin \u00f6nemine inanan ve Baraka K\u00fclt\u00fcr Merkezi\u2019ne gelen t\u00fcm \u00e7ocuklara kap\u0131lar\u0131n\u0131 ard\u0131na kadar a\u00e7man\u0131n en b\u00fcy\u00fck sorumluluklardan biri oldu\u011funu s\u00f6yleyen Baraka aktivistleri be\u015f y\u0131ld\u0131r devam eden etkinli\u011fi \u00fccretsiz olarak her y\u0131l tekrarlamay\u0131 planl\u0131yorlar.<\/p>\n","protected":false},"excerpt":{"rendered":"<p>Baraka K\u00fclt\u00fcr Merkezi taraf\u0131ndan \u201cBu G\u00f6ky\u00fcz\u00fc Bizim\u201d temas\u0131yla bu y\u0131l d\u00f6rd\u00fcnc\u00fcs\u00fc ger\u00e7ekle\u015ftirilen Baraka Yaz Kurslar\u0131, 30 Temmuz Cumartesi ak\u015fam\u0131 renkli bir \u015fenlikle sona erdi. Etkinlik,<\/p>\n","protected":false},"author":7,"featured_media":4312,"comment_status":"open","ping_status":"open","sticky":false,"template":"","format":"standard","meta":{"jetpack_post_was_ever_published":false,"_jetpack_newsletter_access":"","_jetpack_newsletter_tier_id":0,"jetpack_publicize_message":"","jetpack_is_tweetstorm":false,"jetpack_publicize_feature_enabled":true,"jetpack_social_post_already_shared":true,"jetpack_social_options":{"image_generator_settings":{"template":"highway","enabled":false}}},"categories":[44,45,9,1],"tags":[],"jetpack_publicize_connections":[],"jetpack_featured_media_url":"https:\/\/baraka.cc\/wp-content\/uploads\/2016\/07\/foto-haber.jpg","jetpack_shortlink":"https:\/\/wp.me\/p4eHWX-17x","jetpack_sharing_enabled":true,"_links":{"self":[{"href":"https:\/\/baraka.cc\/index.php?rest_route=\/wp\/v2\/posts\/4311"}],"collection":[{"href":"https:\/\/baraka.cc\/index.php?rest_route=\/wp\/v2\/posts"}],"about":[{"href":"https:\/\/baraka.cc\/index.php?rest_route=\/wp\/v2\/types\/post"}],"author":[{"embeddable":true,"href":"https:\/\/baraka.cc\/index.php?rest_route=\/wp\/v2\/users\/7"}],"replies":[{"embeddable":true,"href":"https:\/\/baraka.cc\/index.php?rest_route=%2Fwp%2Fv2%2Fcomments&post=4311"}],"version-history":[{"count":1,"href":"https:\/\/baraka.cc\/index.php?rest_route=\/wp\/v2\/posts\/4311\/revisions"}],"predecessor-version":[{"id":4315,"href":"https:\/\/baraka.cc\/index.php?rest_route=\/wp\/v2\/posts\/4311\/revisions\/4315"}],"wp:featuredmedia":[{"embeddable":true,"href":"https:\/\/baraka.cc\/index.php?rest_route=\/wp\/v2\/media\/4312"}],"wp:attachment":[{"href":"https:\/\/baraka.cc\/index.php?rest_route=%2Fwp%2Fv2%2Fmedia&parent=4311"}],"wp:term":[{"taxonomy":"category","embeddable":true,"href":"https:\/\/baraka.cc\/index.php?rest_route=%2Fwp%2Fv2%2Fcategories&post=4311"},{"taxonomy":"post_tag","embeddable":true,"href":"https:\/\/baraka.cc\/index.php?rest_route=%2Fwp%2Fv2%2Ftags&post=4311"}],"curies":[{"name":"wp","href":"https:\/\/api.w.org\/{rel}","templated":true}]}}