{"id":4317,"date":"2016-08-02T15:25:09","date_gmt":"2016-08-02T13:25:09","guid":{"rendered":"https:\/\/baraka.cc\/?p=4317"},"modified":"2016-08-02T15:25:09","modified_gmt":"2016-08-02T13:25:09","slug":"siginma-evi-kampanyasi-basladi","status":"publish","type":"post","link":"https:\/\/baraka.cc\/?p=4317","title":{"rendered":"SI\u011eINMA EV\u0130 KAMPANYASI BA\u015eLADI"},"content":{"rendered":"<p>Uzun y\u0131llar \u00f6zverili emekleriyle s\u0131\u011f\u0131nma evi y\u00fcr\u00fctm\u00fc\u015f olan sor\u00f6v&#8217;\u00fcn \u00f6nc\u00fcl\u00fc\u011f\u00fcnde, 25 kas\u0131ma kadar 25 bin imza hedefiyle ve 5 s\u0131\u011f\u0131nma evi talebiyle yola \u00e7\u0131k\u0131yoruz&#8230; yolda bulu\u015facaklar\u0131m\u0131z, yolumuzu g\u00fczelle\u015ftirecek olanlar da cabas\u0131&#8230;<\/p>\n<p style=\"text-align: center;\"><strong>SI\u011eINMA EV\u0130 KAMPANYASI BA\u015eLADI<\/strong><\/p>\n<p style=\"text-align: left;\">SOR\u00d6V\u2019\u00fcn \u00e7a\u011fr\u0131s\u0131 ile biraraya gelen \u00f6rg\u00fct ve aktivistlerle ba\u015flat\u0131laca\u011f\u0131 duyurulan \u201c25 Kas\u0131m\u2019a kadar 25 Bin imza ile 5 S\u0131\u011f\u0131nma Evi\u201d kampanyas\u0131 ile ilgili olarak a\u00e7\u0131k \u00e7a\u011fr\u0131 \u015feklinde yap\u0131lan kitle bilgilendirme toplant\u0131s\u0131n\u0131n ard\u0131ndan ilgili payda\u015f ve dairelerle g\u00f6r\u00fc\u015fmelerimiz ba\u015flad\u0131.<\/p>\n<p style=\"text-align: left;\"><a href=\"https:\/\/baraka.cc\/wp-content\/uploads\/2016\/07\/ss.gif\"><img decoding=\"async\" loading=\"lazy\" class=\"size-medium wp-image-4295 aligncenter\" style=\"margin-top: 1px; margin-bottom: 1px; border: 1px solid black;\" alt=\"ss\" src=\"https:\/\/baraka.cc\/wp-content\/uploads\/2016\/07\/ss-300x209.gif\" width=\"300\" height=\"209\" \/><\/a><br \/>\nBu ba\u011flamda ilk ziyaretimiz \u00c7al\u0131\u015fma Bakanl\u0131\u011f\u0131\u2019na ger\u00e7ekle\u015ftirildi. \u00c7al\u0131\u015fma ve Sosyal G\u00fcvenlik Bakan\u0131 Ersan SANER ile yap\u0131lan 25.07.2016 tarihli g\u00f6r\u00fc\u015fmede Bakan, s\u0131\u011f\u0131nma evi yapmayacaklar\u0131n\u0131, bunun yerine yak\u0131n hedeflerinin \u015eiddet \u00d6nleme ve Dan\u0131\u015fma Merkezi\u2019ni faal hale getirerek \u00f6nleyici tedbir almak oldu\u011funu bildirdi. \u015eiddete u\u011frayan kad\u0131nlarla ilgili s\u0131\u011f\u0131nma evi yap\u0131lmayacaksa ne yap\u0131laca\u011f\u0131n\u0131 sordu\u011fumuzdaysa hem Bakan hem de Sosyal Hizmetler Dairesi M\u00fcd\u00fcr\u00fc boyun b\u00fckerek sessizli\u011fini korudu.<br \/>\nSOR\u00d6V ve kampanyaya imza koyan \u00f6rg\u00fctler, 27.07.2016 tarihinde Polis Genel M\u00fcd\u00fcr\u00fc S\u00fcleyman Manavo\u011flu ile g\u00f6r\u00fc\u015ferek ikinci ziyaretlerini yapt\u0131. Yap\u0131lan toplant\u0131da say\u0131n Manavo\u011flu, kampanyam\u0131z arac\u0131l\u0131\u011f\u0131yla yarat\u0131lacak fark\u0131ndal\u0131k ve kampanya talepleri do\u011frultusunda a\u00e7\u0131lacak olan Kad\u0131n S\u0131\u011f\u0131nma Evleri ile ilgili olarak g\u00fcvenlik konusundaki endi\u015felerimize cevaben Polis Genel M\u00fcd\u00fcr\u00fc, s\u0131\u011f\u0131nma evlerinin faaliyete girmesiyle g\u00fcvenli\u011fin programl\u0131 ve d\u00fczenli bir bi\u00e7imde sa\u011flanaca\u011f\u0131n\u0131n garantisini verdi. Kad\u0131n s\u0131\u011f\u0131nma evlerinin operasyonel sorunlar\u0131n\u0131n ba\u015f\u0131nda gelen g\u00fcvenlik konusunda al\u0131nan bu taahh\u00fct i\u00e7in Say\u0131n Manavo\u011flu\u2019na te\u015fekk\u00fcr ederiz. G\u00f6r\u00fc\u015fmede ayr\u0131ca, ge\u00e7mi\u015f olumsuz tecr\u00fcbeler aktar\u0131larak polis mensuplar\u0131n\u0131n kad\u0131na y\u00f6nelik \u015fiddet olaylar\u0131nda nas\u0131l bir tutum sergilemeleri konusunda e\u011fitilmeleri ve bilin\u00e7li bir \u015fekilde olaylara m\u00fcdahale etmeleri talebi de dile getirildi.<br \/>\n\u201c25 Kas\u0131m\u2019a kadar 25 Bin imza ile 5 S\u0131\u011f\u0131nma Evi\u201d kampanyas\u0131 \u00e7er\u00e7evesinde, gerek devlet yetkilileri gerekse \u00f6rg\u00fctler ile g\u00f6r\u00fc\u015fmeler devam ederken halk\u0131n ilgisi ve kat\u0131l\u0131m\u0131 ile ger\u00e7ekle\u015fecek imza kampanyas\u0131 da ba\u015flad\u0131. Masa a\u00e7\u0131lan yerler ve kitlesel bilgilendirme ve imza toplama g\u00fcnleri kamuoyuna duyurulacakt\u0131r.<\/p>\n<p style=\"text-align: left;\">\n","protected":false},"excerpt":{"rendered":"<p>Uzun y\u0131llar \u00f6zverili emekleriyle s\u0131\u011f\u0131nma evi y\u00fcr\u00fctm\u00fc\u015f olan sor\u00f6v&#8217;\u00fcn \u00f6nc\u00fcl\u00fc\u011f\u00fcnde, 25 kas\u0131ma kadar 25 bin imza hedefiyle ve 5 s\u0131\u011f\u0131nma evi talebiyle yola \u00e7\u0131k\u0131yoruz&#8230; yolda<\/p>\n","protected":false},"author":9,"featured_media":4269,"comment_status":"open","ping_status":"open","sticky":false,"template":"","format":"standard","meta":{"jetpack_post_was_ever_published":false,"_jetpack_newsletter_access":"","_jetpack_newsletter_tier_id":0,"jetpack_publicize_message":"","jetpack_is_tweetstorm":false,"jetpack_publicize_feature_enabled":true,"jetpack_social_post_already_shared":true,"jetpack_social_options":{"image_generator_settings":{"template":"highway","enabled":false}}},"categories":[9,1],"tags":[],"jetpack_publicize_connections":[],"jetpack_featured_media_url":"https:\/\/baraka.cc\/wp-content\/uploads\/2016\/07\/foto2.jpg","jetpack_shortlink":"https:\/\/wp.me\/p4eHWX-17D","jetpack_sharing_enabled":true,"_links":{"self":[{"href":"https:\/\/baraka.cc\/index.php?rest_route=\/wp\/v2\/posts\/4317"}],"collection":[{"href":"https:\/\/baraka.cc\/index.php?rest_route=\/wp\/v2\/posts"}],"about":[{"href":"https:\/\/baraka.cc\/index.php?rest_route=\/wp\/v2\/types\/post"}],"author":[{"embeddable":true,"href":"https:\/\/baraka.cc\/index.php?rest_route=\/wp\/v2\/users\/9"}],"replies":[{"embeddable":true,"href":"https:\/\/baraka.cc\/index.php?rest_route=%2Fwp%2Fv2%2Fcomments&post=4317"}],"version-history":[{"count":1,"href":"https:\/\/baraka.cc\/index.php?rest_route=\/wp\/v2\/posts\/4317\/revisions"}],"predecessor-version":[{"id":4318,"href":"https:\/\/baraka.cc\/index.php?rest_route=\/wp\/v2\/posts\/4317\/revisions\/4318"}],"wp:featuredmedia":[{"embeddable":true,"href":"https:\/\/baraka.cc\/index.php?rest_route=\/wp\/v2\/media\/4269"}],"wp:attachment":[{"href":"https:\/\/baraka.cc\/index.php?rest_route=%2Fwp%2Fv2%2Fmedia&parent=4317"}],"wp:term":[{"taxonomy":"category","embeddable":true,"href":"https:\/\/baraka.cc\/index.php?rest_route=%2Fwp%2Fv2%2Fcategories&post=4317"},{"taxonomy":"post_tag","embeddable":true,"href":"https:\/\/baraka.cc\/index.php?rest_route=%2Fwp%2Fv2%2Ftags&post=4317"}],"curies":[{"name":"wp","href":"https:\/\/api.w.org\/{rel}","templated":true}]}}