{"id":4319,"date":"2016-08-03T11:38:58","date_gmt":"2016-08-03T09:38:58","guid":{"rendered":"https:\/\/baraka.cc\/?p=4319"},"modified":"2016-08-03T11:38:58","modified_gmt":"2016-08-03T09:38:58","slug":"argasdinin-yasak-dosyasindan-gundem-degerlendirmesi-mucadele-devam-ediyor","status":"publish","type":"post","link":"https:\/\/baraka.cc\/?p=4319","title":{"rendered":"Argasdi&#8217;nin &#8220;Yasak&#8221; dosyas\u0131ndan g\u00fcndem de\u011ferlendirmesi- M\u00dcCADELE DEVAM ED\u0130YOR&#8230;"},"content":{"rendered":"<p>Celal \u00d6zk\u0131zan-celalozkizan@yahoo.com<\/p>\n<p>K\u0131br\u0131s\u2019\u0131n kuzeyinin son \u00fc\u00e7 ay\u0131, toplumsal gelece\u011fimizi \u00f6nemli \u00f6l\u00e7\u00fcde etkileyecek baz\u0131 geli\u015fmelere tan\u0131k oldu. Bu \u00e7er\u00e7evede \u00f6ne \u00e7\u0131kan geli\u015fmeleri gelin hep birlikte de\u011ferlendirelim:<\/p>\n<p><b>Suyuna Gitmeyece\u011fiz<\/b><\/p>\n<p>Her ne kadar suyun \u00f6zelle\u015ftirilmesi ka\u011f\u0131t \u00fczerinde hayata ge\u00e7se de ve h\u00fck\u00fcmet de\u011fi\u015fikli\u011fiyle birlikte toplumsal muhalefet su <a href=\"https:\/\/baraka.cc\/wp-content\/uploads\/2016\/08\/g\u00fcndem1.jpg\"><img decoding=\"async\" loading=\"lazy\" class=\"size-medium wp-image-4320 alignleft\" alt=\"g\u00fcndem1\" src=\"https:\/\/baraka.cc\/wp-content\/uploads\/2016\/08\/g\u00fcndem1-300x168.jpg\" width=\"300\" height=\"168\" srcset=\"https:\/\/baraka.cc\/wp-content\/uploads\/2016\/08\/g\u00fcndem1-300x168.jpg 300w, https:\/\/baraka.cc\/wp-content\/uploads\/2016\/08\/g\u00fcndem1.jpg 640w\" sizes=\"(max-width: 300px) 100vw, 300px\" \/><\/a>konusunda aktifli\u011fini yitirse de, son \u00fc\u00e7 aya bakt\u0131\u011f\u0131m\u0131zda, K\u0131br\u0131sl\u0131 T\u00fcrk halk\u0131 art\u0131k bu suyun bizlere anlat\u0131ld\u0131\u011f\u0131 gibi kara ka\u015f\u0131m\u0131za kara g\u00f6z\u00fcm\u00fcze g\u00f6nderilmedi\u011finin, ortada tamamen ticari bir anla\u015fma oldu\u011funun, dahas\u0131 suyun fahi\u015f fiyatlara sat\u0131larak \u00f6zel bir \u015firketin zengin edilmesinin ama\u00e7land\u0131\u011f\u0131n\u0131n ve ya\u015famsal bir ihtiya\u00e7 olan suyun kullan\u0131m\u0131 konusunda ileride pek \u00e7ok sorunlar ortaya \u00e7\u0131kaca\u011f\u0131n\u0131n fark\u0131na varm\u0131\u015f durumda. \u00d6zelle\u015ftirme uygulamas\u0131n\u0131n tamamen hayata ge\u00e7mesiyle birlikte, d\u00fcnyadaki pek \u00e7ok \u00f6rnekte oldu\u011fu gibi, suyun yeniden kamusal bir hizmetin y\u00f6netimine d\u00f6nd\u00fcr\u00fclmesi konusunda m\u00fccadelelerin b\u00fcy\u00fcyece\u011fi de ortada.<\/p>\n<p>&nbsp;<\/p>\n<p><b>Onur Y\u00fcr\u00fcy\u00fc\u015f\u00fc<\/b><\/p>\n<p>Son \u00fc\u00e7 ay\u0131n \u00f6nemli ve olumlu geli\u015fmelerinden biri de Onur Y\u00fcr\u00fcy\u00fc\u015f\u00fc\u2019n\u00fcn K\u0131br\u0131s\u2019\u0131n kuzeyinde ilk kez bu denli kitlesel, co\u015fkulu ve <a href=\"https:\/\/baraka.cc\/wp-content\/uploads\/2016\/08\/g\u00fcndem2.gif\"><img decoding=\"async\" loading=\"lazy\" class=\"size-medium wp-image-4321 alignright\" alt=\"g\u00fcndem2\" src=\"https:\/\/baraka.cc\/wp-content\/uploads\/2016\/08\/g\u00fcndem2-300x199.gif\" width=\"300\" height=\"199\" \/><\/a>me\u015fru bir \u015fekilde ger\u00e7ekle\u015ftirilmesiydi. LGBTQ bireylerin kendi \u00f6z \u00f6rg\u00fctlenmelerinin bu s\u00fcre\u00e7te merkezi bir rol oynamas\u0131 ve ayn\u0131 zamanda emek m\u00fccadelesini de kapsayacak geni\u015flikte bir s\u00f6ylem ve tav\u0131r tak\u0131nmalar\u0131, bu g\u00fczel y\u00fcr\u00fcy\u00fc\u015f\u00fc daha da g\u00fczel k\u0131lan unsurlard\u0131. Tek bir \u00f6zg\u00fcrle\u015fme bi\u00e7iminin dahi eksik kald\u0131\u011f\u0131 bir \u00f6zg\u00fcrl\u00fck ve ba\u011f\u0131ms\u0131zl\u0131k m\u00fccadelesinin ba\u015far\u0131s\u0131z olaca\u011f\u0131n\u0131n bilinciyle, LGBTQ hareketinin daha g\u00f6r\u00fcn\u00fcr olmas\u0131 ve bu konuda hem yasal hem toplumsal haklar\u0131n geli\u015fmesi i\u00e7in m\u00fccadele etmeye devam edece\u011fiz.<\/p>\n<p>&nbsp;<\/p>\n<p><b>\u00d6zel Sekt\u00f6re Sendika<\/b><\/p>\n<p><a href=\"https:\/\/baraka.cc\/wp-content\/uploads\/2016\/08\/g\u00fcndem3.jpg\"><img decoding=\"async\" loading=\"lazy\" class=\"size-full wp-image-4322 alignleft\" alt=\"g\u00fcndem3\" src=\"https:\/\/baraka.cc\/wp-content\/uploads\/2016\/08\/g\u00fcndem3.jpg\" width=\"268\" height=\"188\" \/><\/a>Ge\u00e7ti\u011fimiz \u00fc\u00e7 ay\u0131n en dikkat \u00e7ekici geli\u015fmesi ise Ba\u011f\u0131ms\u0131zl\u0131k Yolu\u2019nun ba\u015flatt\u0131\u011f\u0131 ve Baraka K\u00fclt\u00fcr Merkezi ile TDP ba\u015fta olmak \u00fczere toplumsal muhalefetin \u00e7e\u015fitli kesimlerince sahiplenilen \u201cSendikas\u0131z \u00c7al\u0131\u015ft\u0131r\u0131lmak Yasaklans\u0131n\u201d kampanyas\u0131n\u0131n, Meclis\u2019e TDP milletvekili Zeki \u00c7eler arac\u0131l\u0131\u011f\u0131yla ta\u015f\u0131nmas\u0131yd\u0131. Sokak m\u00fccadelesi h\u0131zla s\u00fcrerken, bu s\u00fcrece yasal m\u00fccadele halkas\u0131n\u0131n da eklenmesiyle birlikte, kampanya daha \u00e7ok ses getirdi. CTP\u2019li milletvekilleri yasan\u0131n i\u00e7eri\u011fini benimsememekle birlikte \u00f6nerinin ivedili\u011fi y\u00f6n\u00fcnde olumlu oy kullan\u0131rken, emek\u00e7i d\u00fc\u015fman\u0131 UBP ve DP milletvekillerinin ret oyu ile yasa \u00f6nerisi ileri bir ad\u0131ma ta\u015f\u0131namad\u0131. M\u00fccadelenin yasal boyutu \u015fimdilik engellenmi\u015f olsa da, soka\u011f\u0131n g\u00fcc\u00fcn\u00fcn ve toplumda \u00e7o\u011funlu\u011fu olu\u015fturan emek\u00e7i kitlelerin bask\u0131s\u0131n\u0131n \u00f6n\u00fcnde durmay\u0131 ba\u015faramayacaklar, \u00e7\u00fcnk\u00fc bizler bu m\u00fccadelede ba\u015far\u0131ya ula\u015fana kadar geri ad\u0131m atmayaca\u011f\u0131z.<\/p>\n<p>&nbsp;<\/p>\n<p><b>Bele\u015fe Denize<\/b><\/p>\n<p>Yaz s\u0131caklar\u0131n\u0131n da gelmesiyle birlikte \u00f6zellikle K\u0131br\u0131s gibi yazlar\u0131 \u00e7ok s\u0131cak ge\u00e7en bir iklimde, Anayasal bir hak olman\u0131n yan\u0131 s\u0131ra <a href=\"https:\/\/baraka.cc\/wp-content\/uploads\/2016\/08\/g\u00fcndem4.jpg\"><img decoding=\"async\" loading=\"lazy\" class=\"size-medium wp-image-4323 alignright\" alt=\"g\u00fcndem4\" src=\"https:\/\/baraka.cc\/wp-content\/uploads\/2016\/08\/g\u00fcndem4-300x300.jpg\" width=\"300\" height=\"300\" srcset=\"https:\/\/baraka.cc\/wp-content\/uploads\/2016\/08\/g\u00fcndem4-300x300.jpg 300w, https:\/\/baraka.cc\/wp-content\/uploads\/2016\/08\/g\u00fcndem4-150x150.jpg 150w, https:\/\/baraka.cc\/wp-content\/uploads\/2016\/08\/g\u00fcndem4-200x200.jpg 200w, https:\/\/baraka.cc\/wp-content\/uploads\/2016\/08\/g\u00fcndem4.jpg 640w\" sizes=\"(max-width: 300px) 100vw, 300px\" \/><\/a>g\u00fcnl\u00fck hayat\u0131m\u0131z i\u00e7in de \u00f6nemli olan denizlerimizden ve sahillerimizden diledi\u011fimizce faydalanmaya dair ba\u015flat\u0131lan \u201cBele\u015fe Deniz\u201d m\u00fccadelesinin tekrardan canlanmas\u0131yd\u0131. Bir yandan Anayasa\u2019n\u0131n a\u00e7\u0131k\u00e7a yasaklamas\u0131na ve Plajlar\u0131n Kullan\u0131m ve Denetimi Yasas\u0131\u2019n\u0131n su\u00e7 saymas\u0131na ra\u011fmen plajlara giri\u015fte hara\u00e7 toplayan otellere a\u00e7\u0131lan davalar devam ederken, di\u011fer yandan da denize \u00fccret vermeden girme eylemleri yap\u0131lmaya ba\u015fland\u0131. K\u0131br\u0131s\u2019\u0131n yazlar\u0131 zaten s\u0131cakt\u0131r; ancak hak m\u00fccadeleleri y\u00fckseldik\u00e7e parag\u00f6z otel ve tesis sahipleri i\u00e7in bu yaz daha bir bunalt\u0131c\u0131 olaca\u011fa benziyor!<\/p>\n<p>&nbsp;<\/p>\n<p>&nbsp;<\/p>\n<p>&nbsp;<\/p>\n<p><b>Ofis A\u00e7ma Bo\u015funa Y\u0131kaca\u011f\u0131z Ba\u015f\u0131na<\/b><\/p>\n<p>Bu yaz\u0131 kaleme al\u0131n\u0131rken yeni bir m\u00fccadele daha y\u00fckselmekteydi. CTP-DP h\u00fck\u00fcmeti d\u00f6neminde imzalanan, toplumsal muhalefetin g\u00fc\u00e7l\u00fc kar\u015f\u0131 \u00e7\u0131k\u0131\u015f\u0131 ile ileri g\u00f6t\u00fcr\u00fclemeyen ancak UBP-DP h\u00fck\u00fcmeti ile birlikte tekrardan g\u00fcndeme gelen \u201cKoordinasyon Ofisi\u201dne dair <a href=\"https:\/\/baraka.cc\/wp-content\/uploads\/2016\/08\/g\u00fcndem5.jpg\"><img decoding=\"async\" loading=\"lazy\" class=\"size-medium wp-image-4324 alignleft\" alt=\"g\u00fcndem5\" src=\"https:\/\/baraka.cc\/wp-content\/uploads\/2016\/08\/g\u00fcndem5-300x157.jpg\" width=\"300\" height=\"157\" srcset=\"https:\/\/baraka.cc\/wp-content\/uploads\/2016\/08\/g\u00fcndem5-300x157.jpg 300w, https:\/\/baraka.cc\/wp-content\/uploads\/2016\/08\/g\u00fcndem5.jpg 1024w\" sizes=\"(max-width: 300px) 100vw, 300px\" \/><\/a>protokol meselesidir. \u201cOfis\u201d ad\u0131 alt\u0131nda, gen\u00e7lik ve spor ile ilgili b\u00fct\u00fcn meselelere dair yetkiyi fiili olarak AKP\u2019nin eline devredecek olan bu protokole kar\u015f\u0131, ciddi bir gen\u00e7lik ayaklanmas\u0131 ya\u015fand\u0131. K\u00fclt\u00fcr\u00fcne, kamplar\u0131na, gelenek ve gelece\u011fine sahip \u00e7\u0131kan, AKP\u2019nin dayatmalar\u0131na boyun e\u011fmeyen gen\u00e7ler birbirinden dinamik ve yarat\u0131c\u0131 eylemler ger\u00e7ekle\u015ftirdiler. Zaten elimizden al\u0131nan ekonomik de\u011ferlerimizin ve asimile edilen k\u00fclt\u00fcrel de\u011ferlerimizin yan\u0131na bir yenisinin daha eklenmemesi i\u00e7in ilerleyen g\u00fcnlerde de toplumsal muhalefetin di\u011fer bile\u015fenleriyle birlikte m\u00fccadeleye devam edece\u011fiz.<\/p>\n<p>&nbsp;<\/p>\n<p>Ba\u015fta belirtti\u011fimiz gibi, ge\u00e7ti\u011fimiz \u00fc\u00e7 ay\u0131n g\u00fcndemi yo\u011fundu. Bu y\u00fczden, h\u00fck\u00fcmet de\u011fi\u015fikli\u011fi, akaryak\u0131t zamm\u0131 ve seyr\u00fcsefer konusunda yap\u0131lan d\u00fczenlemeler, ekonomik protokol, sol ittifak\u0131n gelece\u011fi, m\u00fczakerelerin seyri ve kamu hastaneleri ve okullar\u0131nda ya\u015fanan sorunlar gibi konulara de\u011finmeye f\u0131rsat dahi bulamadan yerimizi doldurduk. Ancak yeri dolmayan tek \u015fey, m\u00fccadeleye olan inanc\u0131m\u0131z!<\/p>\n<p>&nbsp;<\/p>\n<p>Umutlar\u0131m\u0131z ku\u015fat\u0131lmas\u0131n! Bu abluka da\u011f\u0131t\u0131lacak!<\/p>\n<p>&nbsp;<\/p>\n<p>&nbsp;<\/p>\n","protected":false},"excerpt":{"rendered":"<p>Celal \u00d6zk\u0131zan-celalozkizan@yahoo.com K\u0131br\u0131s\u2019\u0131n kuzeyinin son \u00fc\u00e7 ay\u0131, toplumsal gelece\u011fimizi \u00f6nemli \u00f6l\u00e7\u00fcde etkileyecek baz\u0131 geli\u015fmelere tan\u0131k oldu. Bu \u00e7er\u00e7evede \u00f6ne \u00e7\u0131kan geli\u015fmeleri gelin hep birlikte de\u011ferlendirelim:<\/p>\n","protected":false},"author":7,"featured_media":4324,"comment_status":"open","ping_status":"open","sticky":false,"template":"","format":"standard","meta":{"jetpack_post_was_ever_published":false,"_jetpack_newsletter_access":"","_jetpack_newsletter_tier_id":0,"jetpack_publicize_message":"","jetpack_is_tweetstorm":false,"jetpack_publicize_feature_enabled":true,"jetpack_social_post_already_shared":true,"jetpack_social_options":{"image_generator_settings":{"template":"highway","enabled":false}}},"categories":[40,67,44,9,1,39],"tags":[],"jetpack_publicize_connections":[],"jetpack_featured_media_url":"https:\/\/baraka.cc\/wp-content\/uploads\/2016\/08\/g\u00fcndem5.jpg","jetpack_shortlink":"https:\/\/wp.me\/p4eHWX-17F","jetpack_sharing_enabled":true,"_links":{"self":[{"href":"https:\/\/baraka.cc\/index.php?rest_route=\/wp\/v2\/posts\/4319"}],"collection":[{"href":"https:\/\/baraka.cc\/index.php?rest_route=\/wp\/v2\/posts"}],"about":[{"href":"https:\/\/baraka.cc\/index.php?rest_route=\/wp\/v2\/types\/post"}],"author":[{"embeddable":true,"href":"https:\/\/baraka.cc\/index.php?rest_route=\/wp\/v2\/users\/7"}],"replies":[{"embeddable":true,"href":"https:\/\/baraka.cc\/index.php?rest_route=%2Fwp%2Fv2%2Fcomments&post=4319"}],"version-history":[{"count":1,"href":"https:\/\/baraka.cc\/index.php?rest_route=\/wp\/v2\/posts\/4319\/revisions"}],"predecessor-version":[{"id":4325,"href":"https:\/\/baraka.cc\/index.php?rest_route=\/wp\/v2\/posts\/4319\/revisions\/4325"}],"wp:featuredmedia":[{"embeddable":true,"href":"https:\/\/baraka.cc\/index.php?rest_route=\/wp\/v2\/media\/4324"}],"wp:attachment":[{"href":"https:\/\/baraka.cc\/index.php?rest_route=%2Fwp%2Fv2%2Fmedia&parent=4319"}],"wp:term":[{"taxonomy":"category","embeddable":true,"href":"https:\/\/baraka.cc\/index.php?rest_route=%2Fwp%2Fv2%2Fcategories&post=4319"},{"taxonomy":"post_tag","embeddable":true,"href":"https:\/\/baraka.cc\/index.php?rest_route=%2Fwp%2Fv2%2Ftags&post=4319"}],"curies":[{"name":"wp","href":"https:\/\/api.w.org\/{rel}","templated":true}]}}