{"id":4327,"date":"2016-08-08T14:05:38","date_gmt":"2016-08-08T12:05:38","guid":{"rendered":"https:\/\/baraka.cc\/?p=4327"},"modified":"2016-08-08T14:05:38","modified_gmt":"2016-08-08T12:05:38","slug":"argasdinin-43-sayisinda-magusa-inisiyatifiyle-gerceklestirdigi-kapali-maras-roportaji-surici-makus-talihini-marasla-yenecek","status":"publish","type":"post","link":"https:\/\/baraka.cc\/?p=4327","title":{"rendered":"Argasdi&#8217;nin 43. Say\u0131s\u0131nda Ma\u011fusa \u0130nisiyatifiyle ger\u00e7ekle\u015ftirdi\u011fi &#8220;Kapal\u0131 Mara\u015f&#8221; Rop\u00f6rtaj\u0131: Suri\u00e7i Makus Talihini Mara\u015f\u2019la Yenecek"},"content":{"rendered":"<p>Emel Karag\u00f6zl\u00fc Cicibaba<\/p>\n<p>karagozluemel@gmail.com<\/p>\n<p><b>\u00a0<a href=\"https:\/\/baraka.cc\/wp-content\/uploads\/2016\/08\/b8ba0f5c-fc0f-41db-9d5f-cafa13a5ca27.jpg\"><img decoding=\"async\" loading=\"lazy\" class=\"size-medium wp-image-4329 alignleft\" alt=\"b8ba0f5c-fc0f-41db-9d5f-cafa13a5ca27\" src=\"https:\/\/baraka.cc\/wp-content\/uploads\/2016\/08\/b8ba0f5c-fc0f-41db-9d5f-cafa13a5ca27-300x187.jpg\" width=\"300\" height=\"187\" srcset=\"https:\/\/baraka.cc\/wp-content\/uploads\/2016\/08\/b8ba0f5c-fc0f-41db-9d5f-cafa13a5ca27-300x187.jpg 300w, https:\/\/baraka.cc\/wp-content\/uploads\/2016\/08\/b8ba0f5c-fc0f-41db-9d5f-cafa13a5ca27.jpg 800w\" sizes=\"(max-width: 300px) 100vw, 300px\" \/><\/a><\/b>Kapal\u0131 Mara\u015f&#8230; Bu kelimeleri ilk kez duydu\u011fumda ka\u00e7 ya\u015f\u0131nda oldu\u011fumu tam olarak hat\u0131rlam\u0131yorum fakat \u00e7ocuklu\u011fumun \u00e7ok merakl\u0131 bir d\u00f6nemi oldu\u011fundan eminim. Zaten k\u00fc\u00e7\u00fck olan adam\u0131z\u0131n kuzeyinde do\u011fmu\u015f ve barikatlar a\u00e7\u0131lana kadar da ne annemin do\u011fdu\u011fu ve \u00e7ocuklu\u011funu ge\u00e7irdi\u011fi Baf\u2019\u0131, ne Lefko\u015fa\u2019n\u0131n di\u011fer yar\u0131s\u0131n\u0131, ne Limasol\u2019un yol boyu uzanan g\u00fczelim sahilini, ne de g\u00fczel \u00fclkemin geriye kalan g\u00fczelliklerinin hi\u00e7birini g\u00f6rememi\u015ftim.<\/p>\n<p>Kapal\u0131 Mara\u015f hakk\u0131nda ilk kez bir \u015feyler duydu\u011fumda kafamda zaten g\u00fcneyi eksik K\u0131br\u0131s yapbozumun bir par\u00e7as\u0131n\u0131n daha da eksik oldu\u011funu fark etmi\u015ftim ama yine de anlam veremiyordum. Adam\u0131n g\u00fcneyiyle ilgili bir\u00e7ok \u015fey duyup bir \u015fekilde a\u015fina olmu\u015ftum fakat Mara\u015f kesinlikle buna dahil de\u011fildi. Bir t\u00fcrl\u00fc oturtam\u0131yordum. Ben Mara\u015f\u2019\u0131 T\u00fcrkiye\u2019nin bir ili olarak biliyorken K\u0131br\u0131s\u2019ta da bir Mara\u015f\u2019\u0131n varl\u0131\u011f\u0131 kafam\u0131 allak bullak etmi\u015fti ve sonraki birka\u00e7 y\u0131l K\u0131br\u0131s\u2019ta da Mara\u015f diye bir b\u00f6lgenin oldu\u011funu mant\u0131\u011f\u0131ma yerle\u015ftirebilmek i\u00e7in \u00e7ok \u00e7abalam\u0131\u015ft\u0131m.<\/p>\n<p>\u0130\u015fte tam bu noktada bir zamanlar Ma\u011fusam\u0131z\u0131n ayr\u0131lmaz bir par\u00e7as\u0131 olan Mara\u015f\u2019\u0131 biraz daha incelemek, neden bu duruma geldi\u011fini \u00f6\u011frenmek ve siz okurlarla payla\u015fabilmek i\u00e7in bu say\u0131 Ma\u011fusa \u0130nisiyatifi aktivisti Dr. Okan Da\u011fl\u0131 ile bir s\u00f6yle\u015fi ger\u00e7ekle\u015ftirdim. Mara\u015f\u2019\u0131n me\u015fhur denizlerinde kendimizi Akdeniz\u2019i \u015fefkatli kollar\u0131na b\u0131rakaca\u011f\u0131m\u0131z g\u00fcnleri g\u00f6rebilmek dile\u011fiyle\u2026<\/p>\n<p><b>Eksik bilenler, yanl\u0131\u015f bilenler veya hi\u00e7 bilmeyenler i\u00e7in sormak gerekirse Mara\u015f neden kapal\u0131?<\/b><\/p>\n<p>Mara\u015f 1974\u2019teki sava\u015f\u0131n bitmesiyle beraber yasal sakinlerinden tamam\u0131yla ar\u0131nd\u0131r\u0131larak askeri b\u00f6lge kapsam\u0131na al\u0131nd\u0131. Etraf\u0131 telli b\u00f6lge ile s\u0131n\u0131rland\u0131r\u0131ld\u0131. O g\u00fcnden beridir sivil insanlara kapat\u0131l\u0131p sadece T\u00fcrk Silahl\u0131 Kuvvetleri\u2019nin kontrol\u00fcne terk edildi.<\/p>\n<p>\u015eu anda Kapal\u0131 Mara\u015f i\u00e7inde bulunan ordu evi ve yurtlarda, asker ve asker aileleri konaklamaktad\u0131r. Mara\u015f i\u00e7inde otelcilik ve di\u011fer sosyal aktivitelere hizmet verecek \u015fekilde de k\u00fc\u00e7\u00fck bir tatil k\u00f6y\u00fc yarat\u0131lm\u0131\u015ft\u0131r.<\/p>\n<p style=\"text-align: center;\">\u00a0<a href=\"https:\/\/baraka.cc\/wp-content\/uploads\/2016\/08\/12d8c18a-ca31-4704-89a1-d3d5b4b16972.jpg\"><img decoding=\"async\" loading=\"lazy\" class=\"size-medium wp-image-4330 aligncenter\" alt=\"12d8c18a-ca31-4704-89a1-d3d5b4b16972\" src=\"https:\/\/baraka.cc\/wp-content\/uploads\/2016\/08\/12d8c18a-ca31-4704-89a1-d3d5b4b16972-300x187.jpg\" width=\"300\" height=\"187\" srcset=\"https:\/\/baraka.cc\/wp-content\/uploads\/2016\/08\/12d8c18a-ca31-4704-89a1-d3d5b4b16972-300x187.jpg 300w, https:\/\/baraka.cc\/wp-content\/uploads\/2016\/08\/12d8c18a-ca31-4704-89a1-d3d5b4b16972.jpg 800w\" sizes=\"(max-width: 300px) 100vw, 300px\" \/><\/a><\/p>\n<p><b>Mara\u015f\u2019\u0131n karde\u015f \u015fehri Ma\u011fusa, ge\u00e7mi\u015fte K\u0131br\u0131s\u2019\u0131n ikinci b\u00fcy\u00fck \u015fehri iken \u015fu an kuzeyin \u00fc\u00e7\u00fcnc\u00fc kentine d\u00f6n\u00fc\u015ft\u00fc. Kapal\u0131 b\u00f6lge Mara\u015f\u2019\u0131n, kapal\u0131 olmas\u0131n\u0131n Ma\u011fusa\u2019n\u0131n bu ekonomik ve sosyal gerileyi\u015finde nas\u0131l gibi etkisi oldu? <\/b><\/p>\n<p>Ma\u011fusa yukar\u0131da bahsetti\u011fim sava\u015fa yani 1974 y\u0131l\u0131na kadar gerek turizmde gerekse limandaki faaliyetler a\u00e7\u0131s\u0131ndan t\u00fcm adan\u0131n yar\u0131s\u0131ndan fazla i\u015f hacminin ya\u015fand\u0131\u011f\u0131 b\u00f6lgeydi.<\/p>\n<p>Ma\u011fusa, b\u00fcy\u00fck bir tarihi ve turistik alanda d\u00f6rt bin y\u0131ll\u0131k ge\u00e7mi\u015fiyle yani Engomi, Salamis ve Ma\u011fusa antik kentleri ve de Mara\u015f\u2019taki kumsal ve turistik tesisleriyle sadece K\u0131br\u0131s\u2019ta de\u011fil t\u00fcm Do\u011fu Akdeniz ve Ortado\u011fu\u2019nun turizmde lider kenti durumundayd\u0131.<\/p>\n<p>Liman ise adada gemilerin r\u0131ht\u0131m\u0131na kadar yana\u015ft\u0131\u011f\u0131, gerek ticaret gerekse turistik \u00f6zellikleriyle t\u00fcm b\u00f6lgenin \u00e7ekim merkeziydi.<\/p>\n<p>Ma\u011fusa, Mara\u015f ve liman\u0131yla beraber i\u015fsizli\u011fin olmad\u0131\u011f\u0131, hatta t\u00fcm Karpaz ve Mesarya k\u00f6ylerindeki \u00e7al\u0131\u015fan n\u00fcfusun b\u00fcy\u00fck bir \u00e7o\u011funlu\u011funun ekmek teknesiydi. 1974 sonras\u0131nda Ma\u011fusa liman\u0131 K\u0131br\u0131s Cumhuriyeti taraf\u0131ndan illegal liman ilan edilmi\u015f, liman askeri otoritenin kontrol\u00fcne devredilmi\u015f ve bir k\u0131sm\u0131 tamam\u0131yla askere b\u0131rak\u0131lm\u0131\u015ft\u0131r. Ayr\u0131ca \u00fclkede ve b\u00f6lgede, \u00fcretimin ve ihracat\u0131n da azalmas\u0131yla beraber \u015fu an i\u00e7in ge\u00e7mi\u015fteki rekabet \u00fcst\u00fc de\u011ferlerinin t\u00fcm\u00fcn\u00fc yitirmi\u015ftir.<\/p>\n<p>Bununla beraber 1974 y\u0131l\u0131na kadar Ma\u011fusa\u2019da geli\u015fen n\u00fcfusa ve Mara\u015f\u2019taki turizme y\u00f6nelik tar\u0131m ve k\u00fc\u00e7\u00fck sanayi alanlar\u0131nda \u00fcretimin tepe yapt\u0131\u011f\u0131 bir kent vard\u0131. Sulu ziraatta t\u00fcm ye\u015filliklerin yan\u0131nda patates ve portakal gibi \u00fcr\u00fcnlerin b\u00fcy\u00fck oranda ihracat\u0131 da yap\u0131lmaktayd\u0131. Meyve ve sebzeyle beraber, patates gibi \u00fcr\u00fcnlerin i\u015flendi\u011fi, meyve sular\u0131, \u00e7ips gibi \u00fcr\u00fcnlerin \u00fcretildi\u011fi fabrikalarla birlikte, Mara\u015f\u2019ta h\u0131zla b\u00fcy\u00fcyen yap\u0131ya lojistik destek veren (deterjan, plastik \u015fi\u015fe, kasa ve sandalye, koltuk, s\u00fcnger, yatak vs) gibi k\u00fc\u00e7\u00fck sanayi \u00fcretimi de yap\u0131lmaktayd\u0131. Hatta 1974 sava\u015f\u0131ndan sonra Sanayi Holding ad\u0131 alt\u0131nda kamula\u015ft\u0131r\u0131lan bu fabrikalarda b\u00f6lgede binlerce ki\u015fi y\u0131llarca i\u015f bulmaya devam etmi\u015fti. Daha sonra gerek d\u0131\u015fsal gerekse yap\u0131sal nedenlerden dolay\u0131 bu fabrikalar ya kapanm\u0131\u015f ya da \u00f6zel sekt\u00f6re devredilmi\u015ftir.<\/p>\n<p>Yukar\u0131da sayd\u0131\u011f\u0131m t\u00fcm bu nedenlerden dolay\u0131 b\u00f6lgemiz \u015fu anda ekonomik ve sosyal alanda b\u00fcy\u00fck bir gerileme ya\u015famaktad\u0131r. Sadece Do\u011fu Akdeniz \u00dcniversitesi, \u00e7ok s\u0131n\u0131rl\u0131 ve \u00f6zellikle kendi kamp\u00fcs\u00fc i\u00e7ine kapanan yap\u0131s\u0131yla b\u00f6lgeye ciddi bir katk\u0131 yapamamaktad\u0131r. B\u00f6lgenin suni solunumla ya\u015fayabildi\u011fini s\u00f6yleyebiliriz.<\/p>\n<p style=\"text-align: center;\">\u00a0<a href=\"https:\/\/baraka.cc\/wp-content\/uploads\/2016\/08\/IMG_3541.jpg\"><img decoding=\"async\" loading=\"lazy\" class=\"size-medium wp-image-4331 aligncenter\" alt=\"IMG_3541\" src=\"https:\/\/baraka.cc\/wp-content\/uploads\/2016\/08\/IMG_3541-300x187.jpg\" width=\"300\" height=\"187\" srcset=\"https:\/\/baraka.cc\/wp-content\/uploads\/2016\/08\/IMG_3541-300x187.jpg 300w, https:\/\/baraka.cc\/wp-content\/uploads\/2016\/08\/IMG_3541.jpg 800w\" sizes=\"(max-width: 300px) 100vw, 300px\" \/><\/a><\/p>\n<p><b>Ma\u011fusa kentinin \u00f6zellikle tarihi anlamda kalbi olan ayr\u0131ca turistik de bir b\u00f6lge olan Suri\u00e7i uzun zamandan beri adeta kaderine terk edilmi\u015f durumda. Mara\u015f\u2019\u0131n kapal\u0131 olmas\u0131 Ma\u011fusa, \u00f6zellikle Suri\u00e7i\u2019nin sosyal ve k\u00fclt\u00fcrel ya\u015fam\u0131n\u0131 nas\u0131l etkiliyor? Tek fakt\u00f6r bu mudur yoksa ba\u015fka fakt\u00f6rler de var m\u0131d\u0131r?<\/b><\/p>\n<p>Suri\u00e7i d\u00fcnyadaki Orta\u00e7a\u011f kentlerinin en \u00f6nemlilerinden bir tanesidir. \u00c7ok ciddi bi\u00e7imde korunmu\u015f, surlar\u0131, katedral, kilise ve t\u00fcm an\u0131tsal yap\u0131lar\u0131yla ge\u00e7mi\u015fin heybetini hala daha yans\u0131t\u0131yor. 1974 sonras\u0131 Suri\u00e7i kentindeki t\u00fcm dengeler alt \u00fcst olmu\u015ftur. Ma\u011fusa\u2019da K\u0131br\u0131sl\u0131 Rumlar\u0131n ya\u015fad\u0131\u011f\u0131 b\u00f6lgelerin bo\u015falmas\u0131yla beraber Suri\u00e7i\u2019nde ya\u015fayan bir\u00e7ok Ma\u011fusal\u0131, K\u0131br\u0131sl\u0131 Rumlardan bo\u015falan evlere veya daha sonra kent d\u0131\u015f\u0131nda yapt\u0131klar\u0131 evlere ya da sosyal konutlara ta\u015f\u0131nm\u0131\u015ft\u0131r. Suri\u00e7i ciddi bi\u00e7imde terkedilmi\u015f, \u00e7ar\u015f\u0131 merkezi surlar\u0131n d\u0131\u015f\u0131na kaym\u0131\u015ft\u0131r. Liman \u00e7ekim merkezi olmaktan \u00e7\u0131km\u0131\u015f, limanda i\u015fleyen n\u00fcfusun azalmas\u0131 limana kom\u015fu Suri\u00e7i\u2019ni de olumsuz etkilemi\u015ftir.<\/p>\n<p>Bu arada Mara\u015f\u2019\u0131n da insans\u0131zla\u015ft\u0131r\u0131lmas\u0131yla beraber turistik niteli\u011fini de kaybetmi\u015f bir tarihi doku h\u0131zla de\u011fersizle\u015fmi\u015ftir. Kentin turistik aktivitesi dibe vurmu\u015f, tarihi dokuya anlam y\u00fckleyen turizmin bitmesi, Suri\u00e7i\u2019ni bir anda \u0131ss\u0131z ve karanl\u0131k bir yap\u0131ya d\u00f6n\u00fc\u015ft\u00fcrm\u00fc\u015ft\u00fcr.<\/p>\n<p>Kapal\u0131 Mara\u015f\u2019\u0131n insans\u0131z ve hayalet bir \u015fehir olmas\u0131, Suri\u00e7i\u2019nin makus talihini yenememesinin en b\u00fcy\u00fck sebebidir.<\/p>\n<p>&nbsp;<\/p>\n<p><b>Ma\u011fusa \u0130nisiyatifi\u2019nin yapt\u0131\u011f\u0131 tespitler do\u011frultusunda ortaya \u00e7\u0131kan Ma\u011fusa-Mara\u015f form\u00fcl\u00fc nedir? Sizce bu form\u00fcl K\u0131br\u0131s sorununa nas\u0131l y\u00f6n verecektir?<\/b><\/p>\n<p>\u0130nisiyatifimizin K\u0131br\u0131s sorununun \u00e7\u00f6z\u00fclmesi i\u00e7in g\u00fc\u00e7l\u00fc bir dinamizme ve ortak bir ekonomik alana sahip olunmas\u0131 gerekti\u011fini tespit etmi\u015ftir. Bu potansiyelin de b\u00f6lgemizde oldu\u011funu d\u00fc\u015f\u00fcnmektedir.<\/p>\n<p>Ma\u011fusa \u0130nisiyatifi, ayr\u0131ca y\u0131llar boyu s\u00fcregiden ve kendi stat\u00fckosunu olu\u015fturan m\u00fczakere s\u00fcrecinin sadece liderlerin inisiyatifiyle ve mevcut metodolojiyle \u00e7\u00f6z\u00fclemeyece\u011fini de d\u00fc\u015f\u00fcn\u00fcyor. Her \u00e7\u00f6z\u00fcm s\u00fcreci yeni sorunlar ve anla\u015fmazl\u0131klarla sonu\u00e7lanmaya adayd\u0131r.<\/p>\n<p>T\u00fcm bu k\u0131s\u0131r d\u00f6ng\u00fcy\u00fc k\u0131rmak i\u00e7in toplumlar\u0131n Ma\u011fusa b\u00f6lgesinden ba\u015flayarak sosyal, k\u00fclt\u00fcrel ama en \u00f6nemlisi ekonomik alanda i\u015fbirli\u011fine ba\u015flamas\u0131 gerekmektedir. Bunun i\u00e7in de sadece ada \u00e7ap\u0131nda de\u011fil, uluslararas\u0131 toplumda da yank\u0131 bulan \u00f6nerilerimizde hala daha \u0131srarc\u0131y\u0131z. Ma\u011fusa Liman\u0131 illegal liman olmaktan \u00e7\u0131kar\u0131lmal\u0131 ve AB g\u00f6zetiminde uluslararas\u0131 deniz ticaretine engelsiz tekrardan dahil edilmeli, Mara\u015f BM g\u00f6zetiminde yasal sahiplerine iade edilmeli, Ma\u011fusa Suri\u00e7i de K\u0131br\u0131s Cumhuriyeti\u2019nin de \u00f6nerisiyle UNESCO D\u00fcnya K\u00fclt\u00fcr Miras\u0131 Listesi\u2019ne dahil edilmeli ve restorasyonu i\u00e7in t\u00fcm uluslararas\u0131 fonlardan derhal yararland\u0131r\u0131lmal\u0131d\u0131r.<\/p>\n<p>Bu \u00fc\u00e7 ayakl\u0131 form\u00fcl\u00fcn kar\u015f\u0131l\u0131kl\u0131 olarak iki toplumun her t\u00fcrl\u00fc ileti\u015fimine ve yak\u0131nla\u015fmas\u0131na ciddi katk\u0131 koyup, b\u00f6lgedeki i\u015fsizli\u011fe \u00e7are bulurken, sermayenin de i\u015fbirli\u011fini sa\u011flayacak ve siyasetin toplumlar\u0131 ayr\u0131\u015ft\u0131ran, b\u00f6l\u00fcc\u00fc etkisini k\u0131racakt\u0131r. B\u00f6lgede yarat\u0131lan ciddi bir ekonomik potansiyel, sosyal k\u00fclt\u00fcrel ileti\u015fimle beraber K\u0131br\u0131s sorununun \u00e7\u00f6z\u00fcm\u00fcnde toplumlar\u0131 da devreye sokacakt\u0131r. Halklar\u0131n K\u0131br\u0131s sorununun \u00e7\u00f6z\u00fcm\u00fcnde tarihsel olarak devre d\u0131\u015f\u0131nda kal\u0131\u015f\u0131 ve ortak hareket edememesi de b\u00f6ylelikle son bulacakt\u0131r.<\/p>\n<p>&nbsp;<\/p>\n<p><b>Sizce Mara\u015f konusunda K\u0131br\u0131s&#8217;\u0131n g\u00fcneyindeki sol ve ilerici \u00f6rg\u00fctler neo-liberalizme ve radikal sa\u011fa kar\u015f\u0131 \u00f6rg\u00fctl\u00fc ve ayaklar\u0131 yere basan bir m\u00fccadele verebiliyor mudur?<\/b><\/p>\n<p>Mara\u015f konusunda adan\u0131n g\u00fcneyindeki \u00f6rg\u00fctlerle ancak son 6 y\u0131lda ciddi temaslar\u0131m\u0131z oldu. G\u00fcneydeki sivil toplumun daha \u00e7ok siyasetin g\u00f6lgesinde kald\u0131\u011f\u0131 ve pek geli\u015fmedi\u011fini s\u00f6yleyebilirim. \u00d6zellikle bizlerin Ma\u011fusa\u2019dan din, dil ve ulus fark\u0131 g\u00f6zetmeksizin evrensel bir anlay\u0131\u015fla ve enternasyonalist bir refleksle ortaya koydu\u011fumuz d\u00fc\u015f\u00fcnce ve eylemler K\u0131br\u0131sl\u0131 Rumlar\u0131 da etkiledi. Onlar\u0131 siyasetin g\u00f6lgesinden kurtarm\u0131\u015f ve onlara ger\u00e7ek bir sivil toplum olmay\u0131 hat\u0131rlatt\u0131. Beraber hareket etmek i\u00e7in bizlerle temas ettiler.<\/p>\n<p>Bu arada \u0130ki Toplumlu Ma\u011fusa \u0130nisiyatifi\u2019ni olu\u015fturup farkl\u0131 bir boyutta m\u00fccadeleye devam etmeyi ba\u015fard\u0131k. Orada binlerce \u00fcyesi olan sivil toplum hareketinin olu\u015fumunun \u00f6n\u00fcn\u00fc a\u00e7\u0131p g\u00fcneydeki Ma\u011fusa Kentimiz \u0130nisiyatifi ile beraber hareket ettik.<\/p>\n<p>T\u00fcm bu \u00e7al\u0131\u015fmalar\u0131m\u0131z adan\u0131n b\u00fct\u00fcn\u00fcnde ve uluslararas\u0131 medyada da yank\u0131 buldu.<\/p>\n<p>Haziran ay\u0131 i\u00e7inde University of Cyprus -K\u0131br\u0131s \u00dcniversitesi- taraf\u0131ndan t\u00fcm adada k\u00fclt\u00fcrel ve toplumsal alanda yapt\u0131\u011f\u0131m\u0131z \u00e7al\u0131\u015fmalar nedeniyle de \u00f6zel bir \u00f6d\u00fcle lay\u0131k g\u00f6r\u00fcld\u00fck.<\/p>\n<p>&nbsp;<\/p>\n<p>&nbsp;<\/p>\n<p>&nbsp;<\/p>\n","protected":false},"excerpt":{"rendered":"<p>Emel Karag\u00f6zl\u00fc Cicibaba karagozluemel@gmail.com \u00a0Kapal\u0131 Mara\u015f&#8230; Bu kelimeleri ilk kez duydu\u011fumda ka\u00e7 ya\u015f\u0131nda oldu\u011fumu tam olarak hat\u0131rlam\u0131yorum fakat \u00e7ocuklu\u011fumun \u00e7ok merakl\u0131 bir d\u00f6nemi oldu\u011fundan eminim.<\/p>\n","protected":false},"author":7,"featured_media":4329,"comment_status":"open","ping_status":"open","sticky":false,"template":"","format":"standard","meta":{"jetpack_post_was_ever_published":false,"_jetpack_newsletter_access":"","_jetpack_newsletter_tier_id":0,"jetpack_publicize_message":"","jetpack_is_tweetstorm":false,"jetpack_publicize_feature_enabled":true,"jetpack_social_post_already_shared":true,"jetpack_social_options":{"image_generator_settings":{"template":"highway","enabled":false}}},"categories":[40,67,44,9,43,1,39],"tags":[],"jetpack_publicize_connections":[],"jetpack_featured_media_url":"https:\/\/baraka.cc\/wp-content\/uploads\/2016\/08\/b8ba0f5c-fc0f-41db-9d5f-cafa13a5ca27.jpg","jetpack_shortlink":"https:\/\/wp.me\/p4eHWX-17N","jetpack_sharing_enabled":true,"_links":{"self":[{"href":"https:\/\/baraka.cc\/index.php?rest_route=\/wp\/v2\/posts\/4327"}],"collection":[{"href":"https:\/\/baraka.cc\/index.php?rest_route=\/wp\/v2\/posts"}],"about":[{"href":"https:\/\/baraka.cc\/index.php?rest_route=\/wp\/v2\/types\/post"}],"author":[{"embeddable":true,"href":"https:\/\/baraka.cc\/index.php?rest_route=\/wp\/v2\/users\/7"}],"replies":[{"embeddable":true,"href":"https:\/\/baraka.cc\/index.php?rest_route=%2Fwp%2Fv2%2Fcomments&post=4327"}],"version-history":[{"count":1,"href":"https:\/\/baraka.cc\/index.php?rest_route=\/wp\/v2\/posts\/4327\/revisions"}],"predecessor-version":[{"id":4332,"href":"https:\/\/baraka.cc\/index.php?rest_route=\/wp\/v2\/posts\/4327\/revisions\/4332"}],"wp:featuredmedia":[{"embeddable":true,"href":"https:\/\/baraka.cc\/index.php?rest_route=\/wp\/v2\/media\/4329"}],"wp:attachment":[{"href":"https:\/\/baraka.cc\/index.php?rest_route=%2Fwp%2Fv2%2Fmedia&parent=4327"}],"wp:term":[{"taxonomy":"category","embeddable":true,"href":"https:\/\/baraka.cc\/index.php?rest_route=%2Fwp%2Fv2%2Fcategories&post=4327"},{"taxonomy":"post_tag","embeddable":true,"href":"https:\/\/baraka.cc\/index.php?rest_route=%2Fwp%2Fv2%2Ftags&post=4327"}],"curies":[{"name":"wp","href":"https:\/\/api.w.org\/{rel}","templated":true}]}}