{"id":4450,"date":"2016-09-30T09:44:44","date_gmt":"2016-09-30T07:44:44","guid":{"rendered":"https:\/\/baraka.cc\/?p=4450"},"modified":"2016-09-30T09:44:44","modified_gmt":"2016-09-30T07:44:44","slug":"grev-yerindeydik","status":"publish","type":"post","link":"https:\/\/baraka.cc\/?p=4450","title":{"rendered":"GREV YER\u0130NDEYD\u0130K&#8230;"},"content":{"rendered":"<p style=\"text-align: left;\" align=\"center\">\u00a0<a href=\"https:\/\/baraka.cc\/wp-content\/uploads\/2016\/09\/Emek-I\u0307s\u0327e-destek-ziyareti-1.jpg\"><img decoding=\"async\" loading=\"lazy\" class=\"size-medium wp-image-4445 alignleft\" style=\"border: 1px solid black; margin: 1px;\" alt=\"emek-i%cc%87s%cc%a7e-destek-ziyareti-1\" src=\"https:\/\/baraka.cc\/wp-content\/uploads\/2016\/09\/Emek-I\u0307s\u0327e-destek-ziyareti-1-300x200.jpg\" width=\"300\" height=\"200\" srcset=\"https:\/\/baraka.cc\/wp-content\/uploads\/2016\/09\/Emek-I\u0307s\u0327e-destek-ziyareti-1-300x200.jpg 300w, https:\/\/baraka.cc\/wp-content\/uploads\/2016\/09\/Emek-I\u0307s\u0327e-destek-ziyareti-1.jpg 1024w\" sizes=\"(max-width: 300px) 100vw, 300px\" \/><\/a> Toplumcu Demokrasi Partisi (TDP), Ba\u011f\u0131ms\u0131zl\u0131k Yolu ve Baraka K\u00fclt\u00fcr Merkezi temsilcilerinden olu\u015fan bir heyet, Emek \u0130\u015f&#8217;in Haspolat Ar\u0131tma Tesisi&#8217;nde s\u00fcrd\u00fcrd\u00fc\u011f\u00fc grev yerini ziyaret ederek destek belirtti, sorunun ivedi \u00e7\u00f6z\u00fcm\u00fc konusunda ilgili bakanl\u0131\u011fa \u00e7a\u011fr\u0131da bulundu.<\/p>\n<p style=\"text-align: left;\">\u201c\u0130\u015fletmenin inad\u0131, halk sa\u011fl\u0131\u011f\u0131 i\u00e7in ciddi tehdit yarat\u0131yor\u201d ifadelerinin kullan\u0131ld\u0131\u011f\u0131 \u00e7a\u011fr\u0131da, yo\u011fun metan gaz\u0131 bar\u0131nd\u0131ran tesisinde ya\u015fanan krizin, tesisin i\u015fleyi\u015fini aksatarak b\u00f6lge ve halk sa\u011fl\u0131\u011f\u0131n\u0131 tehdit edebilecek potansiyelde bir g\u00fcvenlik sorunu yaratt\u0131\u011f\u0131 belirtildi.<\/p>\n<p style=\"text-align: left;\">\u00a0\u00a0\u00a0\u00a0\u00a0\u00a0\u00a0\u00a0 TDP, Baraka ve Ba\u011f\u0131ms\u0131zl\u0131k Yolu&#8217;nun sendikas\u0131z \u00e7al\u0131\u015ft\u0131r\u0131lman\u0131n yasaklanmas\u0131 y\u00f6n\u00fcnde m\u00fccadele verdi\u011fi, Meclis&#8217;e Yasa \u00d6nerisi sundu\u011fu ve imza kampanyas\u0131 ba\u015flatt\u0131\u011f\u0131 bir d\u00f6nemde, tam tersine \u00f6zel bir i\u015f yerinde sendikala\u015fma y\u00f6n\u00fcnde ad\u0131m att\u0131\u011f\u0131 gerek\u00e7esiyle sendika temsilcisinin i\u015fine son verilmesinin kabul edilemez oldu\u011fu vurguland\u0131.<\/p>\n<p style=\"text-align: left;\">\u00a0\u00a0\u00a0\u00a0\u00a0\u00a0\u00a0\u00a0 TDP, Baraka ve Ba\u011f\u0131ms\u0131zl\u0131k Yolu taraf\u0131ndan konuyla ilgili olarak yap\u0131lan ortak a\u00e7\u0131klamada, Haspolat&#8217;ta ya\u015fanan geli\u015fmelerin \u00fcz\u00fcnt\u00fc ve endi\u015fe i\u00e7inde takip edildi\u011fi belirtildi, sendikal\u0131 oldu\u011fu i\u00e7in bir i\u015f\u00e7inin i\u015fine son verilmesi ve sonras\u0131nda ya\u015fanan geli\u015fmelerin, sendikas\u0131z \u00e7al\u0131\u015ft\u0131r\u0131lman\u0131n yasaklanmas\u0131n\u0131n elzem bir gereklilik oldu\u011funa dikkat \u00e7ekildi.<\/p>\n<p style=\"text-align: left;\">\u00a0\u00a0\u00a0\u00a0\u00a0\u00a0\u00a0\u00a0 Grevle birlikte 12 ki\u015finin yapt\u0131\u011f\u0131 g\u00f6revin 4 g\u00fcnden beridir bir ki\u015fi taraf\u0131ndan yap\u0131lmaya \u00e7al\u0131\u015f\u0131ld\u0131\u011f\u0131n\u0131, bunun da hem s\u00f6z konusu ki\u015finin sa\u011fl\u0131\u011f\u0131, hem de olas\u0131 risk a\u00e7\u0131s\u0131ndan ciddi tehlike i\u00e7erdi\u011fi belirtilen a\u00e7\u0131klamada, &#8220;Hem s\u00f6z konusu ki\u015finin sa\u011fl\u0131\u011f\u0131na zarar vermeden, hem de olas\u0131 i\u015f kazalar\u0131n\u0131n \u00f6n\u00fcne ge\u00e7mek ad\u0131na \u00e7ok ivedi ad\u0131m at\u0131lmal\u0131d\u0131r. Bu noktada da en b\u00fcy\u00fck g\u00f6rev ilgili bakanl\u0131\u011fa d\u00fc\u015fmektedir. Bu konu bir saniye bile geciktirilmeyecek kadar \u00f6nem arz etmektedir&#8221; ifadelerine yer verildi.<\/p>\n","protected":false},"excerpt":{"rendered":"<p>\u00a0 Toplumcu Demokrasi Partisi (TDP), Ba\u011f\u0131ms\u0131zl\u0131k Yolu ve Baraka K\u00fclt\u00fcr Merkezi temsilcilerinden olu\u015fan bir heyet, Emek \u0130\u015f&#8217;in Haspolat Ar\u0131tma Tesisi&#8217;nde s\u00fcrd\u00fcrd\u00fc\u011f\u00fc grev yerini ziyaret ederek<\/p>\n","protected":false},"author":3,"featured_media":4445,"comment_status":"open","ping_status":"open","sticky":false,"template":"","format":"standard","meta":{"jetpack_post_was_ever_published":false,"_jetpack_newsletter_access":"","_jetpack_newsletter_tier_id":0,"jetpack_publicize_message":"","jetpack_is_tweetstorm":false,"jetpack_publicize_feature_enabled":true,"jetpack_social_post_already_shared":true,"jetpack_social_options":{"image_generator_settings":{"template":"highway","enabled":false}}},"categories":[9,1],"tags":[],"jetpack_publicize_connections":[],"jetpack_featured_media_url":"https:\/\/baraka.cc\/wp-content\/uploads\/2016\/09\/Emek-I\u0307s\u0327e-destek-ziyareti-1.jpg","jetpack_shortlink":"https:\/\/wp.me\/p4eHWX-19M","jetpack_sharing_enabled":true,"_links":{"self":[{"href":"https:\/\/baraka.cc\/index.php?rest_route=\/wp\/v2\/posts\/4450"}],"collection":[{"href":"https:\/\/baraka.cc\/index.php?rest_route=\/wp\/v2\/posts"}],"about":[{"href":"https:\/\/baraka.cc\/index.php?rest_route=\/wp\/v2\/types\/post"}],"author":[{"embeddable":true,"href":"https:\/\/baraka.cc\/index.php?rest_route=\/wp\/v2\/users\/3"}],"replies":[{"embeddable":true,"href":"https:\/\/baraka.cc\/index.php?rest_route=%2Fwp%2Fv2%2Fcomments&post=4450"}],"version-history":[{"count":3,"href":"https:\/\/baraka.cc\/index.php?rest_route=\/wp\/v2\/posts\/4450\/revisions"}],"predecessor-version":[{"id":4453,"href":"https:\/\/baraka.cc\/index.php?rest_route=\/wp\/v2\/posts\/4450\/revisions\/4453"}],"wp:featuredmedia":[{"embeddable":true,"href":"https:\/\/baraka.cc\/index.php?rest_route=\/wp\/v2\/media\/4445"}],"wp:attachment":[{"href":"https:\/\/baraka.cc\/index.php?rest_route=%2Fwp%2Fv2%2Fmedia&parent=4450"}],"wp:term":[{"taxonomy":"category","embeddable":true,"href":"https:\/\/baraka.cc\/index.php?rest_route=%2Fwp%2Fv2%2Fcategories&post=4450"},{"taxonomy":"post_tag","embeddable":true,"href":"https:\/\/baraka.cc\/index.php?rest_route=%2Fwp%2Fv2%2Ftags&post=4450"}],"curies":[{"name":"wp","href":"https:\/\/api.w.org\/{rel}","templated":true}]}}