{"id":4498,"date":"2016-10-24T09:19:33","date_gmt":"2016-10-24T07:19:33","guid":{"rendered":"https:\/\/baraka.cc\/?p=4498"},"modified":"2016-10-24T09:19:33","modified_gmt":"2016-10-24T07:19:33","slug":"baraka-kultur-merkezi-ve-biyologlar-derneginden-doga-yuruyusu","status":"publish","type":"post","link":"https:\/\/baraka.cc\/?p=4498","title":{"rendered":"BARAKA K\u00dcLT\u00dcR MERKEZ\u0130 VE B\u0130YOLOGLAR DERNE\u011e\u0130NDEN DO\u011eA Y\u00dcR\u00dcY\u00dc\u015e\u00dc"},"content":{"rendered":"<p>Baraka K\u00fclt\u00fcr Merkezi ve Biyologlar Derne\u011fi 30 Ekim Pazar g\u00fcn\u00fc Alevkayas\u0131\u2019nda do\u011fa y\u00fcr\u00fcy\u00fc\u015f\u00fc d\u00fczenliyor. Dernek \u00fcyelerinin yan\u0131 s\u0131ra halka a\u00e7\u0131k olacak etkinlik, sabah 9.30\u2019da Alevkayas\u0131\u2019ndaki restorant\u0131n \u00f6n\u00fcnden ba\u015flayacak.<\/p>\n<p>Biyolog Prof. Dr. Salih G\u00fccel\u2019in rehberli\u011fi e\u015fli\u011finde ger\u00e7ekle\u015fecek y\u00fcr\u00fcy\u00fc\u015fte yakla\u015f\u0131k 4 kilometrelik orta zorlukta, \u00e7ocuklara da uygun bir parkur takip edilecek. G\u00fczergah \u00fczerindeki Ermeni Manast\u0131r\u0131\u2019nda mola verilerek k\u0131sa bir pikni\u011fin de yap\u0131laca\u011f\u0131 y\u00fcr\u00fcy\u00fc\u015f, Girne Kayas\u0131 seyir yerinde tamamlanacak.<\/p>\n<p><b>\u201cSevmek tan\u0131makla ba\u015flar\u201d<\/b><\/p>\n<p>Derneklerden yap\u0131lan a\u00e7\u0131klamada \u201csevmek tan\u0131makla ba\u015flar\u201d denerek, korumak ve sevmek i\u00e7in \u00fclkemizi ve do\u011fam\u0131z\u0131 daha yak\u0131ndan tan\u0131mak maksad\u0131yla bu t\u00fcr etkinlikler yap\u0131ld\u0131\u011f\u0131 vurguland\u0131.<\/p>\n<p>Kat\u0131l\u0131m \u00fccretsiz olup, gelmek isteyenlerin 30 Ekim Pazar sabah\u0131 9.30\u2019da Alevkayas\u0131 restorant\u0131n\u0131n \u00f6n\u00fcnde bulunmalar\u0131 ve yanlar\u0131nda su ile yiyecek getirmeleri duyuruldu.<\/p>\n","protected":false},"excerpt":{"rendered":"<p>Baraka K\u00fclt\u00fcr Merkezi ve Biyologlar Derne\u011fi 30 Ekim Pazar g\u00fcn\u00fc Alevkayas\u0131\u2019nda do\u011fa y\u00fcr\u00fcy\u00fc\u015f\u00fc d\u00fczenliyor. Dernek \u00fcyelerinin yan\u0131 s\u0131ra halka a\u00e7\u0131k olacak etkinlik, sabah 9.30\u2019da Alevkayas\u0131\u2019ndaki<\/p>\n","protected":false},"author":3,"featured_media":4499,"comment_status":"open","ping_status":"open","sticky":false,"template":"","format":"standard","meta":{"jetpack_post_was_ever_published":false,"_jetpack_newsletter_access":"","_jetpack_newsletter_tier_id":0,"jetpack_publicize_message":"","jetpack_is_tweetstorm":false,"jetpack_publicize_feature_enabled":true,"jetpack_social_post_already_shared":true,"jetpack_social_options":{"image_generator_settings":{"template":"highway","enabled":false}}},"categories":[9,1],"tags":[],"jetpack_publicize_connections":[],"jetpack_featured_media_url":"https:\/\/baraka.cc\/wp-content\/uploads\/2016\/10\/14805363_10153425742257395_262491539_n.jpg","jetpack_shortlink":"https:\/\/wp.me\/p4eHWX-1ay","jetpack_sharing_enabled":true,"_links":{"self":[{"href":"https:\/\/baraka.cc\/index.php?rest_route=\/wp\/v2\/posts\/4498"}],"collection":[{"href":"https:\/\/baraka.cc\/index.php?rest_route=\/wp\/v2\/posts"}],"about":[{"href":"https:\/\/baraka.cc\/index.php?rest_route=\/wp\/v2\/types\/post"}],"author":[{"embeddable":true,"href":"https:\/\/baraka.cc\/index.php?rest_route=\/wp\/v2\/users\/3"}],"replies":[{"embeddable":true,"href":"https:\/\/baraka.cc\/index.php?rest_route=%2Fwp%2Fv2%2Fcomments&post=4498"}],"version-history":[{"count":1,"href":"https:\/\/baraka.cc\/index.php?rest_route=\/wp\/v2\/posts\/4498\/revisions"}],"predecessor-version":[{"id":4500,"href":"https:\/\/baraka.cc\/index.php?rest_route=\/wp\/v2\/posts\/4498\/revisions\/4500"}],"wp:featuredmedia":[{"embeddable":true,"href":"https:\/\/baraka.cc\/index.php?rest_route=\/wp\/v2\/media\/4499"}],"wp:attachment":[{"href":"https:\/\/baraka.cc\/index.php?rest_route=%2Fwp%2Fv2%2Fmedia&parent=4498"}],"wp:term":[{"taxonomy":"category","embeddable":true,"href":"https:\/\/baraka.cc\/index.php?rest_route=%2Fwp%2Fv2%2Fcategories&post=4498"},{"taxonomy":"post_tag","embeddable":true,"href":"https:\/\/baraka.cc\/index.php?rest_route=%2Fwp%2Fv2%2Ftags&post=4498"}],"curies":[{"name":"wp","href":"https:\/\/api.w.org\/{rel}","templated":true}]}}