{"id":4503,"date":"2016-10-28T11:32:20","date_gmt":"2016-10-28T09:32:20","guid":{"rendered":"https:\/\/baraka.cc\/?p=4503"},"modified":"2016-10-28T11:32:20","modified_gmt":"2016-10-28T09:32:20","slug":"baraka-hukumetin-ileri-saat-uygulamasinda-kalma-kararini-tanimiyoruz","status":"publish","type":"post","link":"https:\/\/baraka.cc\/?p=4503","title":{"rendered":"BARAKA: H\u00fck\u00fcmetin \u0130leri Saat Uygulamas\u0131nda Kalma Karar\u0131n\u0131 Tan\u0131m\u0131yoruz"},"content":{"rendered":"<p><b><a href=\"https:\/\/baraka.cc\/wp-content\/uploads\/2016\/10\/saat.jpg\"><img decoding=\"async\" loading=\"lazy\" class=\"size-medium wp-image-4504 alignleft\" alt=\"saat\" src=\"https:\/\/baraka.cc\/wp-content\/uploads\/2016\/10\/saat-300x170.jpg\" width=\"300\" height=\"170\" srcset=\"https:\/\/baraka.cc\/wp-content\/uploads\/2016\/10\/saat-300x170.jpg 300w, https:\/\/baraka.cc\/wp-content\/uploads\/2016\/10\/saat.jpg 580w\" sizes=\"(max-width: 300px) 100vw, 300px\" \/><\/a><\/b>B\u00f6lgemizde ileri saat uygulamas\u0131nda olan \u00fclkeler 29 Ekim Cumartesi ak\u015fam\u0131 k\u0131\u015f saatine d\u00f6n\u00fcp saatlerini bir saat geriye al\u0131rken; kktc kendi tarihine yeni bir abs\u00fcrdl\u00fck ekleyerek bunun d\u0131\u015f\u0131nda kal\u0131yor.<\/p>\n<p>Baraka olarak, toplumun s\u0131rt\u0131nda a\u011f\u0131r bir y\u00fck haline\u00a0geldi\u011fini her icraat\u0131 ile tekrar tekrar ispatlayan, halktan tamamen kopmu\u015f ve en ufak bir mant\u0131k belirtisi g\u00f6stermeksizin k\u00f6ks\u00fcz bir savrulma i\u00e7erisinde olan i\u015fbirlik\u00e7i UBP-DP h\u00fck\u00fcmetinin bu karar\u0131n\u0131 reddediyoruz.<\/p>\n<p>\u0130leri saat uygulamas\u0131n\u0131n \u00e7e\u015fitli y\u00f6nleri ile ne kadar olumlu veya olumsuz oldu\u011funa ili\u015fkin \u00e7ok boyutlu tart\u0131\u015fmalar yap\u0131labilir. Halk\u0131n bedensel sa\u011fl\u0131\u011f\u0131, bireylerin psikolojisi, ekonominin yap\u0131s\u0131 a\u00e7\u0131s\u0131ndan fayda ve zararlar\u0131na ili\u015fkin bilimsel anlamda yar\u0131\u015fan lehte ve aleyhte farkl\u0131 g\u00f6r\u00fc\u015flerin mevcudiyetini biliyoruz. Ayr\u0131ca bu uygulaman\u0131n d\u00fcnyadaki baz\u0131 \u00fclkeler taraf\u0131ndan kendi ko\u015fullar\u0131na uygun olmad\u0131\u011f\u0131 gerek\u00e7esiyle benimsenmedi\u011fi de bir ger\u00e7ektir. Ancak bizim \u00fclkemizde ger\u00e7ekle\u015fen abs\u00fcrtl\u00fc\u011f\u00fcn bu konularla herhangi bir ili\u015fkisi yoktur ve yeni uygulaman\u0131n bizim ko\u015fullar\u0131m\u0131zda nas\u0131l bir yarar\u0131 olaca\u011f\u0131na ili\u015fkin hi\u00e7bir bilimsel veri sunulmam\u0131\u015ft\u0131r.<br \/>\nKabul edilemez olan \u015fey; kullanaca\u011f\u0131m\u0131z saat dilimine karar verilmesi esnas\u0131nda halk\u0131n, \u00f6rg\u00fctl\u00fc kesimlerin, farkl\u0131 alanlardaki bilim insanlar\u0131n\u0131n ve genel olarak toplumun hi\u00e7bir tart\u0131\u015fma yapmas\u0131na f\u0131rsat verilmemesi, bu uygulaman\u0131n fayda ve zararlar\u0131n\u0131n konu\u015fulmamas\u0131 ve karar\u0131n demokratik olmayan y\u00f6ntemlerle ve zorbaca al\u0131nm\u0131\u015f olmas\u0131d\u0131r. Duygu ve d\u00fc\u015f\u00fcncelerimizden, istek ve ihtiya\u00e7lar\u0131m\u0131zdan tamamen kopuk on tane i\u015fbirlik\u00e7inin ald\u0131\u011f\u0131 bir karar ile halk\u0131n ya\u015fam kalitesi belirlenmeye \u00e7al\u0131\u015f\u0131lmaktad\u0131r.<\/p>\n<p>\u00dcstelik 29 Ekim gecesinden itibaren, b\u00f6l\u00fcnm\u00fc\u015f \u00fclkemizin her iki yar\u0131s\u0131nda farkl\u0131 saat uygulamalar\u0131 y\u00fcr\u00fcrl\u00fc\u011fe girecektir. Bu durum salt romantik bir bar\u0131\u015f savunusu a\u00e7\u0131s\u0131ndan de\u011fil; bu \u00fclkede ya\u015fayan insanlar\u0131n g\u00fcnl\u00fck ya\u015fam prati\u011fi a\u00e7\u0131s\u0131ndan da olumsuzluklar i\u00e7ermektedir. K\u0131br\u0131s Cumhuriyeti\u2019nde okuyan bir gencin veya ekme\u011fini K\u0131br\u0131s\u2019\u0131n g\u00fcneyinde kazanan bir ki\u015finin g\u00fcnl\u00fck hayat\u0131 tam bir karma\u015faya d\u00f6n\u00fc\u015fecektir. Kuzeydeki saate g\u00f6re uyuyup, g\u00fcneydeki saate g\u00f6re uyanarak i\u015fine giden, \u00fcstelik ailesinin di\u011fer bireyleri kuzeydeki saate g\u00f6re \u00e7al\u0131\u015fmakta olan bir bireyin sosyal hayat\u0131n\u0131n nas\u0131l etkilenece\u011fini d\u00fc\u015f\u00fcnmek dahi m\u00fcmk\u00fcn de\u011fildir. Sa\u011fl\u0131k sistemimizdeki yetersizliklerden dolay\u0131 g\u00fcneyde sa\u011fl\u0131k hizmeti alan ki\u015filer ise daha \u015fimdiden, sa\u011fl\u0131k sorunlar\u0131na bir de saat kayg\u0131s\u0131 eklemi\u015f durumdad\u0131rlar.<br \/>\n\u0130\u015fbirlik\u00e7i UBP-DP h\u00fck\u00fcmeti, saatlere ili\u015fkin karar\u0131n\u0131 al\u0131rken bu sayd\u0131klar\u0131m\u0131zdan herhangi birini d\u00fc\u015f\u00fcnmemi\u015f veya toplumun herhangi bir kesimi ile tart\u0131\u015fmam\u0131\u015ft\u0131r. Her zaman yapt\u0131\u011f\u0131 gibi TC\u2019deki uygulaman\u0131n bire bir kopyalanmas\u0131ndan ibaret olan prati\u011fini s\u00fcrd\u00fcren bir h\u00fck\u00fcmet ile kar\u015f\u0131 kar\u015f\u0131yay\u0131z. TC\u2019de olagan\u00fcst\u00fc hal uygulamas\u0131 i\u00e7erisinde diktat\u00f6rce davranmakta olan AKP\u2019nin, saat uygulamas\u0131 ile ilgili de\u011fi\u015fikli\u011finin T\u00fcrkiye halklar\u0131 a\u00e7\u0131s\u0131ndan ne ifade etti\u011fi ayr\u0131ca sorgulanabilir. Ancak sorun \u015fudur ki, bu karar T\u00fcrkiye a\u00e7\u0131s\u0131ndan m\u00fckemmel bir karar olsayd\u0131 dahi, bizim b\u00fcnyemize uygun olup olmad\u0131\u011f\u0131 gene de tart\u0131\u015fmal\u0131d\u0131r. Ve b\u00f6yle bir tart\u0131\u015fmay\u0131 yapma \u015fans\u0131 bizim halk\u0131m\u0131za verilmemi\u015ftir.<\/p>\n<p>Bu nedenlerle, Baraka olarak i\u015fbirlik\u00e7i h\u00fck\u00fcmetin ileri saat uygulamas\u0131nda kalma karar\u0131n\u0131 tan\u0131mad\u0131\u011f\u0131m\u0131z\u0131, bu karar\u0131 uygulamayaca\u011f\u0131m\u0131z\u0131, kendi halk\u0131ndan kopmu\u015f ve hi\u00e7bir me\u015frulu\u011fu kalmam\u0131\u015f bir grup zorban\u0131n dayatmalar\u0131na boyun e\u011fmeyece\u011fimizi ilan ediyoruz. Baraka\u2019n\u0131n t\u00fcm eylem ve etkinliklerinde bu karar\u0131 tan\u0131mad\u0131\u011f\u0131m\u0131z\u0131 tekrar tekrar ifade edecek ve \u00f6rg\u00fctsel saatimizi 29 Ekim Cumartesi gecesi bir saat geri alaca\u011f\u0131z. Bundan b\u00f6yle ve bu yanl\u0131\u015f ad\u0131mdan geri d\u00f6n\u00fclene veya biz bu yanl\u0131\u015f\u0131 bizzat kendi ellerimizle ortadan kald\u0131rana kadar, Baraka duyurular\u0131nda me\u015fru k\u0131\u015f saatini kullanacakt\u0131r. T\u00fcm dostlar\u0131m\u0131za ve onurlu K\u0131br\u0131sl\u0131 T\u00fcrk halk\u0131na sayg\u0131 ile duyururuz.<\/p>\n<p><b>Baraka K\u00fclt\u00fcr Merkezi\u00a0<\/b><\/p>\n","protected":false},"excerpt":{"rendered":"<p>B\u00f6lgemizde ileri saat uygulamas\u0131nda olan \u00fclkeler 29 Ekim Cumartesi ak\u015fam\u0131 k\u0131\u015f saatine d\u00f6n\u00fcp saatlerini bir saat geriye al\u0131rken; kktc kendi tarihine yeni bir abs\u00fcrdl\u00fck ekleyerek<\/p>\n","protected":false},"author":1,"featured_media":0,"comment_status":"open","ping_status":"open","sticky":false,"template":"","format":"standard","meta":{"jetpack_post_was_ever_published":false,"_jetpack_newsletter_access":"","_jetpack_newsletter_tier_id":0,"jetpack_publicize_message":"","jetpack_is_tweetstorm":false,"jetpack_publicize_feature_enabled":true,"jetpack_social_post_already_shared":true,"jetpack_social_options":{"image_generator_settings":{"template":"highway","enabled":false}}},"categories":[41,38,9,1],"tags":[],"jetpack_publicize_connections":[],"jetpack_featured_media_url":"","jetpack_shortlink":"https:\/\/wp.me\/p4eHWX-1aD","jetpack_sharing_enabled":true,"_links":{"self":[{"href":"https:\/\/baraka.cc\/index.php?rest_route=\/wp\/v2\/posts\/4503"}],"collection":[{"href":"https:\/\/baraka.cc\/index.php?rest_route=\/wp\/v2\/posts"}],"about":[{"href":"https:\/\/baraka.cc\/index.php?rest_route=\/wp\/v2\/types\/post"}],"author":[{"embeddable":true,"href":"https:\/\/baraka.cc\/index.php?rest_route=\/wp\/v2\/users\/1"}],"replies":[{"embeddable":true,"href":"https:\/\/baraka.cc\/index.php?rest_route=%2Fwp%2Fv2%2Fcomments&post=4503"}],"version-history":[{"count":1,"href":"https:\/\/baraka.cc\/index.php?rest_route=\/wp\/v2\/posts\/4503\/revisions"}],"predecessor-version":[{"id":4505,"href":"https:\/\/baraka.cc\/index.php?rest_route=\/wp\/v2\/posts\/4503\/revisions\/4505"}],"wp:attachment":[{"href":"https:\/\/baraka.cc\/index.php?rest_route=%2Fwp%2Fv2%2Fmedia&parent=4503"}],"wp:term":[{"taxonomy":"category","embeddable":true,"href":"https:\/\/baraka.cc\/index.php?rest_route=%2Fwp%2Fv2%2Fcategories&post=4503"},{"taxonomy":"post_tag","embeddable":true,"href":"https:\/\/baraka.cc\/index.php?rest_route=%2Fwp%2Fv2%2Ftags&post=4503"}],"curies":[{"name":"wp","href":"https:\/\/api.w.org\/{rel}","templated":true}]}}