{"id":4512,"date":"2016-11-03T13:51:24","date_gmt":"2016-11-03T11:51:24","guid":{"rendered":"https:\/\/baraka.cc\/?p=4512"},"modified":"2016-11-03T13:51:24","modified_gmt":"2016-11-03T11:51:24","slug":"izle-tartis-erkekler-aglamaz","status":"publish","type":"post","link":"https:\/\/baraka.cc\/?p=4512","title":{"rendered":"\u0130zle-Tart\u0131\u015f: ERKEKLER A\u011eLAMAZ"},"content":{"rendered":"<p style=\"text-align: center;\"><a href=\"https:\/\/baraka.cc\/wp-content\/uploads\/2016\/11\/erkekler-a\u011flamaz.jpg\"><img decoding=\"async\" loading=\"lazy\" class=\"size-medium wp-image-4513 aligncenter\" alt=\"erkekler-aglamaz\" src=\"https:\/\/baraka.cc\/wp-content\/uploads\/2016\/11\/erkekler-a\u011flamaz-300x114.jpg\" width=\"300\" height=\"114\" srcset=\"https:\/\/baraka.cc\/wp-content\/uploads\/2016\/11\/erkekler-a\u011flamaz-300x114.jpg 300w, https:\/\/baraka.cc\/wp-content\/uploads\/2016\/11\/erkekler-a\u011flamaz-1024x389.jpg 1024w, https:\/\/baraka.cc\/wp-content\/uploads\/2016\/11\/erkekler-a\u011flamaz.jpg 2048w\" sizes=\"(max-width: 300px) 100vw, 300px\" \/><\/a>Baraka K\u00fclt\u00fcr Merkezi\u2019nin 12 y\u0131ld\u0131r \u00fccretsiz olarak her ay\u0131n ilk Cumartesi ger\u00e7ekle\u015ftirdi\u011fi \u0130zle-Tart\u0131\u015f etkinli\u011finde bu kez Erkekler A\u011flamaz filmi g\u00f6sterilecek. G\u00f6sterim 5 Kas\u0131m Cumartesi ak\u015fam\u0131 18:00&#8217;de (\u0130\u015fbirlik\u00e7i H\u00fck\u00fcmet Saatiyle 19:00da) K\u0131z\u0131lba\u015f\u2019taki dernek lokalinde ger\u00e7ekle\u015fecek.<\/p>\n<p>1993 y\u0131l\u0131nda, trans erkek Brandon Teena&#8217;n\u0131n biyolojik cinsiyetini farkeden erkek arkada\u015flar\u0131 taraf\u0131ndan katledilmesi olay\u0131na dayanan film, izleyicileri alg\u0131lar\u0131 a\u00e7maya zorluyor.<\/p>\n<p>Nebraska\u2019n\u0131n Falls \u015fehri, Brandon Teena ad\u0131ndaki delikanl\u0131yla ilgili dedikodularla \u00e7alkalan\u0131yordu, t\u00fcm kad\u0131nlar\u0131n oldu\u011fu gibi t\u00fcm kasabal\u0131n\u0131n da dikkatini ve ilgisini \u00e7ekmi\u015fti. Karizmatik ki\u015fili\u011fi ve masum y\u00fcz\u00fcn\u00fcn arkas\u0131nda kocaman bir s\u0131r gizliyordu.\u00a0O herkesin oldu\u011funu zannetti\u011fi ki\u015fi de\u011fildi. Her gen\u00e7 insan gibi hatalar yap\u0131yordu ve bu hatalar\u0131n\u0131 da \u00e7ok pahal\u0131ya \u00f6demek zorundayd\u0131. Yeni sevgilisi Lana ve g\u00f6z\u00fc pek arkada\u015f\u0131 John aras\u0131ndaki s\u0131n\u0131rlar\u0131 yanl\u0131\u015fl\u0131kla a\u015f\u0131nca s\u0131r, bir vah\u015fetle ortaya \u00e7\u0131kt\u0131.<\/p>\n<p>Brandon Teena; hararetli bir a\u015f\u0131k, toplumdan d\u0131\u015flanm\u0131\u015f kimsesiz bir hayalperest, cesur bir h\u0131rs\u0131z ve haks\u0131zl\u0131\u011fa u\u011fram\u0131\u015f trajik bir su\u00e7luydu.<\/p>\n<p>Toplumsal Cinsiyete bak\u0131\u015f a\u00e7\u0131m\u0131z\u0131 sorgulamak, \u201cnormal olmayan\u201d bir hayat\u0131 birlikte izlemek ve tart\u0131\u015fmak isteyen herkes 5 Kas\u0131m Cumartesi 18:00\u2019de (\u0130\u015fbirlik\u00e7i H\u00fck\u00fcmet Saatiyle 19:00\u2019da) Baraka K\u00fclt\u00fcr Merkezi\u2019ndeki \u00fccretsiz g\u00f6sterime davetlidir.<\/p>\n<p>&nbsp;<\/p>\n<p>&nbsp;<\/p>\n","protected":false},"excerpt":{"rendered":"<p>Baraka K\u00fclt\u00fcr Merkezi\u2019nin 12 y\u0131ld\u0131r \u00fccretsiz olarak her ay\u0131n ilk Cumartesi ger\u00e7ekle\u015ftirdi\u011fi \u0130zle-Tart\u0131\u015f etkinli\u011finde bu kez Erkekler A\u011flamaz filmi g\u00f6sterilecek. G\u00f6sterim 5 Kas\u0131m Cumartesi ak\u015fam\u0131<\/p>\n","protected":false},"author":8,"featured_media":4513,"comment_status":"open","ping_status":"open","sticky":false,"template":"","format":"standard","meta":{"jetpack_post_was_ever_published":false,"_jetpack_newsletter_access":"","_jetpack_newsletter_tier_id":0,"jetpack_publicize_message":"","jetpack_is_tweetstorm":false,"jetpack_publicize_feature_enabled":true,"jetpack_social_post_already_shared":true,"jetpack_social_options":{"image_generator_settings":{"template":"highway","enabled":false}}},"categories":[20,45,9,28,60,1],"tags":[],"jetpack_publicize_connections":[],"jetpack_featured_media_url":"https:\/\/baraka.cc\/wp-content\/uploads\/2016\/11\/erkekler-a\u011flamaz.jpg","jetpack_shortlink":"https:\/\/wp.me\/p4eHWX-1aM","jetpack_sharing_enabled":true,"_links":{"self":[{"href":"https:\/\/baraka.cc\/index.php?rest_route=\/wp\/v2\/posts\/4512"}],"collection":[{"href":"https:\/\/baraka.cc\/index.php?rest_route=\/wp\/v2\/posts"}],"about":[{"href":"https:\/\/baraka.cc\/index.php?rest_route=\/wp\/v2\/types\/post"}],"author":[{"embeddable":true,"href":"https:\/\/baraka.cc\/index.php?rest_route=\/wp\/v2\/users\/8"}],"replies":[{"embeddable":true,"href":"https:\/\/baraka.cc\/index.php?rest_route=%2Fwp%2Fv2%2Fcomments&post=4512"}],"version-history":[{"count":1,"href":"https:\/\/baraka.cc\/index.php?rest_route=\/wp\/v2\/posts\/4512\/revisions"}],"predecessor-version":[{"id":4514,"href":"https:\/\/baraka.cc\/index.php?rest_route=\/wp\/v2\/posts\/4512\/revisions\/4514"}],"wp:featuredmedia":[{"embeddable":true,"href":"https:\/\/baraka.cc\/index.php?rest_route=\/wp\/v2\/media\/4513"}],"wp:attachment":[{"href":"https:\/\/baraka.cc\/index.php?rest_route=%2Fwp%2Fv2%2Fmedia&parent=4512"}],"wp:term":[{"taxonomy":"category","embeddable":true,"href":"https:\/\/baraka.cc\/index.php?rest_route=%2Fwp%2Fv2%2Fcategories&post=4512"},{"taxonomy":"post_tag","embeddable":true,"href":"https:\/\/baraka.cc\/index.php?rest_route=%2Fwp%2Fv2%2Ftags&post=4512"}],"curies":[{"name":"wp","href":"https:\/\/api.w.org\/{rel}","templated":true}]}}