{"id":4524,"date":"2016-11-07T14:11:02","date_gmt":"2016-11-07T12:11:02","guid":{"rendered":"https:\/\/baraka.cc\/?p=4524"},"modified":"2016-11-07T14:11:02","modified_gmt":"2016-11-07T12:11:02","slug":"erdogana-kibristan-telgraf-var-fasizm-stop","status":"publish","type":"post","link":"https:\/\/baraka.cc\/?p=4524","title":{"rendered":"Erdo\u011fan&#8217;a K\u0131br\u0131s&#8217;tan Telgraf Var: &#8220;FA\u015e\u0130ZM STOP&#8221;"},"content":{"rendered":"<p><a href=\"https:\/\/baraka.cc\/wp-content\/uploads\/2016\/11\/14947705_10154637865542086_2059011779286582452_n.jpg\"><img decoding=\"async\" loading=\"lazy\" class=\"wp-image-4526 aligncenter\" style=\"border: 2px solid black;\" alt=\"14947705_10154637865542086_2059011779286582452_n\" src=\"https:\/\/baraka.cc\/wp-content\/uploads\/2016\/11\/14947705_10154637865542086_2059011779286582452_n.jpg\" width=\"576\" height=\"323\" srcset=\"https:\/\/baraka.cc\/wp-content\/uploads\/2016\/11\/14947705_10154637865542086_2059011779286582452_n.jpg 960w, https:\/\/baraka.cc\/wp-content\/uploads\/2016\/11\/14947705_10154637865542086_2059011779286582452_n-300x168.jpg 300w\" sizes=\"(max-width: 576px) 100vw, 576px\" \/><\/a><\/p>\n<p>Bug\u00fcn saat \u00f6\u011flen Telefon Dairesi \u00f6n\u00fcnde bir araya gelen Ba\u011f\u0131ms\u0131zl\u0131k Yolu, K\u0131br\u0131s Pir Sultan Abdal K\u00fclt\u00fcr Merkezi ve Baraka aktivistleri, TC Cumhurba\u015fkanl\u0131\u011f\u0131&#8217;na<em><strong> &#8220;FA\u015e\u0130ZM STOP&#8221;<\/strong> <\/em>mesaj\u0131n\u0131 i\u00e7eren bir telgraf g\u00f6nderdi.<\/p>\n<p>T\u00fcrkiye halklar\u0131n\u0131n fa\u015fizme kar\u015f\u0131 onurlu direni\u015fi ile dayan\u0131\u015fma amac\u0131yla d\u00fczenlenen eylemin sonras\u0131nda, Baraka K\u00fclt\u00fcr Merkezi aktivisti M\u00fcn\u00fcr Rahvanc\u0131o\u011flu a\u00e7\u0131klamada bulundu.<\/p>\n<div>\n<p>Rahvanc\u0131o\u011flu, Ba\u011f\u0131ms\u0131zl\u0131k Yolu K\u0131br\u0131s Pir Sultan Abdal K\u00fclt\u00fcr Merkezi ve Baraka olarak TC Cumhurba\u015fkanl\u0131\u011f\u0131&#8217;na, Tayyip Erdo\u011fan&#8217;a&#8221;FA\u015e\u0130ZM STOP&#8221; i\u00e7eri\u011fiyle mesaj\u0131 k\u0131sa ve \u00f6z olan bir telgraf g\u00f6nderdiklerini belirtti.<\/p>\n<p>Rahvanc\u0131o\u011flu, T\u00fcrkiye&#8217;de 6 milyondan fazla insan\u0131n oylar\u0131 ile se\u00e7ilmi\u015f milletvekillerinin g\u00f6zalt\u0131na al\u0131n\u0131p tutukland\u0131\u011f\u0131, Cumhuriyet&#8217;in tarihi ile ya\u015f\u0131t gazetelere el konma giri\u015fimlerinin y\u00fcr\u00fcrl\u00fckte oldu\u011fu, TV kanallar\u0131na, her t\u00fcrl\u00fc yay\u0131n ve demokratik kanala m\u00fcdahalelerin oldu\u011fu bir ortamda, a\u00e7\u0131k fa\u015fizm ko\u015fullar\u0131n\u0131n giderek belirginle\u015fmekte oldu\u011funu kaydetti. Rahvanc\u0131o\u011flu ger\u00e7ekle\u015ftirdikleri eylem ile, fa\u015fizme kar\u015f\u0131 direnen T\u00fcrkiye halklar\u0131n\u0131n yan\u0131nda olduklar\u0131n\u0131 bir kez daha yinelemek istediklerini ifade etti.<\/p>\n<\/div>\n<p>&nbsp;<\/p>\n<p><a href=\"https:\/\/baraka.cc\/wp-content\/uploads\/2016\/11\/14958281_10154637902552086_1397302392_n.jpg\"><img decoding=\"async\" loading=\"lazy\" class=\"wp-image-4527 aligncenter\" style=\"border: 2px solid black;\" alt=\"14958281_10154637902552086_1397302392_n\" src=\"https:\/\/baraka.cc\/wp-content\/uploads\/2016\/11\/14958281_10154637902552086_1397302392_n.jpg\" width=\"491\" height=\"345\" srcset=\"https:\/\/baraka.cc\/wp-content\/uploads\/2016\/11\/14958281_10154637902552086_1397302392_n.jpg 818w, https:\/\/baraka.cc\/wp-content\/uploads\/2016\/11\/14958281_10154637902552086_1397302392_n-300x210.jpg 300w\" sizes=\"(max-width: 491px) 100vw, 491px\" \/><\/a><\/p>\n","protected":false},"excerpt":{"rendered":"<p>Bug\u00fcn saat \u00f6\u011flen Telefon Dairesi \u00f6n\u00fcnde bir araya gelen Ba\u011f\u0131ms\u0131zl\u0131k Yolu, K\u0131br\u0131s Pir Sultan Abdal K\u00fclt\u00fcr Merkezi ve Baraka aktivistleri, TC Cumhurba\u015fkanl\u0131\u011f\u0131&#8217;na &#8220;FA\u015e\u0130ZM STOP&#8221; mesaj\u0131n\u0131<\/p>\n","protected":false},"author":1,"featured_media":4526,"comment_status":"open","ping_status":"open","sticky":false,"template":"","format":"standard","meta":{"jetpack_post_was_ever_published":false,"_jetpack_newsletter_access":"","_jetpack_newsletter_tier_id":0,"jetpack_publicize_message":"","jetpack_is_tweetstorm":false,"jetpack_publicize_feature_enabled":true,"jetpack_social_post_already_shared":true,"jetpack_social_options":{"image_generator_settings":{"template":"highway","enabled":false}}},"categories":[66,9,1],"tags":[],"jetpack_publicize_connections":[],"jetpack_featured_media_url":"https:\/\/baraka.cc\/wp-content\/uploads\/2016\/11\/14947705_10154637865542086_2059011779286582452_n.jpg","jetpack_shortlink":"https:\/\/wp.me\/p4eHWX-1aY","jetpack_sharing_enabled":true,"_links":{"self":[{"href":"https:\/\/baraka.cc\/index.php?rest_route=\/wp\/v2\/posts\/4524"}],"collection":[{"href":"https:\/\/baraka.cc\/index.php?rest_route=\/wp\/v2\/posts"}],"about":[{"href":"https:\/\/baraka.cc\/index.php?rest_route=\/wp\/v2\/types\/post"}],"author":[{"embeddable":true,"href":"https:\/\/baraka.cc\/index.php?rest_route=\/wp\/v2\/users\/1"}],"replies":[{"embeddable":true,"href":"https:\/\/baraka.cc\/index.php?rest_route=%2Fwp%2Fv2%2Fcomments&post=4524"}],"version-history":[{"count":2,"href":"https:\/\/baraka.cc\/index.php?rest_route=\/wp\/v2\/posts\/4524\/revisions"}],"predecessor-version":[{"id":4529,"href":"https:\/\/baraka.cc\/index.php?rest_route=\/wp\/v2\/posts\/4524\/revisions\/4529"}],"wp:featuredmedia":[{"embeddable":true,"href":"https:\/\/baraka.cc\/index.php?rest_route=\/wp\/v2\/media\/4526"}],"wp:attachment":[{"href":"https:\/\/baraka.cc\/index.php?rest_route=%2Fwp%2Fv2%2Fmedia&parent=4524"}],"wp:term":[{"taxonomy":"category","embeddable":true,"href":"https:\/\/baraka.cc\/index.php?rest_route=%2Fwp%2Fv2%2Fcategories&post=4524"},{"taxonomy":"post_tag","embeddable":true,"href":"https:\/\/baraka.cc\/index.php?rest_route=%2Fwp%2Fv2%2Ftags&post=4524"}],"curies":[{"name":"wp","href":"https:\/\/api.w.org\/{rel}","templated":true}]}}