{"id":4622,"date":"2016-12-19T17:09:30","date_gmt":"2016-12-19T15:09:30","guid":{"rendered":"https:\/\/baraka.cc\/?p=4622"},"modified":"2016-12-19T17:09:31","modified_gmt":"2016-12-19T15:09:31","slug":"baraka-kultur-tas-olsa-catlar-artik-yeter-dedi-sorunlari-ve-talepleri-dikilitasa-iletti","status":"publish","type":"post","link":"https:\/\/baraka.cc\/?p=4622","title":{"rendered":"Baraka K\u00fclt\u00fcr, \u201cTa\u015f Olsa \u00c7atlar, Art\u0131k Yeter!\u201d Dedi, Sorunlar\u0131 ve Talepleri Dikilita\u015f\u2019a \u0130letti"},"content":{"rendered":"<p><a href=\"https:\/\/baraka.cc\/wp-content\/uploads\/2016\/12\/dikilita\u015f-baraka.jpg\"><img decoding=\"async\" loading=\"lazy\" class=\"size-medium wp-image-4623 alignleft\" style=\"border: 1px solid black; margin: 1px;\" alt=\"dikilitas-baraka\" src=\"https:\/\/baraka.cc\/wp-content\/uploads\/2016\/12\/dikilita\u015f-baraka-300x168.jpg\" width=\"300\" height=\"168\" srcset=\"https:\/\/baraka.cc\/wp-content\/uploads\/2016\/12\/dikilita\u015f-baraka-300x168.jpg 300w, https:\/\/baraka.cc\/wp-content\/uploads\/2016\/12\/dikilita\u015f-baraka.jpg 960w\" sizes=\"(max-width: 300px) 100vw, 300px\" \/><\/a>Baraka K\u00fclt\u00fcr Merkezi, \u201cTa\u015f olsa \u00e7atlar, yeter art\u0131k!\u201d diyerek Dikilita\u015f \u00f6n\u00fcnde bas\u0131n a\u00e7\u0131klamas\u0131 ve eylem ger\u00e7ekle\u015ftirdi. Baraka\u2019dan yap\u0131lan a\u00e7\u0131klamada bu kez h\u00fck\u00fcmet yerine dikilita\u015f muhatap al\u0131n\u0131rken, hayat\u0131n\u0131 kaybeden masum insanlar\u0131n ard\u0131ndan, ya\u015fanan ac\u0131 ve \u00fcz\u00fcnt\u00fcy\u00fc giderecek hi\u00e7bir \u015fey yap\u0131lmamas\u0131n\u0131 Dikilita\u015f\u2019a \u015fikayet etti.<\/p>\n<p><b>\u201cG\u00f6z\u00fcn\u00fc Kar H\u0131rs\u0131 B\u00fcr\u00fcm\u00fc\u015f Patronlar\u0131n \u00d6n\u00fcne Kimse Ge\u00e7emiyor, Yollar\u0131m\u0131z Peri\u015fan, Saat Uygulamas\u0131nda Israr Anlams\u0131z\u201d <\/b><\/p>\n<p>Yol g\u00fcvenli\u011finin sa\u011flanmas\u0131 i\u00e7in gerekli politikalar\u0131 ger\u00e7ekle\u015ftirmeyen gelmi\u015f ge\u00e7mi\u015f t\u00fcm h\u00fck\u00fcmetlerin bu durumda pay\u0131 oldu\u011funa, g\u00f6z\u00fcn\u00fc kar h\u0131rs\u0131 b\u00fcr\u00fcm\u00fc\u015f patronlar\u0131n \u00f6n\u00fcne kimsenin ge\u00e7medi\u011fine, yollar\u0131m\u0131z\u0131n yat\u0131r\u0131ms\u0131zl\u0131ktan peri\u015fan halde oldu\u011funa ve \u00fclke \u015fartlar\u0131na uygun olmayan saat uygulamas\u0131nda \u0131srar edilmesinin anlams\u0131zl\u0131\u011f\u0131na dikkat \u00e7ekilen a\u00e7\u0131klamada, haftalarca h\u00fck\u00fcmete yap\u0131lan \u00e7a\u011fr\u0131 Dikilita\u015f\u2019a yap\u0131larak, talepler bir kez daha vurguland\u0131.<\/p>\n<p><b>\u201cH\u00fck\u00fcmet Koltuklar\u0131nda Ne S\u00f6ylediklerimizi Dinleyecek Bir Kulak Ne Ac\u0131m\u0131z\u0131 Anlayacak Bir Vicdan Bulam\u0131yoruz\u201d Diyen Baraka, Taleplerini Dikilita\u015f\u2019a \u0130letti <\/b><\/p>\n<p>\u201cH\u00fck\u00fcmet koltuklar\u0131nda ne s\u00f6ylediklerimizi dinleyecek bir kulak ne ac\u0131m\u0131z\u0131 anlayacak bir vicdan bulam\u0131yoruz\u201d denilen a\u00e7\u0131klamada, Yol g\u00fcvenli\u011finin sa\u011flanmas\u0131, yollar\u0131m\u0131z\u0131n onar\u0131lmas\u0131, a\u011f\u0131r i\u015f vas\u0131talar\u0131n\u0131n olur olmaz saatlerde yollarda cirit atmamas\u0131, \u00f6zel sekt\u00f6r\u00fcn sendikala\u015fmas\u0131 yoluyla i\u015f\u00e7ilerin daha insani s\u00fcrelerde ve ko\u015fullarda \u00e7al\u0131\u015ft\u0131r\u0131lmas\u0131, saatlerin geri al\u0131narak \u00fclkemizin co\u011frafi ko\u015fullar\u0131na uygun hale getirilmesi ve olayda ihmali bulunan yetkililerin istifa etmesi talepleri bu kez Dikilita\u015f\u2019a iletildi.<\/p>\n<p><a href=\"https:\/\/baraka.cc\/wp-content\/uploads\/2016\/12\/dikilita\u015f3.jpg\"><img decoding=\"async\" loading=\"lazy\" class=\"size-medium wp-image-4625 alignleft\" style=\"border: 1px solid black; margin: 1px;\" alt=\"dikilitas3\" src=\"https:\/\/baraka.cc\/wp-content\/uploads\/2016\/12\/dikilita\u015f3-300x168.jpg\" width=\"300\" height=\"168\" srcset=\"https:\/\/baraka.cc\/wp-content\/uploads\/2016\/12\/dikilita\u015f3-300x168.jpg 300w, https:\/\/baraka.cc\/wp-content\/uploads\/2016\/12\/dikilita\u015f3.jpg 960w\" sizes=\"(max-width: 300px) 100vw, 300px\" \/><\/a><\/p>\n<p><b><i>Baraka K\u00fclt\u00fcr Merkezi\u2019nden yap\u0131lan a\u00e7\u0131klama \u015f\u00f6yle; <\/i><\/b><\/p>\n<p>Sevgili Dikilita\u015f,<\/p>\n<p>\u00dc\u00e7 insan\u0131m\u0131z\u0131 kaybetti\u011fimiz ve bize kaza oldu\u011fu s\u00f6ylenen bir olay ya\u015fad\u0131k. \u00c7ok daha fazla insan yaral\u0131, aileler \u00e7aresiz ve toplum olarak ac\u0131 i\u00e7indeyiz\u2026 H\u00fck\u00fcmete olan iki parti, hayat\u0131n\u0131 kaybeden masum insanlar\u0131n ard\u0131ndan, ya\u015fanan ac\u0131 ve \u00fcz\u00fcnt\u00fcy\u00fc giderecek hi\u00e7bir \u015fey yapmad\u0131. Sorumlular istifa etmedi, hi\u00e7bir \u00f6nlem al\u0131nmad\u0131, daha ge\u00e7ti\u011fimiz g\u00fcn ayn\u0131 b\u00f6lgede yeni bir kaza meydana geldi ve ac\u0131m\u0131z\u0131 ya\u015famam\u0131z i\u00e7in yas ilan etme gere\u011fi dahi duyulmad\u0131\u2026<\/p>\n<p>Sevgili Dikilita\u015f,<\/p>\n<p>Ya\u015fanan olaylara bakt\u0131\u011f\u0131m\u0131z zaman; yol g\u00fcvenli\u011finin sa\u011flanmas\u0131 i\u00e7in gerekli politikalar\u0131 ger\u00e7ekle\u015ftirmeyen gelmi\u015f ge\u00e7mi\u015f t\u00fcm h\u00fck\u00fcmetlerin bu durumda pay\u0131 oldu\u011funu, g\u00f6z\u00fcn\u00fc kar h\u0131rs\u0131 b\u00fcr\u00fcm\u00fc\u015f patronlar\u0131n \u00f6n\u00fcne kimsenin ge\u00e7medi\u011fini, yollar\u0131m\u0131z\u0131n yat\u0131r\u0131ms\u0131zl\u0131ktan peri\u015fan halde oldu\u011funu, \u00fclke \u015fartlar\u0131na uygun olmayan saat uygulamas\u0131nda \u0131srar edilmesinin anlams\u0131zl\u0131\u011f\u0131n\u0131 g\u00f6r\u00fcyoruz. Yol g\u00fcvenli\u011finin sa\u011flanmas\u0131, yollar\u0131m\u0131z\u0131n onar\u0131lmas\u0131, a\u011f\u0131r i\u015f vas\u0131talar\u0131n\u0131n olur olmaz saatlerde yollarda cirit atmamas\u0131, \u00f6zel sekt\u00f6r\u00fcn sendikala\u015fmas\u0131 yoluyla i\u015f\u00e7ilerin daha insani s\u00fcrelerde ve ko\u015fullarda \u00e7al\u0131\u015ft\u0131r\u0131lmas\u0131, saatlerin geri al\u0131narak \u00fclkemizin co\u011frafi ko\u015fullar\u0131na uygun hale getirilmesi gibi makul taleplerimiz var. Ve \u00fc\u00e7 insan\u0131m\u0131z\u0131 yitirmemize neden olan yetkililerin istifa etmesini istiyoruz\u2026 Haftalard\u0131r bu do\u011frultuda m\u00fccadele etmemize, ya\u011fmurda, so\u011fukta, \u00e7amurda, karanl\u0131kta, r\u00fczgarda hep birlikte durmam\u0131za ra\u011fmen, sesimizin var g\u00fcc\u00fcyle ac\u0131m\u0131z\u0131 hayk\u0131rmam\u0131za ra\u011fmen; h\u00fck\u00fcmet koltuklar\u0131nda ne s\u00f6ylediklerimizi dinleyecek bir kulak ne ac\u0131m\u0131z\u0131 anlayacak bir vicdan bulam\u0131yoruz.<\/p>\n<p>Sevgili Dikilita\u015f,<\/p>\n<p>T\u00fcm bunlar yetmezmi\u015f gibi, ac\u0131m\u0131z\u0131 payla\u015ft\u0131\u011f\u0131n\u0131, taleplerimizi sahiplendi\u011fini, m\u00fccadelemizi omuzlayaca\u011f\u0131n\u0131 s\u00f6yleyen sendikalar\u0131n y\u00f6neticileri de kendi z\u00fcmresel \u00e7\u0131karlar\u0131 i\u00e7in h\u00fck\u00fcmet ile benzer bir tutum tak\u0131nm\u0131\u015f durumda\u2026 \u0130lk g\u00fcnlerde, onlar hen\u00fcz eylemsizken, vicdanlar\u0131m\u0131z\u0131n sesini dinleyerek doldurdu\u011fumuz sokaklarda, sonradan gelip buldurlar bizi\u2026 Ayn\u0131 talepler i\u00e7in, birlikte m\u00fccadele edece\u011fimizi s\u00f6ylediler. Toplant\u0131lar yapt\u0131lar, deme\u00e7ler verdiler, televizyonlara \u00e7\u0131kt\u0131lar, konu\u015ftular, konu\u015ftular, konu\u015ftular\u2026 Ama ne zaman ki, h\u00fck\u00fcmet taraf\u0131ndan kendi ellerindeki haklar\u0131n al\u0131nmas\u0131 ile tehtid edildiler; o zaman kendi dertlerine d\u00fc\u015f\u00fcp toplumsal m\u00fccadeleyi ikinci plana ald\u0131lar. \u00dcyelerinin mesai saatlerinin korunmas\u0131 i\u00e7in, toplum olarak ba\u015fta m\u00fccadelesini verdi\u011fimiz talepleri unuttular\u2026<\/p>\n<p>Sevgili Dikilita\u015f,<\/p>\n<p>Bu \u00fclkede huzurlu, mutlu, sa\u011fl\u0131kl\u0131 bir hayat\u0131 hakeden \u00e7ok fazla insan var. Bir yolunu bulup h\u00fck\u00fcmet olmu\u015f bu iki parti, bizi temsil etmiyor\u2026<\/p>\n<p>Sevgili Dikilita\u015f,<\/p>\n<p>Mevcut sendikalarda, toplumsal \u00e7\u0131karlar\u0131 ki\u015fisel olanlar\u0131n \u00f6n\u00fcne koyan binlerce insan var. Bir yolunu bulup y\u00f6netici koltuklar\u0131na kurulanlar, onlar\u0131 temsil etmiyor.<\/p>\n<p>Sevgili Dikilita\u015f,<\/p>\n<p>\u00d6zel sekt\u00f6rde, gelece\u011fin patronunun iki duda\u011f\u0131n aras\u0131nda olup, ne okul saatine ne \u00fclke saatine ne de yollar\u0131n haline sesini \u00e7\u0131karamayan onbinlerce insan var. H\u00fck\u00fcmeti, muhalefeti, sendika b\u00fcrokrat\u0131, de\u011fil onlar\u0131n fikrini, varl\u0131\u011f\u0131n\u0131 bile \u00f6nemsemiyor. Biz bu hayat\u0131 hak etmiyoruz Dikilita\u015f\u2026 Biz Yol G\u00fcvenli\u011fi, \u0130stifa ve Saatlerin Geri \u00c7ekilmesini istiyoruz. Karanl\u0131kta okula gitmek, karanl\u0131kta i\u015fe gitmek istemiyoruz. Biz yetkili makamlarda oturanlar\u0131n, duvar gibi sessiz, ta\u015f gibi duygusuz ve hi\u00e7 sevmemi\u015f hi\u00e7 sevilmemi\u015f\u00e7esine vicdans\u0131z olmamas\u0131n\u0131 istiyoruz\u2026<\/p>\n<p>Sevgili Dikilita\u015f,<\/p>\n<p>Sesimize kulaklar\u0131n\u0131 t\u0131kayanlar\u0131, sana \u015fikayet ediyoruz\u2026<\/p>\n<p>#YolG\u00fcvenli\u011fi<\/p>\n<p>#\u0130stifa<\/p>\n<p>#SaatlerGeriAl\u0131ns\u0131n<\/p>\n<p>#Karanl\u0131ktaOkulaGidilmez<\/p>\n<p>&nbsp;<\/p>\n<p>Baraka K\u00fclt\u00fcr Merkezi<\/p>\n<p>&nbsp;<\/p>\n","protected":false},"excerpt":{"rendered":"<p>Baraka K\u00fclt\u00fcr Merkezi, \u201cTa\u015f olsa \u00e7atlar, yeter art\u0131k!\u201d diyerek Dikilita\u015f \u00f6n\u00fcnde bas\u0131n a\u00e7\u0131klamas\u0131 ve eylem ger\u00e7ekle\u015ftirdi. Baraka\u2019dan yap\u0131lan a\u00e7\u0131klamada bu kez h\u00fck\u00fcmet yerine dikilita\u015f muhatap<\/p>\n","protected":false},"author":3,"featured_media":4623,"comment_status":"open","ping_status":"open","sticky":false,"template":"","format":"standard","meta":{"jetpack_post_was_ever_published":false,"_jetpack_newsletter_access":"","_jetpack_newsletter_tier_id":0,"jetpack_publicize_message":"","jetpack_is_tweetstorm":false,"jetpack_publicize_feature_enabled":true,"jetpack_social_post_already_shared":true,"jetpack_social_options":{"image_generator_settings":{"template":"highway","enabled":false}}},"categories":[9,1],"tags":[],"jetpack_publicize_connections":[],"jetpack_featured_media_url":"https:\/\/baraka.cc\/wp-content\/uploads\/2016\/12\/dikilita\u015f-baraka.jpg","jetpack_shortlink":"https:\/\/wp.me\/p4eHWX-1cy","jetpack_sharing_enabled":true,"_links":{"self":[{"href":"https:\/\/baraka.cc\/index.php?rest_route=\/wp\/v2\/posts\/4622"}],"collection":[{"href":"https:\/\/baraka.cc\/index.php?rest_route=\/wp\/v2\/posts"}],"about":[{"href":"https:\/\/baraka.cc\/index.php?rest_route=\/wp\/v2\/types\/post"}],"author":[{"embeddable":true,"href":"https:\/\/baraka.cc\/index.php?rest_route=\/wp\/v2\/users\/3"}],"replies":[{"embeddable":true,"href":"https:\/\/baraka.cc\/index.php?rest_route=%2Fwp%2Fv2%2Fcomments&post=4622"}],"version-history":[{"count":2,"href":"https:\/\/baraka.cc\/index.php?rest_route=\/wp\/v2\/posts\/4622\/revisions"}],"predecessor-version":[{"id":4626,"href":"https:\/\/baraka.cc\/index.php?rest_route=\/wp\/v2\/posts\/4622\/revisions\/4626"}],"wp:featuredmedia":[{"embeddable":true,"href":"https:\/\/baraka.cc\/index.php?rest_route=\/wp\/v2\/media\/4623"}],"wp:attachment":[{"href":"https:\/\/baraka.cc\/index.php?rest_route=%2Fwp%2Fv2%2Fmedia&parent=4622"}],"wp:term":[{"taxonomy":"category","embeddable":true,"href":"https:\/\/baraka.cc\/index.php?rest_route=%2Fwp%2Fv2%2Fcategories&post=4622"},{"taxonomy":"post_tag","embeddable":true,"href":"https:\/\/baraka.cc\/index.php?rest_route=%2Fwp%2Fv2%2Ftags&post=4622"}],"curies":[{"name":"wp","href":"https:\/\/api.w.org\/{rel}","templated":true}]}}