{"id":4640,"date":"2016-12-22T16:14:18","date_gmt":"2016-12-22T14:14:18","guid":{"rendered":"https:\/\/baraka.cc\/?p=4640"},"modified":"2016-12-22T16:20:47","modified_gmt":"2016-12-22T14:20:47","slug":"barakaya-canli-yayinda-provokator-diyen-ve-vandalizmle-suclayan-serdar-denktas-hakkinda-suc-duyurusunda-bulunuldu","status":"publish","type":"post","link":"https:\/\/baraka.cc\/?p=4640","title":{"rendered":"BARAKA\u2019YA CANLI YAYINDA PROVOKAT\u00d6R D\u0130YEN VE VANDAL\u0130ZMLE SU\u00c7LAYAN SERDAR DENKTA\u015e HAKKINDA SU\u00c7 DUYURUSUNDA BULUNULDU"},"content":{"rendered":"<p><a href=\"https:\/\/baraka.cc\/wp-content\/uploads\/2016\/12\/BB.jpg\"><img decoding=\"async\" loading=\"lazy\" class=\"size-medium wp-image-4638 alignleft\" style=\"border: 1px solid black; margin: 1px;\" alt=\"bb\" src=\"https:\/\/baraka.cc\/wp-content\/uploads\/2016\/12\/BB-300x168.jpg\" width=\"300\" height=\"168\" srcset=\"https:\/\/baraka.cc\/wp-content\/uploads\/2016\/12\/BB-300x168.jpg 300w, https:\/\/baraka.cc\/wp-content\/uploads\/2016\/12\/BB.jpg 960w\" sizes=\"(max-width: 300px) 100vw, 300px\" \/><\/a>Baraka K\u00fclt\u00fcr Merkezi aktivistleri 22 Aral\u0131k Per\u015fembe g\u00fcn\u00fc Lefko\u015fa Polis M\u00fcd\u00fcrl\u00fc\u011f\u00fc\u2019ne giderek Serdar Denkta\u015f\u2019la ilgili \u015fikayette ve su\u00e7 duyurusunda bulundu.<\/p>\n<p><b>\u201cEsas konu saatlerin geri al\u0131nmamas\u0131 ve trafik g\u00fcvenli\u011fidir\u201d <\/b><\/p>\n<p>\u015eikayet \u00f6ncesi bas\u0131na yap\u0131lan a\u00e7\u0131klamada, esas konunun bir s\u00fcre \u00f6nce ger\u00e7ekle\u015fen ve t\u00fcm toplumu \u00fczen cinayet gibi kaza oldu\u011fu ve bu konuda h\u00fck\u00fcmetin hesap vermedi\u011fi, saatlerin geri al\u0131nmamas\u0131 konusundaki yanl\u0131\u015f karar\u0131n\u0131n bedelini halka \u00f6detti\u011fi hat\u0131rlat\u0131ld\u0131. \u00c7ocuklar\u0131n hala daha karanl\u0131kta ve yol g\u00fcvenli\u011fi olmadan okula gitmeye devam etti\u011fi, trafikte hi\u00e7bir bilimsel \u00f6nlem al\u0131nmad\u0131\u011f\u0131 da vurguland\u0131.<\/p>\n<p><b>\u201cBir ki\u015fiyi veya derne\u011fi provokat\u00f6rl\u00fck ve vandalizmle su\u00e7lamak hakarettir\u201d<\/b><\/p>\n<p>A\u00e7\u0131klamada, Serdar Denkta\u015f\u2019\u0131n bir televizyon program\u0131nda Baraka\u2019n\u0131n ve aktivisti M\u00fcn\u00fcr Rahvanc\u0131o\u011flu\u2019nun ismini s\u00f6yleyerek, gen\u00e7leri provoke etmek, insanlar\u0131n ac\u0131s\u0131n\u0131n \u00fczerinden vandalizm yapmak gibi su\u00e7lamalarda bulundu\u011fu belirtildi. Ayr\u0131ca Baraka\u2019n\u0131n Avrupa Birli\u011fi\u2019nden para alarak, halk\u0131 devletten so\u011futmak ve olas\u0131 bir planda \u201cevet\u201de haz\u0131rlamak i\u00e7in eylemleri provoke etti\u011fini iddia eden Serdar Denkta\u015f, bunu kan\u0131tlamaya aksi halde \u00f6z\u00fcr dilemeye davet edildi. \u201cBir ki\u015fiyi veya derne\u011fi provokat\u00f6rl\u00fck ve vandalizmle su\u00e7lamak hakarettir ve hakaret etmek yasalar\u0131m\u0131za g\u00f6re su\u00e7 oldu\u011funa g\u00f6re, gereken cezai s\u00fcrecin ba\u015flat\u0131lmas\u0131n\u0131 i\u00e7in su\u00e7 duyurusunda bulunuyoruz.\u201d denildi.<\/p>\n<p>Tazmimnat davas\u0131 a\u00e7\u0131lmas\u0131 i\u00e7in de dernek avukatlar\u0131n\u0131n gereken \u00e7al\u0131\u015fmalar\u0131 ba\u015flatt\u0131\u011f\u0131 belirtilerek adaletin tecellisi halinde al\u0131nan tazminat\u0131n trafik, yol g\u00fcvenli\u011fi veya sa\u011fl\u0131kla ilgili uygun bir yere ba\u011f\u0131\u015flanaca\u011f\u0131 a\u00e7\u0131kland\u0131.<\/p>\n<p><b>Polisten hukuk d\u0131\u015f\u0131, keyfi bir uygulama: Baraka aktivistleri Lefko\u015fa Polis M\u00fcd\u00fcrl\u00fc\u011f\u00fc\u2019n\u00fcn bah\u00e7esine dahi al\u0131nmad\u0131<\/b><\/p>\n<p>Bas\u0131n a\u00e7\u0131klamas\u0131n\u0131n ard\u0131ndan Lefko\u015fa Polis M\u00fcd\u00fcrl\u00fc\u011f\u00fc binas\u0131na do\u011fru y\u00fcr\u00fcyen dernek \u00fcyeleri, bah\u00e7e kap\u0131s\u0131nda polis barikat\u0131yla kar\u015f\u0131la\u015ft\u0131. Resmi olarak yaz\u0131l\u0131 \u015fikayette bulunmak, hukuk yolunu kullanmak \u00fczere polise geldiklerini, hakarete u\u011frayan ki\u015finin ve yasal dernek temsilcilerinin \u015fikayetlerini yapmak i\u00e7in i\u00e7eri girmesini istediklerini, di\u011fer ki\u015filerin de zaten bah\u00e7ede veya bekleme odas\u0131nda bekleyece\u011fini s\u00f6ylemelerine ra\u011fmen polisin hukuk d\u0131\u015f\u0131 tavr\u0131 de\u011fi\u015fmedi. Uzun s\u00fcre kap\u0131da bekletildikten sonra sadece \u015fikayet\u00e7i olacak ki\u015filer ile dernek avukatlar\u0131 i\u00e7eri al\u0131narak Serdar Denkta\u015f hakk\u0131nda yaz\u0131l\u0131 su\u00e7 duyurusunda bulundular. Di\u011fer dernek \u00fcyeleri ise tamamen hukuk d\u0131\u015f\u0131 ve keyfi bir uygulama ile bir kamu binas\u0131 olan ve halka a\u00e7\u0131k olan Polis M\u00fcd\u00fcrl\u00fc\u011f\u00fc binas\u0131n\u0131n bah\u00e7esine dahi al\u0131nmad\u0131.<\/p>\n<p style=\"text-align: center;\"><a href=\"https:\/\/baraka.cc\/wp-content\/uploads\/2016\/12\/AA.jpg\"><img decoding=\"async\" loading=\"lazy\" class=\"size-medium wp-image-4637 aligncenter\" style=\"border: 1px solid black; margin: 1px;\" alt=\"aa\" src=\"https:\/\/baraka.cc\/wp-content\/uploads\/2016\/12\/AA-300x168.jpg\" width=\"300\" height=\"168\" srcset=\"https:\/\/baraka.cc\/wp-content\/uploads\/2016\/12\/AA-300x168.jpg 300w, https:\/\/baraka.cc\/wp-content\/uploads\/2016\/12\/AA.jpg 960w\" sizes=\"(max-width: 300px) 100vw, 300px\" \/><\/a><\/p>\n<p><a href=\"https:\/\/baraka.cc\/wp-content\/uploads\/2016\/12\/OO.jpg\"><img decoding=\"async\" loading=\"lazy\" class=\"alignnone size-medium wp-image-4636\" style=\"border: 1px solid black; margin: 1px;\" alt=\"oo\" src=\"https:\/\/baraka.cc\/wp-content\/uploads\/2016\/12\/OO-300x168.jpg\" width=\"300\" height=\"168\" srcset=\"https:\/\/baraka.cc\/wp-content\/uploads\/2016\/12\/OO-300x168.jpg 300w, https:\/\/baraka.cc\/wp-content\/uploads\/2016\/12\/OO.jpg 960w\" sizes=\"(max-width: 300px) 100vw, 300px\" \/><\/a><\/p>\n<p>&nbsp;<\/p>\n","protected":false},"excerpt":{"rendered":"<p>Baraka K\u00fclt\u00fcr Merkezi aktivistleri 22 Aral\u0131k Per\u015fembe g\u00fcn\u00fc Lefko\u015fa Polis M\u00fcd\u00fcrl\u00fc\u011f\u00fc\u2019ne giderek Serdar Denkta\u015f\u2019la ilgili \u015fikayette ve su\u00e7 duyurusunda bulundu. \u201cEsas konu saatlerin geri al\u0131nmamas\u0131<\/p>\n","protected":false},"author":3,"featured_media":4637,"comment_status":"open","ping_status":"open","sticky":false,"template":"","format":"standard","meta":{"jetpack_post_was_ever_published":false,"_jetpack_newsletter_access":"","_jetpack_newsletter_tier_id":0,"jetpack_publicize_message":"","jetpack_is_tweetstorm":false,"jetpack_publicize_feature_enabled":true,"jetpack_social_post_already_shared":true,"jetpack_social_options":{"image_generator_settings":{"template":"highway","enabled":false}}},"categories":[9,1],"tags":[],"jetpack_publicize_connections":[],"jetpack_featured_media_url":"https:\/\/baraka.cc\/wp-content\/uploads\/2016\/12\/AA.jpg","jetpack_shortlink":"https:\/\/wp.me\/p4eHWX-1cQ","jetpack_sharing_enabled":true,"_links":{"self":[{"href":"https:\/\/baraka.cc\/index.php?rest_route=\/wp\/v2\/posts\/4640"}],"collection":[{"href":"https:\/\/baraka.cc\/index.php?rest_route=\/wp\/v2\/posts"}],"about":[{"href":"https:\/\/baraka.cc\/index.php?rest_route=\/wp\/v2\/types\/post"}],"author":[{"embeddable":true,"href":"https:\/\/baraka.cc\/index.php?rest_route=\/wp\/v2\/users\/3"}],"replies":[{"embeddable":true,"href":"https:\/\/baraka.cc\/index.php?rest_route=%2Fwp%2Fv2%2Fcomments&post=4640"}],"version-history":[{"count":3,"href":"https:\/\/baraka.cc\/index.php?rest_route=\/wp\/v2\/posts\/4640\/revisions"}],"predecessor-version":[{"id":4643,"href":"https:\/\/baraka.cc\/index.php?rest_route=\/wp\/v2\/posts\/4640\/revisions\/4643"}],"wp:featuredmedia":[{"embeddable":true,"href":"https:\/\/baraka.cc\/index.php?rest_route=\/wp\/v2\/media\/4637"}],"wp:attachment":[{"href":"https:\/\/baraka.cc\/index.php?rest_route=%2Fwp%2Fv2%2Fmedia&parent=4640"}],"wp:term":[{"taxonomy":"category","embeddable":true,"href":"https:\/\/baraka.cc\/index.php?rest_route=%2Fwp%2Fv2%2Fcategories&post=4640"},{"taxonomy":"post_tag","embeddable":true,"href":"https:\/\/baraka.cc\/index.php?rest_route=%2Fwp%2Fv2%2Ftags&post=4640"}],"curies":[{"name":"wp","href":"https:\/\/api.w.org\/{rel}","templated":true}]}}