{"id":4655,"date":"2017-01-02T14:52:37","date_gmt":"2017-01-02T12:52:37","guid":{"rendered":"https:\/\/baraka.cc\/?p=4655"},"modified":"2017-01-02T14:53:46","modified_gmt":"2017-01-02T12:53:46","slug":"argasdi-dergisinin-45-sayisi-cikti","status":"publish","type":"post","link":"https:\/\/baraka.cc\/?p=4655","title":{"rendered":"ARGASD\u0130 DERG\u0130S\u0130N\u0130N 45. SAYISI \u00c7IKTI"},"content":{"rendered":"<p>&nbsp;<\/p>\n<p><a href=\"https:\/\/baraka.cc\/wp-content\/uploads\/2017\/01\/15822634_10154865533367445_674093040833489726_n.jpg\"><img decoding=\"async\" loading=\"lazy\" class=\" wp-image-4656 alignleft\" style=\"border: 1px solid black; margin: 1px;\" alt=\"15822634_10154865533367445_674093040833489726_n\" src=\"https:\/\/baraka.cc\/wp-content\/uploads\/2017\/01\/15822634_10154865533367445_674093040833489726_n-214x300.jpg\" width=\"193\" height=\"270\" srcset=\"https:\/\/baraka.cc\/wp-content\/uploads\/2017\/01\/15822634_10154865533367445_674093040833489726_n-214x300.jpg 214w, https:\/\/baraka.cc\/wp-content\/uploads\/2017\/01\/15822634_10154865533367445_674093040833489726_n.jpg 686w\" sizes=\"(max-width: 193px) 100vw, 193px\" \/><\/a>Baraka K\u00fclt\u00fcr Merkezi\u2019niin 14 y\u0131ld\u0131r yay\u0131nlanan k\u00fclt\u00fcr- sanat- politika dergisi Argasdi\u2019nin 45. say\u0131s\u0131 \u00e7\u0131kt\u0131. Yeni y\u0131l\u0131n ilk say\u0131s\u0131nda, dosya konusu olarak \u201c\u0130NSAN\u201d incelenirken, d\u00f6rt sayfal\u0131k \u00f6zel dosyada ise \u201cLamarinaya Kafa Tutan Gen\u00e7lik\u201d ba\u015fl\u0131\u011f\u0131yla, gen\u00e7lerin son d\u00f6nemdeki eylemleri ele al\u0131nmakta. 32 sayfal\u0131k renkli derginin orta sayfas\u0131nda 2017 takvimi okurlara hediye ediliyor. Kitap ve film tan\u0131t\u0131mlar\u0131, \u201cMemleketin Ahvali\u201d ve \u201cFeminist-iz\u201d sayfalar\u0131, \u015fiir, foto\u011fraf ve karikat\u00fcrler ile de zenginle\u015ftirilen dergi, 5TL okur katk\u0131s\u0131 ile t\u00fcm marketlerden, Lefko\u015fa ve Ma\u011fusa Khora kitap evlerinden temin edilebilir.<\/p>\n<p><b>Dosya: \u0130nsan<\/b><\/p>\n<p>Dosyada, insan do\u011fas\u0131n\u0131n olup olmad\u0131\u011f\u0131 incelenirken, insan\u0131n evrimi de bilimin penceresinden ve farkl\u0131 bir perspektiften sunuluyor. Dosyadaki makalelerde \u201cinsan insan\u0131n kurdudur\u201d deyi\u015fi ve insan haklar\u0131 konusu ele\u015ftirel bir \u015fekilde ele al\u0131n\u0131yor, insan merkezci \u00e7evrecili\u011fin sak\u0131ncalar\u0131 da i\u015fleniyor.<\/p>\n<p><b>\u00d6zel Dosya: Lamarinaya Kafa Tutan Gen\u00e7lik<\/b><\/p>\n<p>Derginin yay\u0131na haz\u0131rland\u0131\u011f\u0131 s\u0131rada Girne Da\u011fyolu\u2019nda ger\u00e7ekle\u015fen feci kaza ve sonras\u0131nda geli\u015fen olaylar da \u00f6zel bir dsoya ile dergiye eklenmi\u015f. Eylemlerin de\u011ferlendirilmesi, gen\u00e7lerle yap\u0131lan roportajlar, eylemlerden foto\u011frafar ve gazetelerde yer alan haberler \u00f6zel dosyay\u0131 olu\u015fturuyor.<\/p>\n<p><b>2017 Takvimi: #Reddediyoruz!<\/b><\/p>\n<p>Derginin orta sayfas\u0131nda renkli olarak okurlara hediye edilen 2017 takviminde, 2016\u2019ya damgas\u0131n\u0131 vuran \u201creddediyoruz\u201d eylemlerinden co\u015fkulu bir foto\u011fraf se\u00e7ilmi\u015f. Takvimde toplumsal muhalefet i\u00e7in \u00f6zel ve \u00f6nemli olan g\u00fcnler de i\u015faretlenmi\u015f.<\/p>\n<p><b>Merhaba yaz\u0131s\u0131: \u201cYaprak d\u00f6ker bir yan\u0131m\u0131z bir yanm\u0131z bahar bah\u00e7e\u201d<\/b><\/p>\n<p>Argasdi\u2019nin merhaba yaz\u0131s\u0131nda, \u201cYaprak d\u00f6ker bir yan\u0131m\u0131z, bir yan\u0131m\u0131z bahar bah\u00e7e\u201d ba\u015fl\u0131\u011f\u0131yla okurlara \u015f\u00f6yle seslenilmekte:<br \/>\nGeride b\u0131rakt\u0131\u011f\u0131m\u0131z 2016&#8217;da, bir y\u00fckselip bir al\u00e7alan Akdeniz&#8217;in bar\u0131\u015f sular\u0131nda ne inanc\u0131m\u0131z bitti ne umudumuz \u00f6ld\u00fc. Umut en son \u00f6l\u00fcr \u00e7\u00fcnk\u00fc&#8230;<br \/>\nEskiyen y\u0131lda, emekten yana esmeyen r\u00fczgarlara direni\u015f de vard\u0131 yine sokaklarda. Kazan\u0131m, yolda \u00e7o\u011falarak at\u0131lan her ad\u0131mda&#8230;<br \/>\nGen\u00e7li\u011fimizi teslim etmedik fa\u015fist AKP zihniyetindeki ofise, reddettik ve kazand\u0131k hep birlikte&#8230;<br \/>\nS\u0131\u011f\u0131nma evi a\u00e7t\u0131ramasak da, on binin \u00fczerinde imzayla dayand\u0131k h\u00fck\u00fcmetin kap\u0131s\u0131na. Bu m\u00fccadele s\u00fcrecek kad\u0131n dayan\u0131\u015fmas\u0131yla&#8230;<br \/>\nSonbahar, yaprak d\u00f6k\u00fcm\u00fcyle birlikte ge\u00e7ti gitti \u00f6mr\u00fcm\u00fczden. Koyu bir k\u0131\u015f var \u015fimdi \u00f6n\u00fcm\u00fczde, bahar\u0131 m\u00fcjdeleyen&#8230;<br \/>\nYak\u0131n co\u011frafyam\u0131zda bombalar patlar, sava\u015flar s\u00fcrerken, zul\u00fcmler sa\u011fanak gibi ya\u011farken \u00fczerimize, her \u015feye ra\u011fmen direnenler var katliamlarla beslenen kan emici vampirlere&#8230;<\/p>\n","protected":false},"excerpt":{"rendered":"<p>&nbsp; Baraka K\u00fclt\u00fcr Merkezi\u2019niin 14 y\u0131ld\u0131r yay\u0131nlanan k\u00fclt\u00fcr- sanat- politika dergisi Argasdi\u2019nin 45. say\u0131s\u0131 \u00e7\u0131kt\u0131. Yeni y\u0131l\u0131n ilk say\u0131s\u0131nda, dosya konusu olarak \u201c\u0130NSAN\u201d incelenirken, d\u00f6rt<\/p>\n","protected":false},"author":3,"featured_media":4657,"comment_status":"open","ping_status":"open","sticky":false,"template":"","format":"standard","meta":{"jetpack_post_was_ever_published":false,"_jetpack_newsletter_access":"","_jetpack_newsletter_tier_id":0,"jetpack_publicize_message":"","jetpack_is_tweetstorm":false,"jetpack_publicize_feature_enabled":true,"jetpack_social_post_already_shared":true,"jetpack_social_options":{"image_generator_settings":{"template":"highway","enabled":false}}},"categories":[40,67,9,1,39],"tags":[],"jetpack_publicize_connections":[],"jetpack_featured_media_url":"https:\/\/baraka.cc\/wp-content\/uploads\/2017\/01\/15776803_10154865533462445_7190098002086591321_o.jpg","jetpack_shortlink":"https:\/\/wp.me\/p4eHWX-1d5","jetpack_sharing_enabled":true,"_links":{"self":[{"href":"https:\/\/baraka.cc\/index.php?rest_route=\/wp\/v2\/posts\/4655"}],"collection":[{"href":"https:\/\/baraka.cc\/index.php?rest_route=\/wp\/v2\/posts"}],"about":[{"href":"https:\/\/baraka.cc\/index.php?rest_route=\/wp\/v2\/types\/post"}],"author":[{"embeddable":true,"href":"https:\/\/baraka.cc\/index.php?rest_route=\/wp\/v2\/users\/3"}],"replies":[{"embeddable":true,"href":"https:\/\/baraka.cc\/index.php?rest_route=%2Fwp%2Fv2%2Fcomments&post=4655"}],"version-history":[{"count":5,"href":"https:\/\/baraka.cc\/index.php?rest_route=\/wp\/v2\/posts\/4655\/revisions"}],"predecessor-version":[{"id":4662,"href":"https:\/\/baraka.cc\/index.php?rest_route=\/wp\/v2\/posts\/4655\/revisions\/4662"}],"wp:featuredmedia":[{"embeddable":true,"href":"https:\/\/baraka.cc\/index.php?rest_route=\/wp\/v2\/media\/4657"}],"wp:attachment":[{"href":"https:\/\/baraka.cc\/index.php?rest_route=%2Fwp%2Fv2%2Fmedia&parent=4655"}],"wp:term":[{"taxonomy":"category","embeddable":true,"href":"https:\/\/baraka.cc\/index.php?rest_route=%2Fwp%2Fv2%2Fcategories&post=4655"},{"taxonomy":"post_tag","embeddable":true,"href":"https:\/\/baraka.cc\/index.php?rest_route=%2Fwp%2Fv2%2Ftags&post=4655"}],"curies":[{"name":"wp","href":"https:\/\/api.w.org\/{rel}","templated":true}]}}