{"id":4716,"date":"2017-02-01T11:36:49","date_gmt":"2017-02-01T09:36:49","guid":{"rendered":"https:\/\/baraka.cc\/?p=4716"},"modified":"2017-02-01T11:36:49","modified_gmt":"2017-02-01T09:36:49","slug":"ozel-dosya-lamarinaya-kafa-tutan-genclik","status":"publish","type":"post","link":"https:\/\/baraka.cc\/?p=4716","title":{"rendered":"\u00d6ZEL DOSYA: LAMAR\u0130NAYA KAFA TUTAN GEN\u00c7L\u0130K"},"content":{"rendered":"<p><em><a href=\"https:\/\/baraka.cc\/wp-content\/uploads\/2017\/02\/YURUDULER-2.jpg\"><img decoding=\"async\" loading=\"lazy\" class=\"size-medium wp-image-4727 alignleft\" alt=\"YURUDULER (2)\" src=\"https:\/\/baraka.cc\/wp-content\/uploads\/2017\/02\/YURUDULER-2-300x200.jpg\" width=\"300\" height=\"200\" srcset=\"https:\/\/baraka.cc\/wp-content\/uploads\/2017\/02\/YURUDULER-2-300x200.jpg 300w, https:\/\/baraka.cc\/wp-content\/uploads\/2017\/02\/YURUDULER-2-1024x682.jpg 1024w\" sizes=\"(max-width: 300px) 100vw, 300px\" \/><\/a>Argasdi&#8217;nin 45. say\u0131s\u0131nda \u00f6zel bir dosya \u00e7\u0131kararak s\u00f6z\u00fc gen\u00e7lere b\u0131rakt\u0131k. Dergimiz yay\u0131na haz\u0131rland\u0131\u011f\u0131 s\u0131rada ya\u015fanan cinayet gibi kazan\u0131n ard\u0131ndan gen\u00e7ler t\u00fcm engellemelere ra\u011fmen soka\u011fa d\u00f6k\u00fcld\u00fcler. Empatiyle ba\u015flayan duygular\u0131n\u0131 \u00fcz\u00fcnt\u00fcye, \u00fcz\u00fcnt\u00fcy\u00fc bilin\u00e7le harmanlay\u0131p \u00f6fkeye, \u00f6fkeden de eyleme d\u00f6ken gen\u00e7ler, g\u00f6sterdikleri duyarl\u0131l\u0131k ve eylemlilikle b\u00fcy\u00fcklerine \u00f6rnek oldular. Hepsi lise \u00f6\u011frencisi olan Kayra Sururi, Sude Ko\u00e7, Meliha Karag\u00f6zl\u00fc, Serkan Ko\u00e7\u00e7at ve Deniz I\u015f\u0131lsoyla bir r\u00f6portaj ger\u00e7ekle\u015ftirdik.<\/em><\/p>\n<p>&nbsp;<\/p>\n<p>&nbsp;<\/p>\n<p><b>&#8220;Susmayacay\u0131k bu durum d\u00fczelene kadar&#8221;<\/b><\/p>\n<p>R\u00f6portaj: Halil Bolan, Nazen \u015eansal<\/p>\n<p>&nbsp;<\/p>\n<p><i><a href=\"https:\/\/baraka.cc\/wp-content\/uploads\/2017\/02\/unnamed-1.jpg\"><img decoding=\"async\" loading=\"lazy\" class=\"size-medium wp-image-4726 alignleft\" alt=\"unnamed (1)\" src=\"https:\/\/baraka.cc\/wp-content\/uploads\/2017\/02\/unnamed-1-300x200.jpg\" width=\"300\" height=\"200\" srcset=\"https:\/\/baraka.cc\/wp-content\/uploads\/2017\/02\/unnamed-1-300x200.jpg 300w, https:\/\/baraka.cc\/wp-content\/uploads\/2017\/02\/unnamed-1.jpg 993w\" sizes=\"(max-width: 300px) 100vw, 300px\" \/><\/a>Aral\u0131k ay\u0131nda \u00fclke g\u00fcndemine, g\u00f6sterdikleri duyarl\u0131l\u0131k ve eylemlilikle b\u00fcy\u00fcklerine \u00f6rnek olan gen\u00e7ler damgas\u0131n\u0131 vurdu. Empatiyle ba\u015flayan duygular\u0131n\u0131 \u00fcz\u00fcnt\u00fcye, \u00fcz\u00fcnt\u00fcy\u00fc bilin\u00e7le harmanlay\u0131p \u00f6fkeye, \u00f6fkeden de eyleme d\u00f6ken gen\u00e7lere s\u00f6z\u00fc b\u0131rak\u0131yoruz. Hepsi lise \u00f6\u011frencisi olan Kayra Sururi, Sude Ko\u00e7, Meliha Karag\u00f6zl\u00fc, Serkan Ko\u00e7\u00e7at ve Deniz I\u015f\u0131lsoy, &#8220;kaza&#8221;n\u0131n (daha do\u011fru bir deyi\u015fle cinayetin) ilk g\u00fcn\u00fcnden itibaren neler ya\u015fad\u0131klar\u0131n\u0131, nas\u0131l \u00f6rg\u00fctlendiklerini, eylemlerden beklentilerini, taleplerini ve bundan sonras\u0131 i\u00e7in hayallerini bizlerle payla\u015ft\u0131. <\/i><\/p>\n<p><i>\u00a0<\/i><\/p>\n<p><b>29 Kas\u0131m sal\u0131 sabah\u0131 bir okul otob\u00fcs\u00fcn\u00fcn kaza ge\u00e7irdi\u011fini \u00f6\u011frendi\u011finiz zaman ne hissettiniz? Okulunuzda nas\u0131l bir ortam oldu?<\/b><\/p>\n<p><b>Kayra<\/b>: Gergin&#8230; \u00dczg\u00fcn&#8230; Ben kendim tan\u0131mazd\u0131m diye ilk ba\u015fta a\u015f\u0131r\u0131 derecede fazla bir \u015fey hissetmedim. Olay ilerledikten sonra tabii ki derinli\u011fini de anlay\u0131nca daha fazla artt\u0131 duygular\u0131m. Bende ilk duydu\u011fumda olanlar bunlard\u0131.<\/p>\n<p><b>Sude: <\/b>Ya\u015f\u0131tlar\u0131m\u0131z oldu\u011fu i\u00e7in daha \u00e7ok empati kurduk o y\u00fczden daha derinden etkiledi, \u00e7ok \u00fcz\u00fcld\u00fcm a\u00e7\u0131k\u00e7as\u0131.<\/p>\n<p><b>Deniz: <\/b>Ben ilk duydu\u011fumda bir tuhafla\u015fma oldu bende ama samimi s\u00f6ylemek gerekirse ilk bir iki saat bir \u015fey yapmad\u0131m, olmam\u0131\u015f gibi d\u00fc\u015f\u00fcnd\u00fcm. Ama sonra zaten patlayaca\u011f\u0131m\u0131 biliyordum. \u00dc\u00e7 ki\u015fi kaybettik \u00e7ok k\u00f6t\u00fc bir olay ve hala daha k\u00f6t\u00fc hissediyorum.<\/p>\n<p><b>Serkan:<\/b> Haberi \u00f6\u011frendi\u011fimde okuldayd\u0131m. \u015eok oldum inanmak istemedim. Haberi daha fazla \u00f6\u011frendik\u00e7e, takip ettik\u00e7e kendimi o insanlar\u0131n yerine koydum ve \u00e7ok k\u00f6t\u00fc hissettim kendimi.<\/p>\n<p><b>Meliha:<\/b> Ben haberi uyan\u0131rkenden g\u00f6rd\u00fcm ve bir insan olarak \u00fcz\u00fcld\u00fcm. Okuduk sonra ve ya\u015f\u0131tlar\u0131m\u0131z oldu\u011funu \u00f6\u011frendik sonra daha da \u00e7ok \u00fcz\u00fcld\u00fcm ve bunun nedeni ba\u015fkalar\u0131ndan kaynakland\u0131\u011f\u0131 i\u00e7in biraz da \u00f6fke vard\u0131 i\u00e7imde. Ben Alsancak&#8217;ta kal\u0131r\u0131m ve G\u00fczelyurt&#8217;a gidip okurum. Ben de k\u00f6t\u00fc yollar\u0131n, t\u0131rlar\u0131n, kamyonlar\u0131n i\u00e7inde gidip gelirim. Bizi \u00e7ok es ge\u00e7ti dikkatsiz s\u00fcr\u00fcc\u00fcler ve ben en \u00f6nde otururum. \u00c7o\u011funlukla burun buruna gelirim b\u00f6yle \u015feylerle. \u015eof\u00f6r\u00fcme g\u00fcvenirim ama onun bir anl\u0131k dikkatsizli\u011fi beni de \u00f6ld\u00fcrebilir.<\/p>\n<p style=\"text-align: center;\">\u00a0<a href=\"https:\/\/baraka.cc\/wp-content\/uploads\/2017\/02\/13906869_10209234956924498_190521537554583510_n.jpg\"><img decoding=\"async\" loading=\"lazy\" class=\"size-medium wp-image-4722 aligncenter\" alt=\"13906869_10209234956924498_190521537554583510_n\" src=\"https:\/\/baraka.cc\/wp-content\/uploads\/2017\/02\/13906869_10209234956924498_190521537554583510_n-275x300.jpg\" width=\"275\" height=\"300\" srcset=\"https:\/\/baraka.cc\/wp-content\/uploads\/2017\/02\/13906869_10209234956924498_190521537554583510_n-275x300.jpg 275w, https:\/\/baraka.cc\/wp-content\/uploads\/2017\/02\/13906869_10209234956924498_190521537554583510_n.jpg 588w\" sizes=\"(max-width: 275px) 100vw, 275px\" \/><\/a><\/p>\n<p><b>Bu k\u00f6t\u00fc saatlerin, k\u00f6t\u00fc g\u00fcn\u00fcn ard\u0131ndan hemen eylem organize etmeye ba\u015flad\u0131n\u0131z. Pek \u00e7ok liseli gen\u00e7 bir anda birlik oldunuz, \u00f6rg\u00fctl\u00fc olan sendikal yap\u0131lardan veya siyasi \u00f6rg\u00fctlerden daha \u00f6nce eylem karar\u0131 verip eylem \u00e7a\u011fr\u0131s\u0131 yapmaya ba\u015flad\u0131n\u0131z&#8230; <\/b><\/p>\n<p><b>Sude: <\/b>Bir t\u00fcr uyan\u0131\u015f oldu bu. Sadece kaza da de\u011fil, biriken \u00e7ok \u015fey vard\u0131 ve bu kaza barda\u011f\u0131 ta\u015f\u0131ran son damla oldu. Gen\u00e7ler \u00f6rg\u00fctlenip soka\u011fa \u00e7\u0131kmasayd\u0131 bu kadar tepki verilmeyece\u011fini d\u00fc\u015f\u00fcn\u00fcr\u00fcm. Ben k\u00fc\u00e7\u00fckl\u00fc\u011f\u00fcmden beri eylemlere giden bir insan\u0131m ve gen\u00e7lerin bu \u015fekilde tepki g\u00f6sterece\u011fini ben de beklemezdim.<\/p>\n<p><b>Serkan: <\/b>Ke\u015fke b\u00f6yle \u015feyler ya\u015fanmasa ama asl\u0131nda b\u00f6yle \u015feyler olabilece\u011finin fark\u0131nday\u0131k. H\u00fck\u00fcmetin yapmas\u0131 gerekenleri yapmad\u0131\u011f\u0131n\u0131n, eksikliklerin fark\u0131nday\u0131k ama hi\u00e7 kimse de \u00e7\u0131k\u0131p bir \u015fey demiyor. Ama herkes fark\u0131ndad\u0131r. Bu bir neden oldu ve herkes ayakland\u0131. Ama ke\u015fke b\u00f6yle bir neden olmasayd\u0131&#8230;<\/p>\n<p><b>Kayra:<\/b> Ben ilk eylemi \u00f6rg\u00fctleyenlerden de\u011filim ama bu konu sadece duygusal boyutta de\u011fil politik boyutta da ilgilenilmesi gereken bir durumdur. Bu nedenle ben de toplayabildi\u011fim kadar insan\u0131 toplamaya \u00e7al\u0131\u015ft\u0131m. Genellikle kendi ideolojimde olanlar\u0131 da toplamaya \u00e7al\u0131\u015ft\u0131m. \u00c7\u00fcnk\u00fc bu arkada\u015flar sarho\u015f bir \u015fof\u00f6r veya sorumsuz bir adam y\u00fcz\u00fcnden \u00f6lmedi. Devletin y\u0131llard\u0131r ihmal etti\u011fi \u015feylerin sonucu olarak \u00f6ld\u00fcler&#8230; Normalde bu gen\u00e7lerin hi\u00e7biri \u00f6rg\u00fctlenip bu i\u015fi politik tarafa ta\u015f\u0131yacak bir birlik yapmad\u0131lar. Aralar\u0131nda sa\u011f\u0131n solun ne oldu\u011funu bilmeyen insanlar bile var. Ve buna mahanaylan insanlar birlik olmay\u0131 ve beraber direnmeyi ke\u015ffettiler ve bence bu harika bir \u015fey.<\/p>\n<p><b>Meliha: <\/b>\u0130lk g\u00fcn ben de ba\u015fka arkada\u015flar\u0131m da ne olaca\u011f\u0131n\u0131 tam bilememi\u015ftik, bu nedenle gidemedik.<b> <\/b>Ama sonra iyice \u00f6\u011frenip arkada\u015flar\u0131ma da s\u00f6yledim ve<b> <\/b>ikinci g\u00fcn Girne&#8217;den ve ba\u015fka yerlerden otob\u00fcs kald\u0131rd\u0131k. Herkesi net bir \u015fekilde bilgilendirdik ve eyleme gittik.<\/p>\n<p>&nbsp;<\/p>\n<p><b><a href=\"https:\/\/baraka.cc\/wp-content\/uploads\/2017\/02\/15555886_1205857986134497_1699762655_n.jpg\"><img decoding=\"async\" loading=\"lazy\" class=\"size-medium wp-image-4720 alignright\" alt=\"15555886_1205857986134497_1699762655_n\" src=\"https:\/\/baraka.cc\/wp-content\/uploads\/2017\/02\/15555886_1205857986134497_1699762655_n-300x168.jpg\" width=\"300\" height=\"168\" srcset=\"https:\/\/baraka.cc\/wp-content\/uploads\/2017\/02\/15555886_1205857986134497_1699762655_n-300x168.jpg 300w, https:\/\/baraka.cc\/wp-content\/uploads\/2017\/02\/15555886_1205857986134497_1699762655_n.jpg 960w\" sizes=\"(max-width: 300px) 100vw, 300px\" \/><\/a>Talepleriniz neydi, neden soka\u011fa d\u00f6k\u00fcld\u00fcn\u00fcz?<\/b><\/p>\n<p><b>Deniz<\/b>: Tepkimizi g\u00f6stermek i\u00e7in&#8230; O \u00fc\u00e7 bakan\u0131n istifa etmesi, yollar\u0131n d\u00fczeltilmesi ve saatlerin d\u00fczeltilmesi i\u00e7in. Ve tabii ki bir daha olmamas\u0131 i\u00e7in.<\/p>\n<p>&nbsp;<\/p>\n<p><b>Bu eylemleri kendi iradenizle yapmad\u0131\u011f\u0131n\u0131z, birilerinin sizi kulland\u0131\u011f\u0131 da s\u00f6ylendi. Hatta bunun \u00fczerine pankart da a\u00e7t\u0131n\u0131z &#8220;\u00d6zg\u00fcr \u0130rademizle Buraday\u0131z&#8221; \u015feklinde&#8230; Bu konuda neler s\u00f6ylemek istersiniz?<\/b><\/p>\n<p><b>Deniz: <\/b>Sendikalar\u0131n, baz\u0131 ba\u015fka \u00f6rg\u00fctlerin bizi kulland\u0131\u011f\u0131 tamamen yanl\u0131\u015f bir d\u00fc\u015f\u00fcncedir. Biz bir birli\u011fiz, hep beraberiz. \u00d6rg\u00fctlenmek i\u00e7in bir grup kurmu\u015ftuk orada da tart\u0131\u015ft\u0131m, anlatt\u0131m.<\/p>\n<p><b>Kayra<\/b>: Kesinlikle yaland\u0131r, hepsi kendi irademizle olmu\u015ftur. Bunlar fa\u015fist propogandadan ba\u015fka bir \u015fey de\u011fildir. \u0130lk eylemde 18 ya\u015f\u0131n \u00fcst\u00fcnde kimse yoktu&#8230; Hayat\u0131mda g\u00f6rmedi\u011fim liseli ki\u015filer&#8230; Kendi ba\u015flar\u0131na \u00f6rg\u00fctlendi, kendi ba\u015flar\u0131na evlerinde yapt\u0131lar her \u015feyi&#8230; Hi\u00e7bir d\u0131\u015f g\u00fc\u00e7 yapmad\u0131. Bunlar devleti, h\u00fck\u00fcmeti savunanlar\u0131n att\u0131\u011f\u0131 yalanlard\u0131r. Daha sonra destek g\u00f6rd\u00fck tabii ama o da destekti yani&#8230;<\/p>\n<p><b>Sude: <\/b>D\u00fcn<i> (6 Aral\u0131k 2016) <\/i>polislerin \u00e7ok orant\u0131s\u0131z g\u00fc\u00e7 kulland\u0131klar\u0131n\u0131 d\u00fc\u015f\u00fcn\u00fcr\u00fcm. Madem b\u00f6yle d\u00fc\u015f\u00fcn\u00fcrler ki kendi irademizle de\u011fildi, o zaman neden \u00f6\u011frencilerin \u00fcst\u00fcne y\u00fcr\u00fcd\u00fcler!<\/p>\n<p><b>Serkan: <\/b>B\u00f6yle s\u00f6ylentiler hep olur zaten. K\u0131br\u0131s&#8217;tay\u0131z sonu\u00e7ta, bir s\u00f6ylenti s\u00f6ylesem bir saat i\u00e7inde her yere yay\u0131labilir.<\/p>\n<p>&nbsp;<\/p>\n<p><b><a href=\"https:\/\/baraka.cc\/wp-content\/uploads\/2017\/02\/15357018_10154730421419134_1387141698_n.jpg\"><img decoding=\"async\" loading=\"lazy\" class=\"size-medium wp-image-4718 alignleft\" alt=\"15357018_10154730421419134_1387141698_n\" src=\"https:\/\/baraka.cc\/wp-content\/uploads\/2017\/02\/15357018_10154730421419134_1387141698_n-300x168.jpg\" width=\"300\" height=\"168\" srcset=\"https:\/\/baraka.cc\/wp-content\/uploads\/2017\/02\/15357018_10154730421419134_1387141698_n-300x168.jpg 300w, https:\/\/baraka.cc\/wp-content\/uploads\/2017\/02\/15357018_10154730421419134_1387141698_n.jpg 960w\" sizes=\"(max-width: 300px) 100vw, 300px\" \/><\/a>Sizin ba\u015flatt\u0131\u011f\u0131n\u0131z bu eylemlerden sonra sendikalar da grev a\u00e7\u0131klamak ve eylem yapmak zorunda kald\u0131. Bir anlamda, halk\u0131n ve sendikalar\u0131n \u00f6nc\u00fcs\u00fc siz oldunuz. Sendikalar\u0131n deste\u011fini nas\u0131l de\u011ferlendiriyorsunuz? Biraz da eyleminizin \u015fekli de\u011fi\u015fti sendikalar\u0131n gelmesiyle&#8230;<\/b><\/p>\n<p><b>Serkan: <\/b>Sendikalar\u0131n gelmesi bir \u00fcst seviyeydi. Biz gencik, hevesliyik ama bazen bir deste\u011fe de ihtiyac\u0131m\u0131z olur.<\/p>\n<p><b>Sude: <\/b>Gen\u00e7lerin bu denli erken \u00f6rg\u00fctlenmesi tamam, g\u00fczel, kalabal\u0131kt\u0131k ama gen\u00e7ler olunca ne yapaca\u011f\u0131n\u0131 bilememe durumu da oluyor. Bu nedenle sendikalar\u0131n gelmesi yararl\u0131 oldu bizim i\u00e7in. \u00c7\u00fcnk\u00fc art\u0131k bu eylemin boyutunun de\u011fi\u015fmesi laz\u0131md\u0131, bir yerlere ula\u015fmak istiyorsak&#8230;<\/p>\n<p><b>Kayra:<\/b> Bizimle eylem yapan arkada\u015flar\u0131n aras\u0131nda rahats\u0131z edici ideolojide olan arkada\u015flar da var. Mesela biz ne zaman devlete kar\u015f\u0131 bir slogan atsak, baz\u0131 belirli arkada\u015flar yok gelir tehdit eder, yok &#8220;\u00f6yle slogan atmaycaks\u0131n\u0131z&#8221; der, &#8220;sus ol, \u00f6ld\u00fcr\u00fcr\u00fck, devletimize laf s\u00f6ylemeyin&#8221; der&#8230; Ne zaman sendika ve di\u011fer \u00f6rg\u00fctler yard\u0131ma geldi bu arkada\u015flar g\u00fc\u00e7s\u00fcz kald\u0131\u011f\u0131 i\u00e7in kayboldu. Ve bu arkada\u015flar\u0131n kaybolmas\u0131 kesinlikle bu tarz bir eylemde iyidir. Ben kap\u0131 k\u0131rma gibi \u015feylerde de negatif bir \u015fey d\u00fc\u015f\u00fcnm\u00fcyorum.<\/p>\n<p><b>Deniz:<\/b> O kap\u0131y\u0131 k\u0131rmak yeterli midir? Tepki g\u00f6stermek tamam, eyvallah ama kap\u0131 de\u011fil sadece. \u0130\u00e7eri girmemiz laz\u0131m. B\u00fct\u00fcn sistemin ans\u0131z\u0131n de\u011fi\u015fmesi laz\u0131m. Ama bunun i\u00e7in \u00e7ok \u00f6rg\u00fctl\u00fc ve \u00e7ok ki\u015fi olmam\u0131z laz\u0131m, o da zor&#8230; \u0130sterdik ki burada Gezi Park\u0131 olay\u0131 gibi bir patlama olsun.<\/p>\n<p><b>Meliha:<\/b> Benim ailemin \u00e7o\u011fu sendikal\u0131d\u0131r. D\u00fcn hemen hemen b\u00fct\u00fcn ailem ordayd\u0131, destek \u00e7ok g\u00fczeldi. Kap\u0131n\u0131n k\u0131r\u0131lmas\u0131 da iyi bir \u015fey, tabii devam\u0131 gelseydi&#8230; \u0130\u00e7eri girseydik o g\u00fcnden, sanki de her \u015feyi yapabilirdik.<\/p>\n<p><b>Deniz:<\/b> \u015eu da var&#8230; Sendikalar d\u00fcnk\u00fc eylemde <i>(6 Aral\u0131k 2016), <\/i>\u00f6\u011flen dediler ki \u00e7ekiliyoruz. Olacak \u015fey mi o? Azald\u0131k, ans\u0131z\u0131n o kadar kalabal\u0131k yok oldu&#8230; Yaln\u0131z b\u0131rak\u0131ld\u0131k. Ondan sonra polisin de yapt\u0131\u011f\u0131 tamamen yanl\u0131\u015ft\u0131. Ger\u00e7i bence ba\u015f\u0131ndan beri yanl\u0131\u015f&#8230; Polisler ans\u0131z\u0131n geldiler bast\u0131rd\u0131lar. Ben ne oldu\u011funu \u015fa\u015f\u0131rd\u0131m. Yerde bir tane adam vard\u0131&#8230; Sonu\u00e7ta polis de bir insan biz de insan\u0131z ve insan\u0131n insana b\u00f6yle yapmas\u0131&#8230; O an daha iyi anlad\u0131m ki bitti&#8230; K\u00f6t\u00fc hissettim \u00e7ok.<\/p>\n<p>&nbsp;<\/p>\n<p><b>Hakl\u0131 bir konuda \u015fiddet uygulamak me\u015fru bir \u015fey&#8230; Ba\u015fbakanl\u0131\u011f\u0131n kap\u0131s\u0131n\u0131n k\u0131r\u0131lmas\u0131 da bu hakl\u0131 \u00f6fkeyle, giden canlar\u0131n \u00fcz\u00fcnt\u00fcs\u00fcyle uygulanm\u0131\u015f bir \u015fiddet olabilir. Fakat daha sonraki eylemlerde bazen ama\u00e7s\u0131z baz\u0131 \u015fiddet olaylar\u0131 da oldu, hem eylemcilerden hem polisten zarar g\u00f6renler de oldu&#8230;<\/b><\/p>\n<p><b><a href=\"https:\/\/baraka.cc\/wp-content\/uploads\/2017\/02\/15356801_10154730421509134_315453310_n.jpg\"><img decoding=\"async\" loading=\"lazy\" class=\"size-medium wp-image-4717 alignleft\" alt=\"15356801_10154730421509134_315453310_n\" src=\"https:\/\/baraka.cc\/wp-content\/uploads\/2017\/02\/15356801_10154730421509134_315453310_n-300x168.jpg\" width=\"300\" height=\"168\" srcset=\"https:\/\/baraka.cc\/wp-content\/uploads\/2017\/02\/15356801_10154730421509134_315453310_n-300x168.jpg 300w, https:\/\/baraka.cc\/wp-content\/uploads\/2017\/02\/15356801_10154730421509134_315453310_n.jpg 960w\" sizes=\"(max-width: 300px) 100vw, 300px\" \/><\/a>Meliha: <\/b>Ben ba\u015f\u0131ndan beri buna kar\u015f\u0131y\u0131m zaten. Hatta uyard\u0131m da arkada\u015flar\u0131m\u0131. D\u00fcn yaralanan polislerden \u00e7o\u011funu hastanede g\u00f6rd\u00fcm. Aralar\u0131nda arkada\u015flar\u0131m\u0131n babalar\u0131 da vard\u0131. Ben eylem s\u0131ras\u0131nda gidip onlarla konu\u015fmu\u015ftum. Onlar\u0131n sonu\u00e7ta oraya g\u00f6rev i\u00e7in geldiklerini bilirdik. Ama bir yerden sonra emir \u00fcst\u00fcne, tamam emir verilebilir ama kar\u015f\u0131ndakinin de \u00e7ocuk oldu\u011funu bilerek bunun yap\u0131lmas\u0131 <i>(polisin gen\u00e7lerin \u00fczerine y\u00fcr\u00fcmesi ve zarar vermesini kastediyor)<\/i> bana \u00e7ok yanl\u0131\u015f geldi. Ben polislerin yan\u0131m\u0131zda oldu\u011funu d\u00fc\u015f\u00fcn\u00fcrd\u00fcm ama d\u00fcnk\u00fc olaydan sonra \u00e7ok can\u0131m\u0131z yand\u0131. Arkada\u015flar\u0131m\u0131za, \u00f6\u011fretmenlerimize zarar verdiler. Yaralanan bir polisin de kar\u0131s\u0131n\u0131 arad\u0131\u011f\u0131na ve konu\u015fmas\u0131na \u015fahit oldum. Belliydi o su\u00e7suzdu. Ama baz\u0131 polislerin de \u00fczerinde bir h\u0131r\u00e7\u0131nl\u0131k var, gen\u00e7lerden \u00e7\u0131karmaya \u00e7al\u0131\u015f\u0131rlar.<\/p>\n<p><b>Serkan:<\/b> \u015eiddetle iki taraf da kaybeder.<\/p>\n<p><b>Sude:<\/b> Ben ilk defa \u015fahit oldum gen\u00e7lerin bu denli bir eylemine. Bunun gaz\u0131yla bir \u015feyler f\u0131rlat\u0131lm\u0131\u015f olabilir ama daha politik yakla\u015f\u0131lmas\u0131 gerekir bu eylemlere.<\/p>\n<p><b>Meliha: <\/b>Ben bug\u00fcn g\u00f6rd\u00fcm, o at\u0131lan \u015feyleri ya\u015fl\u0131 bir adamc\u0131k temizler ve i\u00e7im gitti. O adam\u0131n i\u015fi temizlemektir diyebilir baz\u0131lar\u0131 ama onun i\u015fi bah\u00e7edeki yapraklar\u0131 filan s\u00fcp\u00fcrmektir. Bizim att\u0131\u011f\u0131m\u0131z \u015fi\u015feleri, kokmu\u015f yumurtalar\u0131 filan temizlemek de\u011fil&#8230;<\/p>\n<p>&nbsp;<\/p>\n<p><b>Bundan sonras\u0131 i\u00e7in bu eylemlerin neye d\u00f6n\u00fc\u015fmesini arzuluyorsunuz?<\/b><\/p>\n<p><b>Deniz: <\/b>Bence art\u0131k bu olay\u0131n T\u00fcrkiye&#8217;deki Cumartesi annelerinin oldu\u011fu gibi devam etmesi laz\u0131m. Unutmamal\u0131, unutturmamal\u0131. Haftada en az bir kere toplanmak&#8230; Olay sal\u0131 g\u00fcn\u00fc m\u00fc oldu, mesela sal\u0131 g\u00fcnleri okuldan sonra toplanmak&#8230; M\u00fczik yap\u0131labilir, farkl\u0131 etkinlikler yap\u0131labilir.<\/p>\n<p>&nbsp;<\/p>\n<p><b>Ortada bir ger\u00e7ek var ki saatler hala geri al\u0131nmad\u0131, ger\u00e7i h\u00fck\u00fcmet okul ve mesai saaatlerini g\u00fcya de\u011fi\u015ftirdi ama siz hala karanl\u0131kta okula gidiyorsunuz. Ne d\u00fc\u015f\u00fcn\u00fcrs\u00fcn\u00fcz bu konuda?<\/b><\/p>\n<p><b>Kayra: <\/b>Kar\u015f\u0131m\u0131zdakilerin ne kadar onursuz insanlar oldu\u011funu tekrar d\u00fc\u015f\u00fcnd\u00fcr\u00fcr bize&#8230; Halk\u0131na konu\u015facak kadar \u015fahsiyeti olmayan insanlard\u0131r. Kar\u015f\u0131lar\u0131ndakiler 18 ya\u015f\u0131ndan k\u00fc\u00e7\u00fck insanlard\u0131r ve onlar\u0131n \u00f6n\u00fcne \u00e7\u0131k\u0131p bir konu\u015fma yapamad\u0131lar, bu kadar kaypak insand\u0131rlar.<\/p>\n<p><b>Deniz: <\/b>Saatler al\u0131nmad\u0131 ve iyice sa\u00e7maland\u0131. Yar\u0131m saat okullar\u0131 ge\u00e7 ba\u015flataca\u011f\u0131z dediler ki sendika buna kar\u015f\u0131 \u00e7\u0131k\u0131nca okul yine normal saatte ba\u015fl\u0131yor. Ben Ye\u015fil\u0131rmak&#8217;tan geliyorum. Her sabah 5&#8217;te kalk\u0131yorum, 6&#8217;da Yedidalga&#8217;da oluyorum. \u00c7eyrek ge\u00e7e araba gelecek ki gelmedi iki g\u00fcnd\u00fcr o da ayr\u0131 konu&#8230; Geldi diyelim ve ben saat 7&#8217;ye kadar bekleyece\u011fim o so\u011fukta, o karanl\u0131kta.<b><\/b><\/p>\n<p><b>Sude:<\/b> \u00c7ok komik bir durum oldu\u011funu d\u00fc\u015f\u00fcn\u00fcr\u00fcm. H\u00fck\u00fcmetin ald\u0131\u011f\u0131 kararla aptal yerine konduk. &#8220;Saatleri b\u00f6yle yapal\u0131m susun&#8221; ama susmayacay\u0131k bu durum d\u00fczelene kadar.<\/p>\n<p><a href=\"https:\/\/baraka.cc\/wp-content\/uploads\/2017\/02\/15592486_385811788423751_630635435_n.jpg\"><img decoding=\"async\" loading=\"lazy\" class=\"size-medium wp-image-4721 alignright\" alt=\"15592486_385811788423751_630635435_n\" src=\"https:\/\/baraka.cc\/wp-content\/uploads\/2017\/02\/15592486_385811788423751_630635435_n-202x300.jpg\" width=\"202\" height=\"300\" srcset=\"https:\/\/baraka.cc\/wp-content\/uploads\/2017\/02\/15592486_385811788423751_630635435_n-202x300.jpg 202w, https:\/\/baraka.cc\/wp-content\/uploads\/2017\/02\/15592486_385811788423751_630635435_n.jpg 432w\" sizes=\"(max-width: 202px) 100vw, 202px\" \/><\/a><\/p>\n<p><b>Son olarak, nas\u0131l bir \u00fclke istiyorsunuz, hayal ediyorsunuz?<\/b><\/p>\n<p><b>Meliha: <\/b>Ya\u015fanabilecek&#8230; Soka\u011fa \u00e7\u0131kt\u0131\u011f\u0131mda \u00f6lece\u011fim hissi olmas\u0131n i\u00e7imde&#8230; \u015eu an ya\u015famak istemedi\u011fim ama vazge\u00e7emeyece\u011fim bir \u00fclkede ya\u015far\u0131m.<b><\/b><\/p>\n<p><b>Sude: <\/b>Bar\u0131\u015f olan&#8230;<b><\/b><\/p>\n<p><b>Kayra: <\/b>Evet bar\u0131\u015f olsun art\u0131k&#8230; D\u00fcnya i\u00e7inde tan\u0131nan bir \u00fclke olsun, ambargo kalks\u0131n.<\/p>\n<p><b>Deniz: <\/b>Sosyalizm&#8230;<\/p>\n<p><b>Serkan:<\/b> Mesela ben bisiklet s\u00fcrerim, ba\u015fka \u00e7ok arkada\u015f\u0131m da var bisiklet seven. \u015eehir i\u00e7inde ben \u00e7ok ya\u015far\u0131m bu duyguyu: \u0130nsanlar\u0131n bilin\u00e7sizli\u011fi, dikkatsizli\u011fi ve yollar\u0131m\u0131z\u0131n b\u00f6yle olmas\u0131ndan dolay\u0131 \u00e7ok tehlikeler atlat\u0131r\u0131m, \u015fansla kurtuldu\u011fum \u00e7ok anlar olur. Folkl\u00f6rle baz\u0131 Avrupa \u00fclkelerine gittim ve orada g\u00f6r\u00fc\u011f\u00fcm daha sayg\u0131l\u0131 olundu\u011fuydu. \u00c7ok g\u00fczel bir duyguydu. Ben bu y\u00fczden daha ya\u015fanabilir bir \u00fclke diyorum.<\/p>\n<p><b>Sude:<\/b> Ben de trafik konusuna de\u011finmek isterim. Bu adada \u00f6yle bir bak\u0131l\u0131r ki trafi\u011fe, ben \u015funu diyen arkada\u015f\u0131m\u0131 bilirim: &#8220;Garda\u015f, yaya ge\u00e7idinden ge\u00e7elim de bas\u0131l\u0131rsak para al\u0131r\u0131k&#8221;. \u0130nsanlar\u0131n da bu konuda daha \u00e7ok bilin\u00e7lenmesi gerekir diye d\u00fc\u015f\u00fcn\u00fcr\u00fcm.<\/p>\n<p><b>Deniz: <\/b>Trafik olsun, sistem olsun, her \u015feyin de\u011fi\u015fmesi laz\u0131m bu \u00fclkede. Herkesin e\u015fit \u00e7al\u0131\u015ft\u0131\u011f\u0131, maksimum 8 saat \u00e7al\u0131\u015ft\u0131\u011f\u0131 bir \u00fclke&#8230;<\/p>\n<p><b>\u00c7ok te\u015fekk\u00fcrler ve bundan sonraki eylemlerinizde ba\u015far\u0131lar dileriz&#8230;<\/b><\/p>\n<p><b>\u00a0<\/b><\/p>\n","protected":false},"excerpt":{"rendered":"<p>Argasdi&#8217;nin 45. say\u0131s\u0131nda \u00f6zel bir dosya \u00e7\u0131kararak s\u00f6z\u00fc gen\u00e7lere b\u0131rakt\u0131k. Dergimiz yay\u0131na haz\u0131rland\u0131\u011f\u0131 s\u0131rada ya\u015fanan cinayet gibi kazan\u0131n ard\u0131ndan gen\u00e7ler t\u00fcm engellemelere ra\u011fmen soka\u011fa d\u00f6k\u00fcld\u00fcler.<\/p>\n","protected":false},"author":7,"featured_media":4722,"comment_status":"open","ping_status":"open","sticky":false,"template":"","format":"standard","meta":{"jetpack_post_was_ever_published":false,"_jetpack_newsletter_access":"","_jetpack_newsletter_tier_id":0,"jetpack_publicize_message":"","jetpack_is_tweetstorm":false,"jetpack_publicize_feature_enabled":true,"jetpack_social_post_already_shared":true,"jetpack_social_options":{"image_generator_settings":{"template":"highway","enabled":false}}},"categories":[40,67,44,66,9,43,1,39],"tags":[],"jetpack_publicize_connections":[],"jetpack_featured_media_url":"https:\/\/baraka.cc\/wp-content\/uploads\/2017\/02\/13906869_10209234956924498_190521537554583510_n.jpg","jetpack_shortlink":"https:\/\/wp.me\/p4eHWX-1e4","jetpack_sharing_enabled":true,"_links":{"self":[{"href":"https:\/\/baraka.cc\/index.php?rest_route=\/wp\/v2\/posts\/4716"}],"collection":[{"href":"https:\/\/baraka.cc\/index.php?rest_route=\/wp\/v2\/posts"}],"about":[{"href":"https:\/\/baraka.cc\/index.php?rest_route=\/wp\/v2\/types\/post"}],"author":[{"embeddable":true,"href":"https:\/\/baraka.cc\/index.php?rest_route=\/wp\/v2\/users\/7"}],"replies":[{"embeddable":true,"href":"https:\/\/baraka.cc\/index.php?rest_route=%2Fwp%2Fv2%2Fcomments&post=4716"}],"version-history":[{"count":1,"href":"https:\/\/baraka.cc\/index.php?rest_route=\/wp\/v2\/posts\/4716\/revisions"}],"predecessor-version":[{"id":4728,"href":"https:\/\/baraka.cc\/index.php?rest_route=\/wp\/v2\/posts\/4716\/revisions\/4728"}],"wp:featuredmedia":[{"embeddable":true,"href":"https:\/\/baraka.cc\/index.php?rest_route=\/wp\/v2\/media\/4722"}],"wp:attachment":[{"href":"https:\/\/baraka.cc\/index.php?rest_route=%2Fwp%2Fv2%2Fmedia&parent=4716"}],"wp:term":[{"taxonomy":"category","embeddable":true,"href":"https:\/\/baraka.cc\/index.php?rest_route=%2Fwp%2Fv2%2Fcategories&post=4716"},{"taxonomy":"post_tag","embeddable":true,"href":"https:\/\/baraka.cc\/index.php?rest_route=%2Fwp%2Fv2%2Ftags&post=4716"}],"curies":[{"name":"wp","href":"https:\/\/api.w.org\/{rel}","templated":true}]}}