{"id":4730,"date":"2017-02-03T12:55:26","date_gmt":"2017-02-03T10:55:26","guid":{"rendered":"https:\/\/baraka.cc\/?p=4730"},"modified":"2017-02-03T12:55:26","modified_gmt":"2017-02-03T10:55:26","slug":"serdar-denktasa-dava-acildi","status":"publish","type":"post","link":"https:\/\/baraka.cc\/?p=4730","title":{"rendered":"Serdar Denkta\u015f&#8217;a Dava A\u00e7\u0131ld\u0131"},"content":{"rendered":"<p><a href=\"https:\/\/baraka.cc\/wp-content\/uploads\/2017\/02\/dava-3.jpg\"><img decoding=\"async\" loading=\"lazy\" class=\"size-medium wp-image-4731 alignleft\" style=\"border: 1px solid black;\" alt=\"dava 3\" src=\"https:\/\/baraka.cc\/wp-content\/uploads\/2017\/02\/dava-3-300x168.jpg\" width=\"300\" height=\"168\" srcset=\"https:\/\/baraka.cc\/wp-content\/uploads\/2017\/02\/dava-3-300x168.jpg 300w, https:\/\/baraka.cc\/wp-content\/uploads\/2017\/02\/dava-3-1024x576.jpg 1024w, https:\/\/baraka.cc\/wp-content\/uploads\/2017\/02\/dava-3.jpg 2048w\" sizes=\"(max-width: 300px) 100vw, 300px\" \/><\/a>Baraka K\u00fclt\u00fcr Merkezi, bug\u00fcn Lefko\u015fa Kaza Mahkemesinde Serdar Denkta\u015f aleyhine tazminat davas\u0131 a\u00e7t\u0131. Kat\u0131ld\u0131\u011f\u0131 bir televizyon program\u0131nda Baraka K\u00fclt\u00fcr Merkezi ve Baraka aktivisti M\u00fcn\u00fcr Rahvanc\u0131o\u011flu\u2019yla ilgili yalan iddialarda bulunan Serdar Denkta\u015f aleyhine dosyalanan davan\u0131n ard\u0131ndan bas\u0131na a\u00e7\u0131klamalarda bulunan Baraka aktivistleri, daha \u00f6nceden de duyuruldu\u011fu gibi Serdar Denkta\u015f\u2019la ilgili yasal s\u00fcrecin ba\u015flad\u0131\u011f\u0131n\u0131 ve Baraka\u2019ya y\u00f6nelik olarak yap\u0131lan ve tamamen g\u00fcndemi \u00e7arp\u0131tmak maksad\u0131yla at\u0131lm\u0131\u015f bu \u00e7irkin iftiran\u0131n pe\u015fini b\u0131rakmayacaklar\u0131n\u0131, bir taraftan h\u00fck\u00fcmetin politikalar\u0131yla m\u00fccadele ederken di\u011fer taraftan da bu yalan iddialar\u0131 dolay\u0131s\u0131yla Serdar Denkta\u015f\u2019\u0131n yasalar \u00f6n\u00fcnde hesap vermesi i\u00e7in m\u00fccadele edeceklerini s\u00f6ylediler.<\/p>\n<p><a href=\"https:\/\/baraka.cc\/wp-content\/uploads\/2017\/02\/dava-2.jpg\"><img decoding=\"async\" loading=\"lazy\" class=\"alignnone size-medium wp-image-4732\" alt=\"dava 2\" src=\"https:\/\/baraka.cc\/wp-content\/uploads\/2017\/02\/dava-2-300x225.jpg\" width=\"300\" height=\"225\" srcset=\"https:\/\/baraka.cc\/wp-content\/uploads\/2017\/02\/dava-2-300x225.jpg 300w, https:\/\/baraka.cc\/wp-content\/uploads\/2017\/02\/dava-2-1024x768.jpg 1024w, https:\/\/baraka.cc\/wp-content\/uploads\/2017\/02\/dava-2.jpg 2048w\" sizes=\"(max-width: 300px) 100vw, 300px\" \/><a href=\"https:\/\/baraka.cc\/wp-content\/uploads\/2017\/02\/dava.jpg\"><img decoding=\"async\" loading=\"lazy\" class=\"alignnone size-medium wp-image-4733\" alt=\"dava\" src=\"https:\/\/baraka.cc\/wp-content\/uploads\/2017\/02\/dava-300x168.jpg\" width=\"300\" height=\"168\" srcset=\"https:\/\/baraka.cc\/wp-content\/uploads\/2017\/02\/dava-300x168.jpg 300w, https:\/\/baraka.cc\/wp-content\/uploads\/2017\/02\/dava-1024x576.jpg 1024w, https:\/\/baraka.cc\/wp-content\/uploads\/2017\/02\/dava.jpg 2048w\" sizes=\"(max-width: 300px) 100vw, 300px\" \/><\/a><\/a><\/p>\n","protected":false},"excerpt":{"rendered":"<p>Baraka K\u00fclt\u00fcr Merkezi, bug\u00fcn Lefko\u015fa Kaza Mahkemesinde Serdar Denkta\u015f aleyhine tazminat davas\u0131 a\u00e7t\u0131. Kat\u0131ld\u0131\u011f\u0131 bir televizyon program\u0131nda Baraka K\u00fclt\u00fcr Merkezi ve Baraka aktivisti M\u00fcn\u00fcr Rahvanc\u0131o\u011flu\u2019yla<\/p>\n","protected":false},"author":4,"featured_media":4731,"comment_status":"open","ping_status":"open","sticky":false,"template":"","format":"standard","meta":{"jetpack_post_was_ever_published":false,"_jetpack_newsletter_access":"","_jetpack_newsletter_tier_id":0,"jetpack_publicize_message":"","jetpack_is_tweetstorm":false,"jetpack_publicize_feature_enabled":true,"jetpack_social_post_already_shared":true,"jetpack_social_options":{"image_generator_settings":{"template":"highway","enabled":false}}},"categories":[9,1],"tags":[],"jetpack_publicize_connections":[],"jetpack_featured_media_url":"https:\/\/baraka.cc\/wp-content\/uploads\/2017\/02\/dava-3.jpg","jetpack_shortlink":"https:\/\/wp.me\/p4eHWX-1ei","jetpack_sharing_enabled":true,"_links":{"self":[{"href":"https:\/\/baraka.cc\/index.php?rest_route=\/wp\/v2\/posts\/4730"}],"collection":[{"href":"https:\/\/baraka.cc\/index.php?rest_route=\/wp\/v2\/posts"}],"about":[{"href":"https:\/\/baraka.cc\/index.php?rest_route=\/wp\/v2\/types\/post"}],"author":[{"embeddable":true,"href":"https:\/\/baraka.cc\/index.php?rest_route=\/wp\/v2\/users\/4"}],"replies":[{"embeddable":true,"href":"https:\/\/baraka.cc\/index.php?rest_route=%2Fwp%2Fv2%2Fcomments&post=4730"}],"version-history":[{"count":1,"href":"https:\/\/baraka.cc\/index.php?rest_route=\/wp\/v2\/posts\/4730\/revisions"}],"predecessor-version":[{"id":4734,"href":"https:\/\/baraka.cc\/index.php?rest_route=\/wp\/v2\/posts\/4730\/revisions\/4734"}],"wp:featuredmedia":[{"embeddable":true,"href":"https:\/\/baraka.cc\/index.php?rest_route=\/wp\/v2\/media\/4731"}],"wp:attachment":[{"href":"https:\/\/baraka.cc\/index.php?rest_route=%2Fwp%2Fv2%2Fmedia&parent=4730"}],"wp:term":[{"taxonomy":"category","embeddable":true,"href":"https:\/\/baraka.cc\/index.php?rest_route=%2Fwp%2Fv2%2Fcategories&post=4730"},{"taxonomy":"post_tag","embeddable":true,"href":"https:\/\/baraka.cc\/index.php?rest_route=%2Fwp%2Fv2%2Ftags&post=4730"}],"curies":[{"name":"wp","href":"https:\/\/api.w.org\/{rel}","templated":true}]}}