{"id":4793,"date":"2017-03-02T17:50:35","date_gmt":"2017-03-02T15:50:35","guid":{"rendered":"https:\/\/baraka.cc\/?p=4793"},"modified":"2017-03-02T17:50:35","modified_gmt":"2017-03-02T15:50:35","slug":"araclar-kazalar-ve-insanlar-sifa-alcicioglu","status":"publish","type":"post","link":"https:\/\/baraka.cc\/?p=4793","title":{"rendered":"Ara\u00e7lar, Kazalar ve \u0130nsanlar- \u015eifa Al\u00e7\u0131c\u0131o\u011flu"},"content":{"rendered":"<p>Argasdi&#8217;nin , K\u0131br\u0131s k\u00fclt\u00fcr\u00fc sayfas\u0131nda&#8221;Ara\u00e7lar, Kazalar ve \u0130nsanlar&#8221; \u00fczerine g\u00fcn\u00fcm\u00fcz\u00fcn ve ge\u00e7mi\u015fin ortak bile\u015fenlerini harmanlayan makalemizi sizlerle payla\u015f\u0131yoruz.<\/p>\n<p><a href=\"https:\/\/baraka.cc\/wp-content\/uploads\/2017\/03\/17077904_10155245374014170_1931282317_n.jpg\"><img decoding=\"async\" loading=\"lazy\" class=\"size-medium wp-image-4794 alignleft\" alt=\"17077904_10155245374014170_1931282317_n\" src=\"https:\/\/baraka.cc\/wp-content\/uploads\/2017\/03\/17077904_10155245374014170_1931282317_n-300x231.jpg\" width=\"300\" height=\"231\" srcset=\"https:\/\/baraka.cc\/wp-content\/uploads\/2017\/03\/17077904_10155245374014170_1931282317_n-300x231.jpg 300w, https:\/\/baraka.cc\/wp-content\/uploads\/2017\/03\/17077904_10155245374014170_1931282317_n.jpg 480w\" sizes=\"(max-width: 300px) 100vw, 300px\" \/><\/a>K\u0131br\u0131s\u2019\u0131n kuzey co\u011frafyas\u0131nda ya\u015fayan her insan i\u00e7in trafik her zaman \u00f6nemli sorunlardan biri olagelmi\u015ftir. 1900\u2019lerin ba\u015f\u0131nda ula\u015f\u0131m; garutsalarla (1) ya da e\u015fek, kat\u0131r gibi binek hayvanlar\u0131yla sa\u011flan\u0131yordu. Ard\u0131ndan tren ve az say\u0131da otomobil boy g\u00f6stermeye ba\u015flad\u0131 yollarda. \u0130nsanlar\u0131n i\u015fe geli\u015f ve gidi\u015flerini kolayla\u015ft\u0131rmak ama\u00e7l\u0131 en pratik ve kullanmas\u0131 kolay vas\u0131ta ise velesbit (2) olmu\u015ftur. Bu iki teker bir\u00e7ok insan\u0131n hayat\u0131na yolda\u015fl\u0131k etmi\u015f, belki de en \u00f6zel ve g\u00fczel anlar\u0131n tek tan\u0131\u011f\u0131 olmu\u015ftur kim bilir\u2026<\/p>\n<p>S\u00f6ylentiye g\u00f6re \u0130ngilizler geldi\u011fi zaman a\u015f\u0131r\u0131 h\u0131z yaparak, trafi\u011fin gidi\u015fat\u0131n\u0131 bozan garutsalara yasaklama getirmi\u015f, ard\u0131ndan velesbit kullan\u0131m\u0131 h\u0131z kazanm\u0131\u015ft\u0131r. Velesbitin \u00f6zellikle 1950-58 y\u0131llar\u0131nda en yayg\u0131n kullan\u0131lan ula\u015f\u0131m ara\u00e7lar\u0131ndan biri oldu\u011fu bilinmektedir. 26 ve 28 jantl\u0131 Relaigh ve Rudge marka \u0130ngiliz bisikletleri pahal\u0131 olsa da sa\u011flaml\u0131klar\u0131yla \u00fcn yapm\u0131\u015ft\u0131. Daha fazla erkeklerin kullanmas\u0131na ra\u011fmen kad\u0131nlar ve \u00e7ocuklar da bu arac\u0131 tercih etmekteydiler. \u00d6zellikle ebeler i\u00e7in h\u0131zl\u0131 bir ula\u015f\u0131m arac\u0131yd\u0131. Bisiklet kullan\u0131m\u0131 yayg\u0131n oldu\u011fu i\u00e7in kurallar\u0131na da uyulurdu. Uymayanlara ise trafik cezas\u0131 kesilirdi. E\u011fer hatay\u0131 yapan bir \u00e7ocuk ise onun da lastiklerindeki hava indirilerek cezas\u0131 verilirdi. O kurallar\u0131 hala yerine getiren bisiklet s\u00fcr\u00fcc\u00fcleri, k\u0131r sa\u00e7lar\u0131na ald\u0131rmadan r\u00fczgar\u0131 arkas\u0131na al\u0131p yol arkada\u015f\u0131yla birlikte ayak uydurmaya \u00e7al\u0131\u015f\u0131r trafi\u011fe. Lefko\u015fa sokaklar\u0131nda rastlars\u0131n\u0131z bazen sa\u011f eliyle i\u015faret eder d\u00f6nece\u011fi y\u00f6n\u00fc, durup yol verirsiniz bu ikiliye.<\/p>\n<p>G\u00fcn\u00fcm\u00fczde ise \u00f6zellikle son y\u0131llarda bisiklet kullan\u0131m\u0131 artm\u0131\u015ft\u0131r. Bisiklet, hem sa\u011fl\u0131kl\u0131 bir ya\u015fam i\u00e7in hem de ula\u015f\u0131m i\u00e7in tercih edilen bir ara\u00e7 olmaya yeniden ba\u015flarken, bisiklet yolu olmamas\u0131, kurallar\u0131na uyulmamas\u0131 gibi etmenler kullan\u0131m\u0131n\u0131n yayg\u0131nla\u015fmas\u0131n\u0131n \u00f6n\u00fcne ge\u00e7iyor. Bisiklet s\u00fcr\u00fcc\u00fcleri her g\u00fcn bir\u00e7ok tehlikeyle burun buruna gelmek durumunda kal\u0131yor\u2026<\/p>\n<p>Ge\u00e7mi\u015fteki bu g\u00fczel ara\u00e7lar, yerini daha h\u0131zl\u0131 hareket eden metal y\u0131\u011f\u0131nlar\u0131na b\u0131rakt\u0131. Bununla birlikte trafik, g\u00fcr\u00fclt\u00fc, kirlilik, kazalar gibi bir\u00e7ok felaketi de hayat\u0131m\u0131za katt\u0131. Her y\u0131l trafikte \u00f6len insan say\u0131s\u0131nda y\u0131l ge\u00e7tik\u00e7e art\u0131\u015f ya\u015fanmaktad\u0131r. Sonu\u00e7lar\u0131 ise \u00e7ok a\u011f\u0131r ya\u015fan\u0131yor bu kazalar\u0131n\u2026 \u0130\u00e7imiz ac\u0131yor, sinirlerimiz bozuluyor, sorumluluk almak istemeyen devlet bu konuda hi\u00e7bir ad\u0131m atm\u0131yor. Bundan y\u0131llar \u00f6nce 1967 y\u0131l\u0131nda ya\u015fanan kaza da \u00fclkede b\u00fcy\u00fck \u00fcz\u00fcnt\u00fcye yol a\u00e7m\u0131\u015ft\u0131. Ac\u0131 ayn\u0131 ac\u0131\u2026<\/p>\n<p>***<\/p>\n<p>Hasan ortaokul talebesiydi. Anas\u0131n\u0131n haz\u0131rlad\u0131\u011f\u0131 kahvalt\u0131y\u0131 etti ve okul bas\u0131n\u0131 (3) beklemeye ba\u015flad\u0131. Kurumanast\u0131r\u2019dan bindi\u011fi bas,<a href=\"https:\/\/baraka.cc\/wp-content\/uploads\/2017\/03\/15665991_10155002947389170_924920013_n.jpg\"><img decoding=\"async\" loading=\"lazy\" class=\"size-medium wp-image-4795 alignright\" alt=\"15665991_10155002947389170_924920013_n\" src=\"https:\/\/baraka.cc\/wp-content\/uploads\/2017\/03\/15665991_10155002947389170_924920013_n-225x300.jpg\" width=\"225\" height=\"300\" srcset=\"https:\/\/baraka.cc\/wp-content\/uploads\/2017\/03\/15665991_10155002947389170_924920013_n-225x300.jpg 225w, https:\/\/baraka.cc\/wp-content\/uploads\/2017\/03\/15665991_10155002947389170_924920013_n.jpg 720w\" sizes=\"(max-width: 225px) 100vw, 225px\" \/><\/a> G\u00f6nendere Ortaokulu\u2019nda durdu. Geziye gidecek \u00f6\u011frenciler i\u00e7in istikamet Ma\u011fusa ve Larnaka. Herkes heyecanla topland\u0131 okulda, tekrardan baslara binildi yola \u00e7\u0131k\u0131ld\u0131. Ard\u0131ndan o k\u00f6t\u00fc olay ya\u015fand\u0131\u2026<\/p>\n<p>Bu esnada Hasan\u2019\u0131n anas\u0131 da ke\u00e7i otlatmada ovada\u2026 Bir g\u00f6z\u00fc yolda, \u00f6\u011flen oldu birazdan bas gelecek diye i\u00e7inden ge\u00e7irdi. Her zamanki vakit ama gelen giden yok. Hafiften tela\u015fland\u0131. Hasan onun tek \u00e7ocu\u011fu\u2026 Sonra g\u00f6r\u00fcnd\u00fc otob\u00fcs ama durmay\u0131p yola devam etti. D\u00f6nmesini beklediler, el ettiler durdurdular&#8230; \u015eof\u00f6r verdi k\u00f6t\u00fc haberi. Merak etme dedi seninki tamamd\u0131r gelecek birazdan. \u0130kna olmad\u0131 anas\u0131, o vakit ne ke\u00e7i kald\u0131 ne ak\u0131l. Ko\u015farak eve geldi haber vermeye. \u0130\u00e7ini bir kurt kemirmekte\u2026\u00a0 Nisan\u0131n on yedisi y\u0131llardan 67. Ne telefon var ne araba. \u00c7ok ge\u00e7medi, ke\u00e7ilerin sesi duyuldu, Hasan ke\u00e7ilerin ard\u0131nda eve geldi. Bir oh \u00e7ekildi, sar\u0131ld\u0131 ana o\u011ful birbirine ama giden canlar \u00f6\u011frenilince sevinsin mi \u00fcz\u00fcls\u00fcn m\u00fc bilemedi anas\u0131.<\/p>\n<p>O kazada 4 k\u0131z \u00f6\u011frenci hayat\u0131n\u0131 kaybetti. Hasan, (babam) o g\u00fcn\u00fc anlat\u0131rd\u0131 bize. O arkadaki otob\u00fcsteydi. K\u0131zlar\u0131nki ise \u00f6n tarafta\u2026 Okul otob\u00fcs\u00fcne \u00e7ak\u0131l y\u00fckl\u00fc bir kamyon \u00e7arpm\u0131\u015ft\u0131 Ma\u011fusa\u2019da. \u00d6lenlerin i\u00e7inde s\u0131n\u0131f arkada\u015flar\u0131 da vard\u0131 babam\u0131n. G\u00f6nendere Ortaokulu \u00f6\u011frencileri i\u00e7in o g\u00fcn asla unutulmad\u0131. \u201cB\u00fcy\u00fck bir facia\u201d diye man\u015fet at\u0131ld\u0131 ertesi g\u00fcn gazetelere\u2026 Haberi radyolardan duydu ya\u015f\u0131tlar\u0131, t\u00fcm halk yasa bo\u011fuldu ama kitlesel bir tepki koyamad\u0131.<\/p>\n<p>2016\u2019n\u0131n Kas\u0131m ay\u0131n\u0131n son haftas\u0131nda ya\u015fanan kazada da bir t\u0131r \u015fof\u00f6r\u00fc, gencecik iki can ve otob\u00fcs \u015fof\u00f6r\u00fcn\u00fcn hayat\u0131n\u0131 yitirmesine neden oldu. Bu korkun\u00e7 olay da \u201cfeci kaza\u201d gibi ba\u015fl\u0131klarla verildi man\u015fetten. Bu kez halk tepki verdi bu cinayet gibi kazaya. \u00d6\u011frenciler okullar\u0131ndan \u00e7\u0131kmamalar\u0131 i\u00e7in yap\u0131lan onca tehdide ve bask\u0131ya ra\u011fmen Meclis ve Ba\u015fbakanl\u0131k \u00f6n\u00fcne giderek protestolarda bulundular. Polisini \u00fcst\u00fcne salan s\u00f6zde h\u00fck\u00fcmete kar\u015f\u0131 dimdik durmay\u0131 ba\u015fard\u0131lar, yitip giden arkada\u015flar\u0131n\u0131n ac\u0131s\u0131n\u0131 sahiplendiler. Liseli gen\u00e7lerin a\u011fz\u0131nda \u201cS\u0131ra bize gelmeden biz size geldik\u201d slogan\u0131 vard\u0131 eylemlerde\u2026<\/p>\n<p>***<\/p>\n<p>\u0130nsanlar\u0131n cinayet mahiyetinde kazalara maruz kalmamas\u0131 i\u00e7in yap\u0131lmas\u0131 gerekenler ayan beyan ortad\u0131r. Bozuk yollarda, \u0131\u015f\u0131kland\u0131rma olmadan k\u00f6r karanl\u0131kta yolculuk eden herkes kazaya davetiye \u00e7\u0131kar\u0131yordur asl\u0131nda. G\u00f6z g\u00f6re g\u00f6re bunun \u00f6nlemini almayan devlet cinayet i\u015fliyor demektir. Hi\u00e7bir tart\u0131\u015fma yap\u0131lmadan yukar\u0131dan dayatma bir \u015fekilde k\u0131\u015f saati uygulamas\u0131na ge\u00e7meyen, kamuda ve \u00f6zel sekt\u00f6rde \u00e7al\u0131\u015fanlar\u0131n \u00e7al\u0131\u015fma saatlerini de\u011fi\u015ftirerek g\u00fcya kal\u0131c\u0131 bir \u00e7\u00f6z\u00fcm bulmaya \u00e7al\u0131\u015fan h\u00fck\u00fcmet, \u00e7ocuklar\u0131 karanl\u0131kta okula g\u00f6nderdi\u011fi i\u00e7in cinayet i\u015fliyor demektir. Da\u011flar\u0131 oyarak do\u011fay\u0131 talan eden, ta\u015f ocaklar\u0131n\u0131 kapataca\u011f\u0131 yerde s\u00fcrekli yeni izinler veren, tarlada gidermi\u015f hissi yaratan bozuk yollar\u0131 tamir etmeyen ve tamir etmek i\u00e7in emek\u00e7inin maa\u015f\u0131ndan %3\u2019l\u00fck kesinti yapaca\u011f\u0131n\u0131 s\u00f6yleyen, Mersedes marka arabalar\u0131 halk\u0131n tepkisine ra\u011fmen almakta inat eden bakanlar cinayet i\u015fliyor demektir!<\/p>\n<p>***<\/p>\n<p>Ne nisan\u0131n on yedisi gibi ne de kas\u0131m\u0131n yirmi dokuzu gibi kazalar ya\u015fanmas\u0131n art\u0131k! Etkisini \u00fczerimizden kolayca atamayaca\u011f\u0131m\u0131z bu toplumsal travmaya kar\u015f\u0131 sessiz kalmayaca\u011f\u0131z. S\u0131ran\u0131n bize gelmesini beklemeyece\u011fiz!<\/p>\n<p>&nbsp;<\/p>\n<p>(1) Garutsa: Fayton<\/p>\n<p>(2) Velesbit: Bisiklet<\/p>\n<p>(3) Bas: Otob\u00fcs<\/p>\n","protected":false},"excerpt":{"rendered":"<p>Argasdi&#8217;nin , K\u0131br\u0131s k\u00fclt\u00fcr\u00fc sayfas\u0131nda&#8221;Ara\u00e7lar, Kazalar ve \u0130nsanlar&#8221; \u00fczerine g\u00fcn\u00fcm\u00fcz\u00fcn ve ge\u00e7mi\u015fin ortak bile\u015fenlerini harmanlayan makalemizi sizlerle payla\u015f\u0131yoruz. K\u0131br\u0131s\u2019\u0131n kuzey co\u011frafyas\u0131nda ya\u015fayan her insan i\u00e7in<\/p>\n","protected":false},"author":7,"featured_media":4795,"comment_status":"open","ping_status":"open","sticky":false,"template":"","format":"standard","meta":{"jetpack_post_was_ever_published":false,"_jetpack_newsletter_access":"","_jetpack_newsletter_tier_id":0,"jetpack_publicize_message":"","jetpack_is_tweetstorm":false,"jetpack_publicize_feature_enabled":true,"jetpack_social_post_already_shared":true,"jetpack_social_options":{"image_generator_settings":{"template":"highway","enabled":false}}},"categories":[40,67,44,9,1,39],"tags":[],"jetpack_publicize_connections":[],"jetpack_featured_media_url":"https:\/\/baraka.cc\/wp-content\/uploads\/2017\/03\/15665991_10155002947389170_924920013_n.jpg","jetpack_shortlink":"https:\/\/wp.me\/p4eHWX-1fj","jetpack_sharing_enabled":true,"_links":{"self":[{"href":"https:\/\/baraka.cc\/index.php?rest_route=\/wp\/v2\/posts\/4793"}],"collection":[{"href":"https:\/\/baraka.cc\/index.php?rest_route=\/wp\/v2\/posts"}],"about":[{"href":"https:\/\/baraka.cc\/index.php?rest_route=\/wp\/v2\/types\/post"}],"author":[{"embeddable":true,"href":"https:\/\/baraka.cc\/index.php?rest_route=\/wp\/v2\/users\/7"}],"replies":[{"embeddable":true,"href":"https:\/\/baraka.cc\/index.php?rest_route=%2Fwp%2Fv2%2Fcomments&post=4793"}],"version-history":[{"count":1,"href":"https:\/\/baraka.cc\/index.php?rest_route=\/wp\/v2\/posts\/4793\/revisions"}],"predecessor-version":[{"id":4796,"href":"https:\/\/baraka.cc\/index.php?rest_route=\/wp\/v2\/posts\/4793\/revisions\/4796"}],"wp:featuredmedia":[{"embeddable":true,"href":"https:\/\/baraka.cc\/index.php?rest_route=\/wp\/v2\/media\/4795"}],"wp:attachment":[{"href":"https:\/\/baraka.cc\/index.php?rest_route=%2Fwp%2Fv2%2Fmedia&parent=4793"}],"wp:term":[{"taxonomy":"category","embeddable":true,"href":"https:\/\/baraka.cc\/index.php?rest_route=%2Fwp%2Fv2%2Fcategories&post=4793"},{"taxonomy":"post_tag","embeddable":true,"href":"https:\/\/baraka.cc\/index.php?rest_route=%2Fwp%2Fv2%2Ftags&post=4793"}],"curies":[{"name":"wp","href":"https:\/\/api.w.org\/{rel}","templated":true}]}}