{"id":4954,"date":"2017-05-09T12:33:44","date_gmt":"2017-05-09T10:33:44","guid":{"rendered":"https:\/\/baraka.cc\/?p=4954"},"modified":"2017-05-09T12:33:44","modified_gmt":"2017-05-09T10:33:44","slug":"hukumet-sagligi-ozele-teslim-etmek-istiyor-olan-hekimlere-ve-halkimiza-oluyor","status":"publish","type":"post","link":"https:\/\/baraka.cc\/?p=4954","title":{"rendered":"H\u00fck\u00fcmet Sa\u011fl\u0131\u011f\u0131 \u00d6zele Teslim Etmek \u0130stiyor, Olan Hekimlere ve Halk\u0131m\u0131za Oluyor"},"content":{"rendered":"<p><a href=\"https:\/\/baraka.cc\/wp-content\/uploads\/2017\/05\/18424599_10155204709717086_632832809_n.jpg\"><img decoding=\"async\" loading=\"lazy\" class=\"alignleft  wp-image-4955\" style=\"border: 1px solid black;\" alt=\"18424599_10155204709717086_632832809_n\" src=\"https:\/\/baraka.cc\/wp-content\/uploads\/2017\/05\/18424599_10155204709717086_632832809_n.jpg\" width=\"491\" height=\"345\" srcset=\"https:\/\/baraka.cc\/wp-content\/uploads\/2017\/05\/18424599_10155204709717086_632832809_n.jpg 818w, https:\/\/baraka.cc\/wp-content\/uploads\/2017\/05\/18424599_10155204709717086_632832809_n-300x210.jpg 300w\" sizes=\"(max-width: 491px) 100vw, 491px\" \/><\/a><\/p>\n<p>&nbsp;<\/p>\n<p>&nbsp;<\/p>\n<p>&nbsp;<\/p>\n<p>&nbsp;<\/p>\n<p>&nbsp;<\/p>\n<p>&nbsp;<\/p>\n<p>&nbsp;<\/p>\n<p>&nbsp;<\/p>\n<p>&nbsp;<\/p>\n<p>&nbsp;<\/p>\n<p><b>Baraka K\u00fclt\u00fcr Merkezi: \u201cH\u00fck\u00fcmet Sa\u011fl\u0131\u011f\u0131 \u00d6zele Teslim Etmek \u0130stiyor, Olan Hekimlere ve Halk\u0131m\u0131za Oluyor\u201d<\/b><\/p>\n<p>&nbsp;<\/p>\n<p>Baraka K\u00fclt\u00fcr Merkezi, gelmi\u015f ge\u00e7mi\u015f h\u00fck\u00fcmetlerin sa\u011fl\u0131\u011f\u0131 \u00f6zel sekt\u00f6re teslim etmek amac\u0131 ile at\u0131lmas\u0131 gereken ad\u0131mlar\u0131 atmad\u0131\u011f\u0131n\u0131 vurgulad\u0131 ve g\u00fcn\u00fcn sonunda hem doktorlar\u0131n ma\u011fdur edildi\u011fine, hem de halk\u0131n kaliteli ve \u00fccretsiz sa\u011fl\u0131k hakk\u0131n\u0131n gasp edildi\u011fine dikkat \u00e7ekti.<\/p>\n<p>&nbsp;<\/p>\n<p>Baraka K\u00fclt\u00fcr Merkezi, bug\u00fcn yay\u0131nlad\u0131\u011f\u0131 a\u00e7\u0131klama ile T\u0131p-\u0130\u015f\u2019in devam eden eylemlerine destek belirtti ve grevin bir hak oldu\u011funu belirterek, grev k\u0131r\u0131c\u0131l\u0131\u011fa soyunanlar\u0131 \u201chalk\u0131m\u0131z\u0131n y\u00fcz karas\u0131\u201d olarak niteledi.<\/p>\n<p>&nbsp;<\/p>\n<p>&nbsp;<\/p>\n<p>&nbsp;<\/p>\n<p>&nbsp;<\/p>\n<p>&nbsp;<\/p>\n<p>&nbsp;<\/p>\n<p>&nbsp;<\/p>\n<p>&nbsp;<\/p>\n<p>&nbsp;<\/p>\n<p>&nbsp;<\/p>\n<p>&nbsp;<\/p>\n<p><b>\u201cBakan Bir G\u00fcnde Yeni Yasa Yapamay\u0131z Diyor, Yeni Yasa Haz\u0131rlan\u0131p Kendilerine Sunulal\u0131 1 Y\u0131l Oluyor\u201d <\/b><br \/>\nBaraka\u2019dan yap\u0131lan a\u00e7\u0131klamada, Sucuo\u011flu\u2019nun bas\u0131nda yer alan \u201chekimlerin taleplerini destekliyoruz ancak 1 g\u00fcnde yasa yapamay\u0131z\u201d a\u00e7\u0131klamas\u0131n\u0131n h\u00fck\u00fcmetin yeni bir yalan\u0131 oldu\u011fu belirtilerek, kamuda \u00e7al\u0131\u015fan hekimlerin \u00f6zl\u00fck haklar\u0131n\u0131 d\u00fczenleyen yasa tasar\u0131s\u0131n\u0131n T\u0131p-\u0130\u015f taraf\u0131ndan Sa\u011fl\u0131k Bakanl\u0131\u011f\u0131\u2019na sunulmas\u0131n\u0131n \u00fczerinden 1 y\u0131ldan fazla bir s\u00fcre ge\u00e7ti\u011fi ifade edildi.<\/p>\n<p>&nbsp;<\/p>\n<p>Yeni yasa ile sa\u011fl\u0131ktaki sorunlardan baz\u0131lar\u0131n\u0131n \u00e7\u00f6z\u00fclebilece\u011fine ve bunun da \u00f6zel hastane sahiplerinin i\u015fine gelmedi\u011fine dikkat \u00e7ekilen a\u00e7\u0131klamada, \u201cH\u00fck\u00fcmet di\u011fer konularda oldu\u011fu gibi bu konuda da, sermayenin \u00e7\u0131karlar\u0131na ters d\u00fc\u015fen yasalar\u0131 raflarda bekletiyor\u201d denildi.<\/p>\n<p>&nbsp;<\/p>\n<p><b>\u201cSermayenin Piyonlar\u0131 Sa\u011fl\u0131\u011f\u0131 \u00d6zele Teslim Etmek \u0130stiyor, Sorunlara Bu Y\u00fczden \u00c7\u00f6z\u00fcm \u00dcretilmiyor\u201d<\/b><\/p>\n<p>&nbsp;<\/p>\n<p>Baraka K\u00fclt\u00fcr, h\u00fck\u00fcmet edenlerin hekimlerin \u00f6zl\u00fck haklar\u0131n\u0131n bir t\u00fcrl\u00fc iyile\u015ftirmeyerek hekimlerin istifa etmelerini umdu\u011funu, bunun sonucunda kaliteli hizmet almak isteyen halk\u0131n \u00f6zel hastaneleri tercih etmesinin ama\u00e7land\u0131\u011f\u0131n\u0131 belirtti.<\/p>\n<p>&nbsp;<\/p>\n<p>Hastanenin ihtiyac\u0131 olan cihazlar yerine makam ara\u00e7lar\u0131na yat\u0131r\u0131m yap\u0131lan \u00fclkede, devlet hastanelerinde fiziki ko\u015fullar\u0131n ve altyap\u0131lar\u0131n\u0131n iyile\u015ftirilmemesinde de bilin\u00e7li oldu\u011fu ifade edildi.<\/p>\n<p>&nbsp;<\/p>\n<p>A\u00e7\u0131klamada, \u201cBug\u00fcn hakk\u0131n\u0131 arayan hekimleri hedef g\u00f6stermek i\u00e7in halk\u0131n sa\u011fl\u0131k hakk\u0131 gasp ediliyor diyen Sucuo\u011flu gibiler, sermayenin \u00e7\u0131karlar\u0131 do\u011frultusunda halk\u0131n kaliteli ve \u00fccretsiz sa\u011fl\u0131k hakk\u0131n\u0131 y\u0131llardan beri gasp ediyor\u201d ifadeleri kullan\u0131ld\u0131.<\/p>\n<p>&nbsp;<\/p>\n<p><b>A\u00e7\u0131klaman\u0131n devam\u0131nda \u015fu ifadelere yer verildi:<\/b><\/p>\n<p>&nbsp;<\/p>\n<p>\u201cAs\u0131l ama\u00e7 \u00f6zele te\u015fvik oldu\u011fundan hekimlerin sorunlar\u0131 g\u00f6rmezden gelinmeye devam ediliyor. \u00dcst\u00fcne \u00fcstl\u00fck, grev k\u0131r\u0131c\u0131larla soyunan toplumun y\u00fcz karas\u0131 baz\u0131 ki\u015filer arac\u0131l\u0131\u011f\u0131yla hekimler tehdit edilmek isteniyor.<\/p>\n<p>Hastanedeki grevi f\u0131rsat bilen \u00f6zel hastaneler boy boy reklamlar\u0131n\u0131 \u00fclkenin en \u00e7ok okunan gazete ve internet sitelerine servis ediyor.<\/p>\n<p>Evet, halk ma\u011fdur oluyor. Ancak bu ma\u011fduriyete haklar\u0131n\u0131 arayan hekimlerimiz de\u011fil, Sucuo\u011flu gibi sermayenin piyonu olan siyasiler sebep oluyor.\u201d<\/p>\n","protected":false},"excerpt":{"rendered":"<p>&nbsp; &nbsp; &nbsp; &nbsp; &nbsp; &nbsp; &nbsp; &nbsp; &nbsp; &nbsp; Baraka K\u00fclt\u00fcr Merkezi: \u201cH\u00fck\u00fcmet Sa\u011fl\u0131\u011f\u0131 \u00d6zele Teslim Etmek \u0130stiyor, Olan Hekimlere ve Halk\u0131m\u0131za Oluyor\u201d &nbsp;<\/p>\n","protected":false},"author":1,"featured_media":4955,"comment_status":"open","ping_status":"open","sticky":false,"template":"","format":"standard","meta":{"jetpack_post_was_ever_published":false,"_jetpack_newsletter_access":"","_jetpack_newsletter_tier_id":0,"jetpack_publicize_message":"","jetpack_is_tweetstorm":false,"jetpack_publicize_feature_enabled":true,"jetpack_social_post_already_shared":true,"jetpack_social_options":{"image_generator_settings":{"template":"highway","enabled":false}}},"categories":[9,1],"tags":[],"jetpack_publicize_connections":[],"jetpack_featured_media_url":"https:\/\/baraka.cc\/wp-content\/uploads\/2017\/05\/18424599_10155204709717086_632832809_n.jpg","jetpack_shortlink":"https:\/\/wp.me\/p4eHWX-1hU","jetpack_sharing_enabled":true,"_links":{"self":[{"href":"https:\/\/baraka.cc\/index.php?rest_route=\/wp\/v2\/posts\/4954"}],"collection":[{"href":"https:\/\/baraka.cc\/index.php?rest_route=\/wp\/v2\/posts"}],"about":[{"href":"https:\/\/baraka.cc\/index.php?rest_route=\/wp\/v2\/types\/post"}],"author":[{"embeddable":true,"href":"https:\/\/baraka.cc\/index.php?rest_route=\/wp\/v2\/users\/1"}],"replies":[{"embeddable":true,"href":"https:\/\/baraka.cc\/index.php?rest_route=%2Fwp%2Fv2%2Fcomments&post=4954"}],"version-history":[{"count":1,"href":"https:\/\/baraka.cc\/index.php?rest_route=\/wp\/v2\/posts\/4954\/revisions"}],"predecessor-version":[{"id":4956,"href":"https:\/\/baraka.cc\/index.php?rest_route=\/wp\/v2\/posts\/4954\/revisions\/4956"}],"wp:featuredmedia":[{"embeddable":true,"href":"https:\/\/baraka.cc\/index.php?rest_route=\/wp\/v2\/media\/4955"}],"wp:attachment":[{"href":"https:\/\/baraka.cc\/index.php?rest_route=%2Fwp%2Fv2%2Fmedia&parent=4954"}],"wp:term":[{"taxonomy":"category","embeddable":true,"href":"https:\/\/baraka.cc\/index.php?rest_route=%2Fwp%2Fv2%2Fcategories&post=4954"},{"taxonomy":"post_tag","embeddable":true,"href":"https:\/\/baraka.cc\/index.php?rest_route=%2Fwp%2Fv2%2Ftags&post=4954"}],"curies":[{"name":"wp","href":"https:\/\/api.w.org\/{rel}","templated":true}]}}