{"id":4987,"date":"2017-05-15T08:56:03","date_gmt":"2017-05-15T06:56:03","guid":{"rendered":"https:\/\/baraka.cc\/?p=4987"},"modified":"2017-05-29T08:44:13","modified_gmt":"2017-05-29T06:44:13","slug":"kapitalist-ataerkil-askeri-duzenle-mucadele","status":"publish","type":"post","link":"https:\/\/baraka.cc\/?p=4987","title":{"rendered":"KAP\u0130TAL\u0130ST ATAERK\u0130L ASKER\u0130 D\u00dcZENLE M\u00dcCADELE &#8211; Sezgin Keser"},"content":{"rendered":"<p><em><strong>15 May\u0131s\u00a0D\u00fcnya Vicdani Ret\u00e7iler G\u00fcn\u00fc sebebiyle, Argasdi 46. say\u0131m\u0131zda\u00a0&#8220;Bellek&#8221; sayfam\u0131zda yer verdi\u011fimiz yaz\u0131y\u0131 sizlerle payla\u015f\u0131yoruz.<\/strong><\/em><\/p>\n<p><em><strong>Dergimizn tamam\u0131na, t\u00fcm market ve gazete bayilerden, 5TL okur katk\u0131s\u0131 ile ula\u015fabilrisiniz&#8230;<\/strong><\/em><\/p>\n<p><a href=\"https:\/\/baraka.cc\/wp-content\/uploads\/2017\/05\/militarizm-\u00f6ld\u00fcr\u00fcr.jpg\"><img decoding=\"async\" loading=\"lazy\" class=\"alignnone size-medium wp-image-4988\" alt=\"militarizm \u00f6ld\u00fcr\u00fcr\" src=\"https:\/\/baraka.cc\/wp-content\/uploads\/2017\/05\/militarizm-\u00f6ld\u00fcr\u00fcr-300x199.jpg\" width=\"300\" height=\"199\" srcset=\"https:\/\/baraka.cc\/wp-content\/uploads\/2017\/05\/militarizm-\u00f6ld\u00fcr\u00fcr-300x199.jpg 300w, https:\/\/baraka.cc\/wp-content\/uploads\/2017\/05\/militarizm-\u00f6ld\u00fcr\u00fcr.jpg 900w\" sizes=\"(max-width: 300px) 100vw, 300px\" \/><\/a><\/p>\n<p>Hep bir m\u00fccadele ve direni\u015f i\u00e7erisindeyiz bizim olan haklar\u0131m\u0131z\u0131 bize birer l\u00fctuf gibi sunmaya \u00e7al\u0131\u015fan, haklar\u0131m\u0131za eri\u015fimimizi engelleyip bu haklar\u0131m\u0131z\u0131 metala\u015ft\u0131rarak bize satmaya \u00e7al\u0131\u015fan sisteme ve sistemi y\u00f6netenlere kar\u015f\u0131\u2026 G\u00fcnl\u00fck hayat\u0131m\u0131z\u0131n hemen hemen her an\u0131nda bu kapitalist ataerkil zihniyetle kar\u015f\u0131la\u015f\u0131yoruz. Zorunlu askerlik diye adland\u0131r\u0131lan ve her erke\u011fin dahil olmaya mecbur k\u0131l\u0131nd\u0131\u011f\u0131 yap\u0131 da bu zihniyeti besleyen, dolay\u0131s\u0131yla farkl\u0131 yollarla m\u00fccadele etmemiz gereken alanlardan biri. \u0130\u015fte bu yollardan biri de bir insan hakk\u0131 olan vicdani rettin yasal olarak da tan\u0131nmas\u0131 ve uygulanmas\u0131 m\u00fccadelesidir.<\/p>\n<p>En basit anlam\u0131yla vicdani ret; ki\u015finin ahlaki tercihleri, dini inanc\u0131 ya da politik g\u00f6r\u00fc\u015fleri nedeniyle askere gitmeyi reddetmesidir. Vicdani veya dini gerek\u00e7elerle askerlik yapmamak, din ve vicdan \u00f6zg\u00fcrl\u00fc\u011f\u00fc kapsam\u0131nda bir hakt\u0131r.(1)<\/p>\n<p>1993 y\u0131l\u0131nda \u00d6ren-Milas\u2019ta 40 \u00fclkeden 90 kat\u0131l\u0131mc\u0131yla ger\u00e7ekle\u015ftirilen 8. Uluslararas\u0131 Vicdani Ret\u00e7iler Toplant\u0131s\u0131\u2019nda 15 May\u0131s tarihi, D\u00fcnya Vicdani Ret\u00e7iler G\u00fcn\u00fc olarak belirlendi. Bu g\u00fcn\u00fcn belirlenmesinden \u00f6nce sava\u015flar\u0131n, katliamlar\u0131n, i\u015fkencelerin devlet politikalar\u0131na d\u00f6n\u00fc\u015ft\u00fc\u011f\u00fc T\u00fcrkiye\u2019de 1989 y\u0131l\u0131nda 2 vicdani ret\u00e7i askere gitmeme kampanyas\u0131 ba\u015flatm\u0131\u015flar ve \u00fclkede sava\u015f kar\u015f\u0131t\u0131 duyarl\u0131l\u0131\u011f\u0131n artmas\u0131n\u0131 sa\u011flam\u0131\u015flard\u0131r. \u00d6zellikle sosyalistler, anar\u015fistler bar\u0131\u015f\u00e7\u0131l bireyler taraf\u0131ndan b\u00fcy\u00fck destek g\u00f6rm\u00fc\u015flerdir.(2) Bu duyarl\u0131l\u0131\u011f\u0131n ve kar\u015f\u0131 duru\u015fun olu\u015fmas\u0131n\u0131n, 8. Uluslararas\u0131 Vicdani Ret\u00e7iler Toplant\u0131s\u0131\u2019n\u0131n T\u00fcrkiye\u2019nin bir ilinde d\u00fczenlenmesinde ve D\u00fcnya Vicdani Ret\u00e7iler G\u00fcn\u00fc\u2019n\u00fcn bu toplant\u0131da belirlenmesinde katk\u0131s\u0131 oldu\u011fu da a\u00e7\u0131kt\u0131r.<\/p>\n<p>Vicdani ret\u00e7ilerin ret sebeplerini inceledi\u011fimizde \u015f\u00f6yle gerek\u00e7eler kar\u015f\u0131m\u0131za \u00e7\u0131k\u0131yor: Bireyler dini inan\u00e7lar\u0131ndan dolay\u0131 sava\u015fmamay\u0131 ve insan \u00f6ld\u00fcrmemeyi, politik g\u00f6r\u00fc\u015flerinden dolay\u0131 ordusuz, devletsiz, s\u0131n\u0131r\u0131 olmayan bir d\u00fcnyada ya\u015famay\u0131, askeri hiyerar\u015finin bir par\u00e7as\u0131 olmamay\u0131, ideolojik sebeplerden dolay\u0131 \u015fiddeti \u00f6\u011frenmemeyi ve silah kullanmamay\u0131 istiyorlar. Her ne gerek\u00e7eyle olursa olsun vicdani reddin bir hak olarak g\u00f6r\u00fclmesi gerekiyor. D\u00fcnyada baz\u0131 \u00fclkeler, askerli\u011fin alternatifi olarak vicdani ret\u00e7i bireylere askerlik s\u00fcresiyle ayn\u0131 veya daha uzun s\u00fcreli sivil hizmet hakk\u0131n\u0131 sunuyor. Danimarka, \u0130svi\u00e7re, Norve\u00e7, Finlandiya gibi zorunlu askerli\u011fin devam etti\u011fi \u00fclkelerde devlet hastanelerinde, sa\u011fl\u0131k ocaklar\u0131nda, okullarda, kamuya ait alanlarda \u00e7al\u0131\u015fmak, sivil hizmet olarak askerlik g\u00f6revinin yerine ge\u00e7ebiliyor. Bizim \u00fclkemizde ve T\u00fcrkiye\u2019de ise b\u00f6yle bir alternatif yarat\u0131lmam\u0131\u015f durumda. Sivil hizmet her ne kadar zorunlu askerlik mevzusunda alternatif olsa da sivil hizmeti de reddeden total ret\u00e7ilerin de varl\u0131\u011f\u0131 vicdani ret m\u00fccadelesini daha da zorunlu k\u0131lmaktad\u0131r.<\/p>\n<p>Erkek egemenli\u011finin, milliyet\u00e7i zihniyetin, tek tiple\u015ftirmenin, cinsiyet\u00e7i s\u00f6ylemler ve d\u00fc\u015f\u00fcncelerin yer ald\u0131\u011f\u0131 militarist yap\u0131lar olan ordular\u0131n, baz\u0131 \u00fclkelerde profesyonel askerlik ad\u0131 alt\u0131nda, ekonomik bask\u0131larla varl\u0131\u011f\u0131n\u0131 s\u00fcrd\u00fcr\u00fcyor olu\u015fu da kar\u015f\u0131 gelinmesi gereken bir konu. Askerli\u011fin bir i\u015f imkan\u0131, gelir kap\u0131s\u0131 olarak sunuldu\u011fu bu durumda da, t\u0131pk\u0131 zorunlu askerlik gibi farkl\u0131 milletlere ve uluslara kar\u015f\u0131 insanlar d\u00fc\u015fmanla\u015ft\u0131r\u0131l\u0131yor. Ve bu d\u00fc\u015fmanlar\u0131 \u00f6ld\u00fcrmek; kar\u0131nlar\u0131n\u0131 doyurabilmenin, ev borcunu \u00f6deyebilmenin, \u00e7ocuklar\u0131n\u0131n e\u011fitimlerini devam ettirebilmenin bir yolu olarak sunuluyor. Yani zorunlu askerlik gibi profesyonel askerlik de halk\u0131 de\u011fil e\u015fit ve adil olmayan sistemi ve i\u015fgal politikalar\u0131n\u0131 y\u00fcr\u00fctenleri koruman\u0131n b\u00fcy\u00fck bir arac\u0131.<\/p>\n<p>Halk\u0131 ve emek\u00e7iyi koruyan bir silahl\u0131 yap\u0131n\u0131n varl\u0131\u011f\u0131 yerine sava\u015f politikalar\u0131 \u00fcreten, erkek egemen sistemi besleyen, iktidarlar\u0131 ve sermayeyi koruyan bu askeri d\u00fczene kar\u015f\u0131 yeri geldi\u011finde halk taraf\u0131ndan olu\u015fturulacak alternatif bir silahl\u0131 m\u00fccadeleyle kar\u015f\u0131 gelmeyi ve de\u011fi\u015fimi hedeflerken vicdani ret hakk\u0131n\u0131n da varl\u0131\u011f\u0131n\u0131 unutmamal\u0131 ve savunuculu\u011funu yapmaktan da ka\u00e7\u0131nmamal\u0131y\u0131z.<\/p>\n<p>Sezgin Keser<\/p>\n<p>sezginkeser92@gmail.com<\/p>\n<p><a href=\"https:\/\/baraka.cc\/wp-content\/uploads\/2017\/04\/17690645_10155155940757445_1203017057_n.jpg\"><img decoding=\"async\" loading=\"lazy\" class=\"alignnone size-medium wp-image-4855\" alt=\"17690645_10155155940757445_1203017057_n\" src=\"https:\/\/baraka.cc\/wp-content\/uploads\/2017\/04\/17690645_10155155940757445_1203017057_n-214x300.jpg\" width=\"214\" height=\"300\" srcset=\"https:\/\/baraka.cc\/wp-content\/uploads\/2017\/04\/17690645_10155155940757445_1203017057_n-214x300.jpg 214w, https:\/\/baraka.cc\/wp-content\/uploads\/2017\/04\/17690645_10155155940757445_1203017057_n.jpg 686w\" sizes=\"(max-width: 214px) 100vw, 214px\" \/><\/a><\/p>\n","protected":false},"excerpt":{"rendered":"<p>15 May\u0131s\u00a0D\u00fcnya Vicdani Ret\u00e7iler G\u00fcn\u00fc sebebiyle, Argasdi 46. say\u0131m\u0131zda\u00a0&#8220;Bellek&#8221; sayfam\u0131zda yer verdi\u011fimiz yaz\u0131y\u0131 sizlerle payla\u015f\u0131yoruz. Dergimizn tamam\u0131na, t\u00fcm market ve gazete bayilerden, 5TL okur katk\u0131s\u0131<\/p>\n","protected":false},"author":3,"featured_media":4988,"comment_status":"open","ping_status":"open","sticky":false,"template":"","format":"standard","meta":{"jetpack_post_was_ever_published":false,"_jetpack_newsletter_access":"","_jetpack_newsletter_tier_id":0,"jetpack_publicize_message":"","jetpack_is_tweetstorm":false,"jetpack_publicize_feature_enabled":true,"jetpack_social_post_already_shared":true,"jetpack_social_options":{"image_generator_settings":{"template":"highway","enabled":false}}},"categories":[40,67,38,42,1,39],"tags":[],"jetpack_publicize_connections":[],"jetpack_featured_media_url":"https:\/\/baraka.cc\/wp-content\/uploads\/2017\/05\/militarizm-\u00f6ld\u00fcr\u00fcr.jpg","jetpack_shortlink":"https:\/\/wp.me\/p4eHWX-1ir","jetpack_sharing_enabled":true,"_links":{"self":[{"href":"https:\/\/baraka.cc\/index.php?rest_route=\/wp\/v2\/posts\/4987"}],"collection":[{"href":"https:\/\/baraka.cc\/index.php?rest_route=\/wp\/v2\/posts"}],"about":[{"href":"https:\/\/baraka.cc\/index.php?rest_route=\/wp\/v2\/types\/post"}],"author":[{"embeddable":true,"href":"https:\/\/baraka.cc\/index.php?rest_route=\/wp\/v2\/users\/3"}],"replies":[{"embeddable":true,"href":"https:\/\/baraka.cc\/index.php?rest_route=%2Fwp%2Fv2%2Fcomments&post=4987"}],"version-history":[{"count":4,"href":"https:\/\/baraka.cc\/index.php?rest_route=\/wp\/v2\/posts\/4987\/revisions"}],"predecessor-version":[{"id":5011,"href":"https:\/\/baraka.cc\/index.php?rest_route=\/wp\/v2\/posts\/4987\/revisions\/5011"}],"wp:featuredmedia":[{"embeddable":true,"href":"https:\/\/baraka.cc\/index.php?rest_route=\/wp\/v2\/media\/4988"}],"wp:attachment":[{"href":"https:\/\/baraka.cc\/index.php?rest_route=%2Fwp%2Fv2%2Fmedia&parent=4987"}],"wp:term":[{"taxonomy":"category","embeddable":true,"href":"https:\/\/baraka.cc\/index.php?rest_route=%2Fwp%2Fv2%2Fcategories&post=4987"},{"taxonomy":"post_tag","embeddable":true,"href":"https:\/\/baraka.cc\/index.php?rest_route=%2Fwp%2Fv2%2Ftags&post=4987"}],"curies":[{"name":"wp","href":"https:\/\/api.w.org\/{rel}","templated":true}]}}