{"id":5026,"date":"2017-06-01T14:01:50","date_gmt":"2017-06-01T12:01:50","guid":{"rendered":"https:\/\/baraka.cc\/?p=5026"},"modified":"2017-06-09T10:31:55","modified_gmt":"2017-06-09T08:31:55","slug":"basin-bildirisi-din-isleri-dairesi-yasasi-ile-kuran-kurslarinin-yasallasmasi-kabul-edilemez","status":"publish","type":"post","link":"https:\/\/baraka.cc\/?p=5026","title":{"rendered":"Bas\u0131n Bildirisi: Din \u0130\u015fleri Dairesi Yasas\u0131 ile Kuran Kurslar\u0131n\u0131n Yasalla\u015fmas\u0131 Kabul Edilemez"},"content":{"rendered":"<p>H\u00fck\u00fcmetin halk d\u00fc\u015fman\u0131, do\u011fa d\u00fc\u015fman\u0131, yaln\u0131zca kendi dar \u00e7evrelerine ve b\u00fcy\u00fck sermayeye \u00e7\u0131kar sa\u011flamaya y\u00f6nelik icraatlar\u0131 bitmek t\u00fckenmek bilmiyor. Halk\u0131m\u0131z hakl\u0131 olarak bunlara tepkili ve kamuoyu bunlarla me\u015fgulken, i\u015fbirlik\u00e7i h\u00fck\u00fcmet, sessiz sedas\u0131z bir yasa ge\u00e7irmeye \u00e7al\u0131\u015f\u0131yor: Din \u0130\u015fleri Dairesi (De\u011fi\u015fiklik) Yasas\u0131.<\/p>\n<p>\u00d6ncelikle \u015funu belirtmek isteriz ki laik bir devlet, her dine, her inanca e\u015fit mesafede durmal\u0131, din ve vicdan h\u00fcrriyetine sayg\u0131 duymal\u0131d\u0131r. Halk\u0131m\u0131z\u0131n geleneklerinde ve k\u00fclt\u00fcr\u00fcnde yer alan; birbirine ho\u015fg\u00f6r\u00fcl\u00fc, g\u00f6steri\u015fe dayanmayan, kendine has din ve ibadet anlay\u0131\u015f\u0131na, dayatma politikalarla m\u00fcdahale edilmemelidir. Gelece\u011fimiz olan \u00e7ocuklar\u0131m\u0131z, k\u00fc\u00e7\u00fck ya\u015fta dini bask\u0131larla de\u011fil bilim, sanat, k\u00fclt\u00fcr ve sporla b\u00fcy\u00fct\u00fclmelidir.<\/p>\n<p>Oysa bu Yasa ile;<\/p>\n<p>&#8211; Yurt d\u0131\u015f\u0131ndan gelen din g\u00f6revlileri, Din \u0130\u015fleri Dairesi&#8217;nin maa\u015fl\u0131 bir memuruna d\u00f6n\u00fc\u015ft\u00fcr\u00fclmektedir (Madde 7A). T\u00fcrkiye&#8217;den gelen din g\u00f6revlileri, \u00fclkemizde devlet memuru gibi \u00e7al\u0131\u015facak ve Daire b\u00fct\u00e7esinden ayl\u0131k alacakt\u0131r. Anayasaya g\u00f6re &#8220;Devletin genel y\u00f6netim ilkelerine g\u00f6re y\u00fcr\u00fctmekle y\u00fck\u00fcml\u00fc oldu\u011fu kamu hizmetlerinin gerektirdi\u011fi as\u0131l ve s\u00fcrekli g\u00f6revler, kamu g\u00f6revlileri eliyle y\u00fcr\u00fct\u00fcl\u00fcr.&#8221; Dolay\u0131s\u0131yla hem Anayasa&#8217;ya ayk\u0131r\u0131 bir Yasa yap\u0131lmakta hem de \u00fclkemizde ya\u015fayan yerli veya g\u00f6\u00e7men fark etmeksizin buray\u0131 yurt edinmi\u015f insanlar\u0131m\u0131za ve k\u00fclt\u00fcr\u00fcm\u00fcze uymayan, d\u0131\u015far\u0131dan ithal din anlay\u0131\u015f\u0131 dayat\u0131lmaktad\u0131r.<\/p>\n<p>&#8211; Kuran kurslar\u0131 yasal hale getirilmekte, herhangi bir ya\u015f s\u0131n\u0131r\u0131 konulmaks\u0131z\u0131n k\u00fc\u00e7\u00fck ya\u015ftaki \u00e7ocuklar\u0131n, pedagojik olarak ya\u015flar\u0131na uygun olmayan, her t\u00fcrl\u00fc istismara a\u00e7\u0131k bu gibi kurslara g\u00f6nderilmesinin yasal olarak \u00f6n\u00fc a\u00e7\u0131lmaktad\u0131r. (Madde 6 Din \u0130\u015fleri Dairesinin G\u00f6revleri)<\/p>\n<p>&#8211; Mevcut Yasada, Dairenin g\u00f6revleri aras\u0131nda say\u0131lan &#8220;\u0130slam dinini taassup, gerici, istismarc\u0131 ve siyasi faaliyetler d\u0131\u015f\u0131nda tutmak&#8221; ifadesinin \u00e7\u0131kar\u0131lmas\u0131 da Yasay\u0131 yapanlar\u0131n veya onlara bu Yasay\u0131 yapt\u0131ranlar\u0131n niyetini ortaya koymaktad\u0131r.<\/p>\n<p>&#8211; Halk\u0131n g\u00fcnl\u00fck hayat\u0131n\u0131 do\u011frudan etkileyen ve yetersizliklerden dolay\u0131 kabusa \u00e7eviren sa\u011fl\u0131k, e\u011fitim, sosyal hizmetler, \u00e7al\u0131\u015fma ya\u015fam\u0131, kad\u0131na \u015fiddetin \u00f6nlenmesi ve s\u0131\u011f\u0131nma evi gibi pek \u00e7ok konuda kamu kayna\u011f\u0131 ayr\u0131lmazken Din \u0130\u015fleri Dairesi, hem personel hem de g\u00f6rev ve yetki alan\u0131 olarak geni\u015fletiliyor. Dairenin kadro say\u0131s\u0131 67&#8217;den 346&#8217;ya \u00e7\u0131kar\u0131l\u0131rken yeni m\u00fc\u015favirliklerin \u00f6n\u00fcn\u00fc a\u00e7an Ba\u015fkan Yard\u0131mc\u0131l\u0131klar\u0131 da ekleniyor.<\/p>\n<p>&#8211; Din \u0130\u015fleri Dairesinin b\u00fct\u00e7esi \u00f6zerkle\u015ftiriliyor; Vak\u0131flar \u0130daresi&#8217;nden ayr\u0131l\u0131yor ve Bakanlar Kurulu onay\u0131 kald\u0131r\u0131l\u0131yor (Madde 12). Daireye, yurt i\u00e7inden veya d\u0131\u015f\u0131ndan gelen ba\u011f\u0131\u015flar\u0131 kendi b\u00fct\u00e7esine al\u0131p harcama yetkisi veriliyor. B\u00f6ylelikle h\u00fck\u00fcmetin politikalar\u0131ndan veya \u00f6nceliklerinden ba\u011f\u0131ms\u0131z olarak yurt d\u0131\u015f\u0131ndan al\u0131nan paralar ve dolays\u0131yla talimatlarla din i\u015flerinin y\u00f6netilmesi ama\u00e7lan\u0131yor.<\/p>\n<p>T\u00fcm bunlar, halk\u0131m\u0131z\u0131n ya\u015fama bi\u00e7imini be\u011fenmeyen ve din k\u00fclt\u00fcr\u00fcn\u00fc yetersiz bularak bizlere dayat\u0131lan muhafazakarla\u015ft\u0131rma, S\u00fcnni \u0130slamla\u015ft\u0131rma ve gericile\u015ftirme politikalar\u0131n\u0131n bir yasada v\u00fccut bulmu\u015f halidir. Koordinasyon Ofisi ile yap\u0131lmas\u0131 planlan\u0131p gen\u00e7lerin direni\u015fi ile durdurulan politikalar, farkl\u0131 bir y\u00f6ntemle Din \u0130\u015fleri Dairesi eliyle yap\u0131lmak istenmektedir.<\/p>\n<p>Gelece\u011fimizi \u00f6nemli \u00f6l\u00e7\u00fcde etkileyecek olan b\u00f6ylesi bir Yasa, kamuoyunda hi\u00e7 tart\u0131\u015f\u0131lmadan, Meclis komitesinde muhalefete u\u011framadan oybirli\u011fiyle komiteden ge\u00e7mi\u015ftir. 5 Haziran Pazartesi g\u00fcn\u00fc ise Meclis\u2019te g\u00f6r\u00fc\u015f\u00fclmesi planlanmaktad\u0131r.<\/p>\n<p>Toplumsal muhalefete d\u00fc\u015fen ise bu Yasaya kar\u015f\u0131 \u00e7\u0131kmak, \u00fclkemize ve halk\u0131m\u0131za y\u0131llard\u0131r farkl\u0131 \u015fekillerde dayat\u0131lan ve \u015fimdi yasal zemine getirilmek istenen muhafazakarla\u015ft\u0131rma politikalar\u0131n\u0131 reddetmektir.<\/p>\n<p>&nbsp;<\/p>\n<p>&nbsp;<\/p>\n","protected":false},"excerpt":{"rendered":"<p>H\u00fck\u00fcmetin halk d\u00fc\u015fman\u0131, do\u011fa d\u00fc\u015fman\u0131, yaln\u0131zca kendi dar \u00e7evrelerine ve b\u00fcy\u00fck sermayeye \u00e7\u0131kar sa\u011flamaya y\u00f6nelik icraatlar\u0131 bitmek t\u00fckenmek bilmiyor. Halk\u0131m\u0131z hakl\u0131 olarak bunlara tepkili ve<\/p>\n","protected":false},"author":3,"featured_media":5027,"comment_status":"open","ping_status":"open","sticky":false,"template":"","format":"standard","meta":{"jetpack_post_was_ever_published":false,"_jetpack_newsletter_access":"","_jetpack_newsletter_tier_id":0,"jetpack_publicize_message":"","jetpack_is_tweetstorm":false,"jetpack_publicize_feature_enabled":true,"jetpack_social_post_already_shared":true,"jetpack_social_options":{"image_generator_settings":{"template":"highway","enabled":false}}},"categories":[41,38,9,1],"tags":[],"jetpack_publicize_connections":[],"jetpack_featured_media_url":"https:\/\/baraka.cc\/wp-content\/uploads\/2017\/06\/icerik.jpg","jetpack_shortlink":"https:\/\/wp.me\/p4eHWX-1j4","jetpack_sharing_enabled":true,"_links":{"self":[{"href":"https:\/\/baraka.cc\/index.php?rest_route=\/wp\/v2\/posts\/5026"}],"collection":[{"href":"https:\/\/baraka.cc\/index.php?rest_route=\/wp\/v2\/posts"}],"about":[{"href":"https:\/\/baraka.cc\/index.php?rest_route=\/wp\/v2\/types\/post"}],"author":[{"embeddable":true,"href":"https:\/\/baraka.cc\/index.php?rest_route=\/wp\/v2\/users\/3"}],"replies":[{"embeddable":true,"href":"https:\/\/baraka.cc\/index.php?rest_route=%2Fwp%2Fv2%2Fcomments&post=5026"}],"version-history":[{"count":3,"href":"https:\/\/baraka.cc\/index.php?rest_route=\/wp\/v2\/posts\/5026\/revisions"}],"predecessor-version":[{"id":5037,"href":"https:\/\/baraka.cc\/index.php?rest_route=\/wp\/v2\/posts\/5026\/revisions\/5037"}],"wp:featuredmedia":[{"embeddable":true,"href":"https:\/\/baraka.cc\/index.php?rest_route=\/wp\/v2\/media\/5027"}],"wp:attachment":[{"href":"https:\/\/baraka.cc\/index.php?rest_route=%2Fwp%2Fv2%2Fmedia&parent=5026"}],"wp:term":[{"taxonomy":"category","embeddable":true,"href":"https:\/\/baraka.cc\/index.php?rest_route=%2Fwp%2Fv2%2Fcategories&post=5026"},{"taxonomy":"post_tag","embeddable":true,"href":"https:\/\/baraka.cc\/index.php?rest_route=%2Fwp%2Fv2%2Ftags&post=5026"}],"curies":[{"name":"wp","href":"https:\/\/api.w.org\/{rel}","templated":true}]}}