{"id":5080,"date":"2017-06-19T17:31:49","date_gmt":"2017-06-19T15:31:49","guid":{"rendered":"https:\/\/baraka.cc\/?p=5080"},"modified":"2017-06-19T17:31:49","modified_gmt":"2017-06-19T15:31:49","slug":"5-baraka-yaz-kurslari-basliyor-2","status":"publish","type":"post","link":"https:\/\/baraka.cc\/?p=5080","title":{"rendered":"5. BARAKA YAZ KURSLARI BA\u015eLIYOR"},"content":{"rendered":"<p><a href=\"https:\/\/baraka.cc\/wp-content\/uploads\/2017\/06\/19389805_10158675724235136_291445807_n.png\"><img decoding=\"async\" loading=\"lazy\" class=\"alignnone size-medium wp-image-5081\" alt=\"19389805_10158675724235136_291445807_n\" src=\"https:\/\/baraka.cc\/wp-content\/uploads\/2017\/06\/19389805_10158675724235136_291445807_n-212x300.png\" width=\"212\" height=\"300\" srcset=\"https:\/\/baraka.cc\/wp-content\/uploads\/2017\/06\/19389805_10158675724235136_291445807_n-212x300.png 212w, https:\/\/baraka.cc\/wp-content\/uploads\/2017\/06\/19389805_10158675724235136_291445807_n.png 679w\" sizes=\"(max-width: 212px) 100vw, 212px\" \/><\/a><\/p>\n<p>Baraka K\u00fclt\u00fcr Merkezinin bu y\u0131l be\u015fincisini d\u00fczenleyece\u011fi \u201c Baraka Yaz Kurslar\u0131\u201d temmuz ay\u0131nda ba\u015fl\u0131yor. E\u011fitmenlerinin deneyimli ilkokul \u00f6\u011fretmenleri aras\u0131ndan belirlendi\u011fi, g\u00f6n\u00fcll\u00fc konuk e\u011fitmenlerin de katk\u0131 koyaca\u011f\u0131 kurslar bu y\u0131l \u201cD\u00fcnyay\u0131 Verelim \u00c7ocuklara\u201d temas\u0131yla ger\u00e7ekle\u015ftirilecek.<\/p>\n<p>Bu y\u0131lki yaz kurslar\u0131nda m\u00fczik, resim-el i\u015fi, tiyatro, satran\u00e7, halk danslar\u0131, Latin dans\u0131, \u0130ngilizce, masal at\u00f6lyesi, evrim, hayvan sevgisi gibi derslerin yan\u0131 s\u0131ra \u00e7ocuklara y\u00f6nelik \u00e7e\u015fitli konularda bilgilendirici ve e\u011flenceli dersler de yer alacak.<\/p>\n<p>3 &#8211; 22 Temmuz tarihleri aras\u0131nda ger\u00e7ekle\u015ftirilecek kurslar\u0131m\u0131za 7-11 ya\u015f aras\u0131 t\u00fcm \u00e7ocuklar\u0131m\u0131z\u0131 bekleriz.<\/p>\n<p><b>\u00a0<\/b><\/p>\n<p><b><i><span style=\"text-decoration: underline;\">KURS PROGRAMI<\/span><\/i><\/b><\/p>\n<p><b><i>1 Temmuz Cumartesi saat 10:00-11:00 KAYIT ve TANI\u015eMA<\/i><\/b><\/p>\n<p><b><i>3 Temmuz itibariyle hafta i\u00e7i her g\u00fcn saat 9:00-12:00 &#8211; cumartesi 10:00-12:00 <\/i><\/b><\/p>\n<p><b><i>22 Temmuz Cumartesi saat 18:00 KURS SONU \u015eENL\u0130\u011e\u0130<\/i><\/b><\/p>\n<p>&nbsp;<\/p>\n<p><b><i><span style=\"text-decoration: underline;\">\u0130leti\u015fim no: <\/span><\/i><\/b><\/p>\n<p><i>0542 852 6559<\/i><\/p>\n<p><i>0542 888 6909<\/i><\/p>\n","protected":false},"excerpt":{"rendered":"<p>Baraka K\u00fclt\u00fcr Merkezinin bu y\u0131l be\u015fincisini d\u00fczenleyece\u011fi \u201c Baraka Yaz Kurslar\u0131\u201d temmuz ay\u0131nda ba\u015fl\u0131yor. E\u011fitmenlerinin deneyimli ilkokul \u00f6\u011fretmenleri aras\u0131ndan belirlendi\u011fi, g\u00f6n\u00fcll\u00fc konuk e\u011fitmenlerin de katk\u0131<\/p>\n","protected":false},"author":4,"featured_media":5081,"comment_status":"open","ping_status":"open","sticky":false,"template":"","format":"standard","meta":{"jetpack_post_was_ever_published":false,"_jetpack_newsletter_access":"","_jetpack_newsletter_tier_id":0,"jetpack_publicize_message":"","jetpack_is_tweetstorm":false,"jetpack_publicize_feature_enabled":true,"jetpack_social_post_already_shared":true,"jetpack_social_options":{"image_generator_settings":{"template":"highway","enabled":false}}},"categories":[9,1],"tags":[],"jetpack_publicize_connections":[],"jetpack_featured_media_url":"https:\/\/baraka.cc\/wp-content\/uploads\/2017\/06\/19389805_10158675724235136_291445807_n.png","jetpack_shortlink":"https:\/\/wp.me\/p4eHWX-1jW","jetpack_sharing_enabled":true,"_links":{"self":[{"href":"https:\/\/baraka.cc\/index.php?rest_route=\/wp\/v2\/posts\/5080"}],"collection":[{"href":"https:\/\/baraka.cc\/index.php?rest_route=\/wp\/v2\/posts"}],"about":[{"href":"https:\/\/baraka.cc\/index.php?rest_route=\/wp\/v2\/types\/post"}],"author":[{"embeddable":true,"href":"https:\/\/baraka.cc\/index.php?rest_route=\/wp\/v2\/users\/4"}],"replies":[{"embeddable":true,"href":"https:\/\/baraka.cc\/index.php?rest_route=%2Fwp%2Fv2%2Fcomments&post=5080"}],"version-history":[{"count":2,"href":"https:\/\/baraka.cc\/index.php?rest_route=\/wp\/v2\/posts\/5080\/revisions"}],"predecessor-version":[{"id":5083,"href":"https:\/\/baraka.cc\/index.php?rest_route=\/wp\/v2\/posts\/5080\/revisions\/5083"}],"wp:featuredmedia":[{"embeddable":true,"href":"https:\/\/baraka.cc\/index.php?rest_route=\/wp\/v2\/media\/5081"}],"wp:attachment":[{"href":"https:\/\/baraka.cc\/index.php?rest_route=%2Fwp%2Fv2%2Fmedia&parent=5080"}],"wp:term":[{"taxonomy":"category","embeddable":true,"href":"https:\/\/baraka.cc\/index.php?rest_route=%2Fwp%2Fv2%2Fcategories&post=5080"},{"taxonomy":"post_tag","embeddable":true,"href":"https:\/\/baraka.cc\/index.php?rest_route=%2Fwp%2Fv2%2Ftags&post=5080"}],"curies":[{"name":"wp","href":"https:\/\/api.w.org\/{rel}","templated":true}]}}