{"id":5084,"date":"2017-06-20T10:34:26","date_gmt":"2017-06-20T08:34:26","guid":{"rendered":"https:\/\/baraka.cc\/?p=5084"},"modified":"2017-06-20T10:34:26","modified_gmt":"2017-06-20T08:34:26","slug":"dunya-yalniz-bizim-degil-hareketi-meclis-onunde-basin-aciklamasi-yapti","status":"publish","type":"post","link":"https:\/\/baraka.cc\/?p=5084","title":{"rendered":"D\u00fcnya Yaln\u0131z Bizim De\u011fil Hareketi Meclis \u00d6n\u00fcnde Bas\u0131n A\u00e7\u0131klamas\u0131 Yapt\u0131"},"content":{"rendered":"<h1><em style=\"font-size: 14px;\">Baraka K\u00fclt\u00fcr Merkezi\u2019nin de bile\u015fenlerinden oldu\u011fu D\u00fcnya Yaln\u0131z Bizim De\u011fil Hareketi, Hayvan Refah\u0131 Yasas\u0131\u2019nda yapt\u0131klar\u0131 de\u011fi\u015fiklik \u00f6nerilerini Meclis \u00f6n\u00fcnde bas\u0131n a\u00e7\u0131klamas\u0131yla duyurdu.<\/em><\/h1>\n<p><a href=\"https:\/\/baraka.cc\/wp-content\/uploads\/2017\/06\/21.jpg\"><img decoding=\"async\" loading=\"lazy\" class=\"alignnone size-medium wp-image-5085\" alt=\"2\" src=\"https:\/\/baraka.cc\/wp-content\/uploads\/2017\/06\/21-300x168.jpg\" width=\"300\" height=\"168\" srcset=\"https:\/\/baraka.cc\/wp-content\/uploads\/2017\/06\/21-300x168.jpg 300w, https:\/\/baraka.cc\/wp-content\/uploads\/2017\/06\/21-1024x576.jpg 1024w\" sizes=\"(max-width: 300px) 100vw, 300px\" \/><\/a><\/p>\n<p>D\u00fcnya Yaln\u0131z Bizim De\u011fil Hareketi taraf\u0131ndan yap\u0131lan bas\u0131n a\u00e7\u0131klamas\u0131nda, K\u0131br\u0131s\u2019\u0131n kuzeyindeki hayvan dostlar\u0131m\u0131z\u0131n \u015fiddet g\u00f6rd\u00fc\u011f\u00fcne, k\u00f6t\u00fc bak\u0131ld\u0131klar\u0131na, hak etmi\u015f olduklar\u0131 refah\u0131 yakalayamad\u0131klar\u0131na ve hayvanlar aleyhine kurulu sistemin duyarl\u0131 insanlar\u0131n \u00e7abalar\u0131n\u0131 bo\u015fa \u00e7\u0131kard\u0131\u011f\u0131na dikkat \u00e7ekildi. \u201cHayvan Refah\u0131 Yasas\u0131\u201dn\u0131n, Yasay\u0131 uygulamakla y\u00fck\u00fcml\u00fc mercilerin tav\u0131rlar\u0131 sebebiyle ka\u011f\u0131t \u00fczerinde kald\u0131\u011f\u0131na vurgu yap\u0131lan a\u00e7\u0131klama sonras\u0131nda hayvan haklar\u0131 aktivistleri, Meclis oturumunu izlemek \u00fczere salona girdi.<\/p>\n<p><b>Yasan\u0131n \u0130vedili\u011fine Oybirli\u011fi<\/b><\/p>\n<p>Hayvan dostlar\u0131m\u0131za daha ya\u015fan\u0131l\u0131r bir \u00e7evre ve Yasan\u0131n uygulanmas\u0131 i\u00e7in haz\u0131rlanan de\u011fi\u015fiklik \u00f6nerisi, TDP Milletvekilleri Zeki \u00c7eler ve H\u00fcseyin Angolemli arac\u0131l\u0131\u011f\u0131yla Meclise sunulmu\u015ftu. Yasan\u0131n ivedilik konu\u015fmalar\u0131n\u0131n yap\u0131lmas\u0131n\u0131n ard\u0131ndan ivedili\u011fi oybirli\u011fi ile kabul edildi. Hayvan haklar\u0131 savunucular\u0131n\u0131 memnun eden bu geli\u015fme sonras\u0131nda Yasan\u0131n da acilen Meclis\u2019te g\u00f6r\u00fc\u015f\u00fclmesi ve sonu\u00e7land\u0131r\u0131lmas\u0131 bekleniyor.<\/p>\n<p><a href=\"https:\/\/baraka.cc\/wp-content\/uploads\/2017\/06\/11.jpg\"><img decoding=\"async\" loading=\"lazy\" class=\"alignnone size-medium wp-image-5086\" alt=\"1\" src=\"https:\/\/baraka.cc\/wp-content\/uploads\/2017\/06\/11-300x168.jpg\" width=\"300\" height=\"168\" srcset=\"https:\/\/baraka.cc\/wp-content\/uploads\/2017\/06\/11-300x168.jpg 300w, https:\/\/baraka.cc\/wp-content\/uploads\/2017\/06\/11-1024x576.jpg 1024w\" sizes=\"(max-width: 300px) 100vw, 300px\" \/><\/a><\/p>\n<p>Meclis \u00f6n\u00fcndeki a\u00e7\u0131klamada, \u00f6nce Ba\u011f\u0131ms\u0131zl\u0131k Yolu \u00fcyesi Hatice Azizo\u011flu s\u00f6z alarak; \u201cYa\u015fam haklar\u0131 g\u00fcn ge\u00e7tik\u00e7e suistimal edilen can dostlar\u0131m\u0131z\u0131n da en az bizler kadar ayn\u0131 do\u011fada yeri ve ya\u015fam hakk\u0131 oldu\u011funa inanarak g\u00fcndeme d\u00fc\u015fen her t\u00fcrl\u00fc hayvana y\u00f6nelik \u015fiddet vb. haberlerinden rahats\u0131zl\u0131k duyan \u00f6rg\u00fctler ve ba\u011f\u0131ms\u0131z hayvan haklar\u0131 savunucular\u0131 olarak Hayvan Refah\u0131 Yasas\u0131 de\u011fi\u015fiklik \u00f6nerimizi sunmak \u00fczere buraday\u0131z.\u201d dedi. Sonras\u0131nda, pek \u00e7ok hayvan haklar\u0131 derne\u011finin ve kul\u00fcb\u00fcn\u00fcn bile\u015feni oldu\u011fu D\u00fcnya Yanl\u0131z Bizim De\u011fil Hareketi ad\u0131na Baraka K\u00fclt\u00fcr Merkezi Aktivisti Mustafa Batak bas\u0131n a\u00e7\u0131klamas\u0131n\u0131 okudu.<\/p>\n<p><b>A\u00e7\u0131klaman\u0131n tam metni \u015f\u00f6yle:<\/b><\/p>\n<p><b>HAYVAN REFAHI YASASI \u0130Y\u0130LE\u015eT\u0130R\u0130LS\u0130N!<\/b><br \/>\nSevgili bas\u0131n mensuplar\u0131 ve \u00e7ok de\u011ferli hayvanseverler;<br \/>\nVarolu\u015f amac\u0131m\u0131zda mutlak \u00f6z\u00fcmsenmesi gereken vicdan ve merhamet duygular\u0131n\u0131 bar\u0131nd\u0131ran; ya\u015fad\u0131\u011f\u0131m\u0131z d\u00fcnyaya, do\u011faya ve t\u00fcm canl\u0131lara sayg\u0131 duyan, do\u011fan\u0131n bir par\u00e7as\u0131 oldu\u011fumuzu bilen insanlar olarak bug\u00fcn buraday\u0131z.<br \/>\nBu hususta en muhta\u00e7 olan can dostlar\u0131m\u0131z\u0131n eli, kolu ve en \u00f6nemlisi de hakk\u0131 hukuku olmak zorunday\u0131z. Bizler t\u00fcm canl\u0131lar\u0131n dili olup ya\u015fanan vah\u015fetlere tepkimizi koyarken art\u0131k bir yandan da hukuk ba\u011flam\u0131nda reel bir s\u00fcre\u00e7 g\u00f6rmek istiyoruz.\u00a0\u00c7\u00fcnk\u00fc 2013 y\u0131l\u0131nda y\u00fcr\u00fcrl\u00fc\u011fe giren Hayvan Refah\u0131 Yasas\u0131, yetkili kurumlar taraf\u0131ndan etkin bir \u015fekilde uygulanmamaktad\u0131r ve yasada yetersizlikler vard\u0131r.<br \/>\nS\u0131rf daha g\u00fczel g\u00f6r\u00fcn\u00fcyor diye hayvanlar\u0131n v\u00fccut b\u00fct\u00fcnl\u00fc\u011f\u00fcn\u00fcn bozulmas\u0131n\u0131n, \u00e7e\u015fitli kozmetik ve g\u0131da sekt\u00f6rlerinin t\u00fcketim toplumunda yer edinmek ad\u0131na deneylerde minik dostlar\u0131m\u0131z\u0131n harap edilmesinin, mesle\u011fini sevmeyen veteriner hekimlerin gayrime\u015fru &#8221;uyutal\u0131m&#8221; karar\u0131n\u0131 kolayl\u0131kla verebilmesinin, belediyecilik anlay\u0131\u015f\u0131na yak\u0131\u015fmayan keyfi katliamlar\u0131n, e\u011flence zihniyetine \u015fiddeti konduran zalim hayvan sirklerinin vurdu\u011fu prangalar\u0131n, hangi yan\u0131 haklarla ve sayg\u0131yla ba\u011fda\u015ft\u0131r\u0131labilir?<\/p>\n<p>Pet Shoplarda sat\u0131lmak \u00fczere getirilen t\u00fcm canl\u0131lar\u0131n yar\u0131s\u0131ndan fazlas\u0131 t\u0131k\u0131ld\u0131klar\u0131 ara\u00e7larda ekstrem s\u0131cakl\u0131klardan dolay\u0131 hayatlar\u0131n\u0131 kaybediyor. Bu zul\u00fcm de\u011fildir de nedir? Bunun yan\u0131 s\u0131ra timsah derisi \u00e7anta takmak veya k\u00fcrk giyebiliyor olmak dostlar\u0131m\u0131z\u0131n hayat\u0131ndan m\u00fchim de\u011fil.<\/p>\n<p>T\u00fcm ya\u015fanan bu abs\u00fcrt k\u00f6t\u00fcl\u00fcklerin d\u00fcnyay\u0131 daha iyi bir yer yapaca\u011f\u0131 yok. Bunlara asla sessiz kalmayaca\u011f\u0131z. Tek dile\u011fimiz; insanlar\u0131n bu d\u00fcnyada tek ba\u015f\u0131na olmad\u0131klar\u0131n\u0131n fark\u0131na var\u0131lmas\u0131!<br \/>\nBizler, Alt\u0131n Patiler Derne\u011fi, Baraka K\u00fclt\u00fcr Merkezi, DA\u00dc Hayvanlara Yard\u0131m Kul\u00fcb\u00fc, LA\u00dc K\u0131s\u0131rla\u015ft\u0131r A\u015f\u0131la Ya\u015fat Kul\u00fcb\u00fc, Sessiz Kullar Derne\u011fi, ve Ba\u011f\u0131ms\u0131zl\u0131k Yolu&#8217;nun kat\u0131l\u0131mlar\u0131 d\u00e2hilinde mevcut Hayvan Refah\u0131 Yasas\u0131&#8217;n\u0131n iyile\u015ftirilmesi ad\u0131na \u00e7al\u0131\u015fmalar\u0131m\u0131z\u0131 tamamlay\u0131p, TDP Ma\u011fusa milletvekili H\u00fcseyin Angolemli\u2019nin ve TDP Girne milletvekili Zeki \u00c7eler\u2019in imzalar\u0131 ile Meclis\u2019e sunduk.<\/p>\n<p>Bizler bu yasada; hayvan haklar\u0131n\u0131n daha ileriye gidebilmesi i\u00e7in Hayvan Refah\u0131 Dan\u0131\u015fma Komitesi\u2019nde demokratik kitle \u00f6rg\u00fctlerinin etkisi art\u0131r\u0131lmal\u0131; hayvan deneyleri t\u00fcm\u00fcyle yasaklanmal\u0131; hayvanlar\u0131n acil durumlarda \u00f6ld\u00fcr\u00fclmesini d\u00fczenleyen madde yeniden ele al\u0131nmal\u0131; cezalar\u0131n i\u015flevsel ve \u0131slah edici olabilmesi i\u00e7in \u201ckamu hizmeti\u201d ad\u0131 alt\u0131nda hayvanlara, do\u011faya ve \u00e7evreye faydas\u0131 olacak yapt\u0131r\u0131mlar ve cezalar uygulanabilmeli; su\u00e7un tekerr\u00fcr\u00fc halinde cezalar art\u0131r\u0131lmal\u0131d\u0131r. Bu nedenlerle bu Yasa \u00e7al\u0131\u015fmas\u0131n\u0131 yapt\u0131k.<\/p>\n<p>Yasa \u00d6nerimizin temel amac\u0131, 1978 y\u0131l\u0131nda UNESCO taraf\u0131ndan kabul dilen Hayvan Haklar\u0131 Evrensel Beyannamesi\u2019ne uyumlu bir yasal d\u00fczenleme ile \u201cB\u00fct\u00fcn hayvanlar ya\u015fam \u00f6n\u00fcnde e\u015fit do\u011farlar ve ayn\u0131 var olma hakk\u0131na sahiptirler.\u201d ve\u00a0\u201cB\u00fct\u00fcn hayvanlar sayg\u0131 g\u00f6rme hakk\u0131na sahiptir. Bir hayvan t\u00fcr\u00fc olan insan, di\u011fer hayvanlar\u0131 yok edemez. Bu hakk\u0131 \u00e7i\u011fneyerek onlar\u0131 s\u00f6m\u00fcremez. Bilgilerini hayvanlar\u0131n hizmetine sunmakla g\u00f6revlidir. B\u00fct\u00fcn hayvanlar\u0131n insanca g\u00f6zetilme, bak\u0131lma ve korunma haklar\u0131 vard\u0131r.\u201d h\u00fck\u00fcmlerinin hayata ge\u00e7irilebilmesidir.<\/p>\n<p>Amac\u0131m\u0131z; ya\u015fam boyunca insanl\u0131k \u00e7\u0131kar\u0131na evcille\u015ftirdi\u011fimiz t\u00fcm canl\u0131lar\u0131n biraz da olsa ya\u015fam, bar\u0131nma, beslenme ve korunma haklar\u0131n\u0131 mevcut yasada bulunan kritik maddelerde baz\u0131 de\u011fi\u015fikliklere giderek sa\u011flayabilmek.<\/p>\n<p>Bu s\u00fcre\u00e7te duyarl\u0131 \u00f6rg\u00fctlerin, t\u00fcm hayvan severlerin ve vekillerimizin destek\u00e7imiz oldu\u011funu g\u00f6rmek \u00e7ok g\u00fczel.<\/p>\n<p>&nbsp;<\/p>\n","protected":false},"excerpt":{"rendered":"<p>Baraka K\u00fclt\u00fcr Merkezi\u2019nin de bile\u015fenlerinden oldu\u011fu D\u00fcnya Yaln\u0131z Bizim De\u011fil Hareketi, Hayvan Refah\u0131 Yasas\u0131\u2019nda yapt\u0131klar\u0131 de\u011fi\u015fiklik \u00f6nerilerini Meclis \u00f6n\u00fcnde bas\u0131n a\u00e7\u0131klamas\u0131yla duyurdu. D\u00fcnya Yaln\u0131z Bizim<\/p>\n","protected":false},"author":3,"featured_media":5085,"comment_status":"open","ping_status":"open","sticky":false,"template":"","format":"standard","meta":{"jetpack_post_was_ever_published":false,"_jetpack_newsletter_access":"","_jetpack_newsletter_tier_id":0,"jetpack_publicize_message":"","jetpack_is_tweetstorm":false,"jetpack_publicize_feature_enabled":true,"jetpack_social_post_already_shared":true,"jetpack_social_options":{"image_generator_settings":{"template":"highway","enabled":false}}},"categories":[9,1],"tags":[],"jetpack_publicize_connections":[],"jetpack_featured_media_url":"https:\/\/baraka.cc\/wp-content\/uploads\/2017\/06\/21.jpg","jetpack_shortlink":"https:\/\/wp.me\/p4eHWX-1k0","jetpack_sharing_enabled":true,"_links":{"self":[{"href":"https:\/\/baraka.cc\/index.php?rest_route=\/wp\/v2\/posts\/5084"}],"collection":[{"href":"https:\/\/baraka.cc\/index.php?rest_route=\/wp\/v2\/posts"}],"about":[{"href":"https:\/\/baraka.cc\/index.php?rest_route=\/wp\/v2\/types\/post"}],"author":[{"embeddable":true,"href":"https:\/\/baraka.cc\/index.php?rest_route=\/wp\/v2\/users\/3"}],"replies":[{"embeddable":true,"href":"https:\/\/baraka.cc\/index.php?rest_route=%2Fwp%2Fv2%2Fcomments&post=5084"}],"version-history":[{"count":1,"href":"https:\/\/baraka.cc\/index.php?rest_route=\/wp\/v2\/posts\/5084\/revisions"}],"predecessor-version":[{"id":5087,"href":"https:\/\/baraka.cc\/index.php?rest_route=\/wp\/v2\/posts\/5084\/revisions\/5087"}],"wp:featuredmedia":[{"embeddable":true,"href":"https:\/\/baraka.cc\/index.php?rest_route=\/wp\/v2\/media\/5085"}],"wp:attachment":[{"href":"https:\/\/baraka.cc\/index.php?rest_route=%2Fwp%2Fv2%2Fmedia&parent=5084"}],"wp:term":[{"taxonomy":"category","embeddable":true,"href":"https:\/\/baraka.cc\/index.php?rest_route=%2Fwp%2Fv2%2Fcategories&post=5084"},{"taxonomy":"post_tag","embeddable":true,"href":"https:\/\/baraka.cc\/index.php?rest_route=%2Fwp%2Fv2%2Ftags&post=5084"}],"curies":[{"name":"wp","href":"https:\/\/api.w.org\/{rel}","templated":true}]}}