{"id":5132,"date":"2017-06-30T10:35:36","date_gmt":"2017-06-30T08:35:36","guid":{"rendered":"https:\/\/baraka.cc\/?p=5132"},"modified":"2017-06-30T10:35:36","modified_gmt":"2017-06-30T08:35:36","slug":"izle-tartista-12-ofkeli-adam-izlenilecek","status":"publish","type":"post","link":"https:\/\/baraka.cc\/?p=5132","title":{"rendered":"\u0130ZLE-TARTI\u015e\u2019TA 12 \u00d6FKEL\u0130 ADAM \u0130ZLEN\u0130LECEK"},"content":{"rendered":"<p><b><a href=\"https:\/\/baraka.cc\/wp-content\/uploads\/2017\/06\/12-\u00f6fkeli-adam.jpg\"><img decoding=\"async\" loading=\"lazy\" class=\"alignnone size-medium wp-image-5133\" alt=\"12 \u00f6fkeli adam\" src=\"https:\/\/baraka.cc\/wp-content\/uploads\/2017\/06\/12-\u00f6fkeli-adam-300x114.jpg\" width=\"300\" height=\"114\" srcset=\"https:\/\/baraka.cc\/wp-content\/uploads\/2017\/06\/12-\u00f6fkeli-adam-300x114.jpg 300w, https:\/\/baraka.cc\/wp-content\/uploads\/2017\/06\/12-\u00f6fkeli-adam-1024x390.jpg 1024w\" sizes=\"(max-width: 300px) 100vw, 300px\" \/><\/a>Baraka K\u00fclt\u00fcr Merkezi\u2019nin her ay\u0131n ilk Cumartesi ak\u015fam\u0131 ger\u00e7ekle\u015ftirilen \u0130zle-Tart\u0131\u015f etkinli\u011fi kesintisiz bir \u015fekilde devam ediyor. Kat\u0131l\u0131mc\u0131lar\u0131n \u00f6nerdikleri filmlerden se\u00e7ilen g\u00f6sterimlerde bu kez 12 \u00d6fekli Adam filmi izleyici ile bulu\u015fturuluyor.<\/b><\/p>\n<p>&nbsp;<\/p>\n<p><i>12 \u00d6fkeli Adam<\/i>,\u00a0 1957\u00a0\u00a0yap\u0131m\u0131 bir dram filmidir.\u00a0Reginald Rose&#8217;un ayn\u0131 adl\u0131 oyunundan\u00a0uyarlanan film, bir duru\u015fmada bir j\u00fcri \u00fcyesinin di\u011fer on bir j\u00fcri \u00fcyesini \u015f\u00fcphelinin su\u00e7suz oldu\u011fu konusunda\u00a0 ikna etme \u00e7abalar\u0131 hakk\u0131ndad\u0131r. Film neredeyse sadece bir set kullan\u0131larak \u00e7ekilmi\u015f olma \u00f6zelli\u011fi ile dikkate de\u011ferdir.\u00a0Ayr\u0131ca \u00a0film \u00a0Amerika Birle\u015fik Devletleri Kongre K\u00fct\u00fcphanesi taraf\u0131ndan &#8220;k\u00fclt\u00fcrel, tarihi ve estetik olarak \u00f6nemli&#8221; filmler aras\u0131na se\u00e7ilerek ABD Ulusal F\u0130lm Ar\u015fivi&#8217;nde muhafaza edilmesine karar verilmi\u015ftir.<\/p>\n<p>Amerikan yasalar\u0131na g\u00f6re j\u00fcrinin karar\u0131 (su\u00e7lu ya da su\u00e7suz) oybirli\u011fi ile al\u0131nmal\u0131d\u0131r.\u00a0\u00a0J\u00fcrinin karara ba\u011flamas\u0131 gereken konu ise, \u015fehrin fakir b\u00f6lgesinde ya\u015fayan bir \u00e7ocuk zanl\u0131n\u0131n babas\u0131n\u0131 \u00f6ld\u00fcr\u00fcp \u00f6ld\u00fcrmedi\u011fidir. J\u00fcri ayr\u0131ca san\u0131\u011f\u0131n su\u00e7lu bulunmas\u0131 halinde uygulanacak cezan\u0131n idam olaca\u011f\u0131 (elektrikli sandalye) konusunda bilgilendirilir. Sonras\u0131nda on iki j\u00fcri \u00fcyesi davay\u0131 tart\u0131\u015facaklar\u0131 ve birbirlerinin ki\u015fili\u011fini tan\u0131yacaklar\u0131 j\u00fcri odas\u0131na girerler. Filmin bundan sonraki konusu j\u00fcri \u00fcyelerinin, baz\u0131 durumlarda \u00f6nyarg\u0131lara dayanan, oybirli\u011fine ula\u015fma yolunda kar\u015f\u0131la\u015ft\u0131klar\u0131 zorluklar etraf\u0131nda d\u00f6ner.<\/p>\n<p>\u00d6nyarg\u0131lara tak\u0131lan bir yarg\u0131 s\u00fcrecinde adalet aray\u0131\u015f\u0131 hikayesini birlikte izlemek isteyen herkesi, 1 Temmuz Cumartesi ak\u015fam\u0131 20:00\u2032de Baraka K\u00fclt\u00fcr Merkezi lokalinde bah\u00e7e sinemas\u0131na bekleriz.<\/p>\n","protected":false},"excerpt":{"rendered":"<p>Baraka K\u00fclt\u00fcr Merkezi\u2019nin her ay\u0131n ilk Cumartesi ak\u015fam\u0131 ger\u00e7ekle\u015ftirilen \u0130zle-Tart\u0131\u015f etkinli\u011fi kesintisiz bir \u015fekilde devam ediyor. Kat\u0131l\u0131mc\u0131lar\u0131n \u00f6nerdikleri filmlerden se\u00e7ilen g\u00f6sterimlerde bu kez 12 \u00d6fekli<\/p>\n","protected":false},"author":8,"featured_media":5133,"comment_status":"open","ping_status":"open","sticky":false,"template":"","format":"standard","meta":{"jetpack_post_was_ever_published":false,"_jetpack_newsletter_access":"","_jetpack_newsletter_tier_id":0,"jetpack_publicize_message":"","jetpack_is_tweetstorm":false,"jetpack_publicize_feature_enabled":true,"jetpack_social_post_already_shared":true,"jetpack_social_options":{"image_generator_settings":{"template":"highway","enabled":false}}},"categories":[20,9,28,60,1],"tags":[],"jetpack_publicize_connections":[],"jetpack_featured_media_url":"https:\/\/baraka.cc\/wp-content\/uploads\/2017\/06\/12-\u00f6fkeli-adam.jpg","jetpack_shortlink":"https:\/\/wp.me\/p4eHWX-1kM","jetpack_sharing_enabled":true,"_links":{"self":[{"href":"https:\/\/baraka.cc\/index.php?rest_route=\/wp\/v2\/posts\/5132"}],"collection":[{"href":"https:\/\/baraka.cc\/index.php?rest_route=\/wp\/v2\/posts"}],"about":[{"href":"https:\/\/baraka.cc\/index.php?rest_route=\/wp\/v2\/types\/post"}],"author":[{"embeddable":true,"href":"https:\/\/baraka.cc\/index.php?rest_route=\/wp\/v2\/users\/8"}],"replies":[{"embeddable":true,"href":"https:\/\/baraka.cc\/index.php?rest_route=%2Fwp%2Fv2%2Fcomments&post=5132"}],"version-history":[{"count":1,"href":"https:\/\/baraka.cc\/index.php?rest_route=\/wp\/v2\/posts\/5132\/revisions"}],"predecessor-version":[{"id":5134,"href":"https:\/\/baraka.cc\/index.php?rest_route=\/wp\/v2\/posts\/5132\/revisions\/5134"}],"wp:featuredmedia":[{"embeddable":true,"href":"https:\/\/baraka.cc\/index.php?rest_route=\/wp\/v2\/media\/5133"}],"wp:attachment":[{"href":"https:\/\/baraka.cc\/index.php?rest_route=%2Fwp%2Fv2%2Fmedia&parent=5132"}],"wp:term":[{"taxonomy":"category","embeddable":true,"href":"https:\/\/baraka.cc\/index.php?rest_route=%2Fwp%2Fv2%2Fcategories&post=5132"},{"taxonomy":"post_tag","embeddable":true,"href":"https:\/\/baraka.cc\/index.php?rest_route=%2Fwp%2Fv2%2Ftags&post=5132"}],"curies":[{"name":"wp","href":"https:\/\/api.w.org\/{rel}","templated":true}]}}