{"id":5135,"date":"2017-07-03T10:00:56","date_gmt":"2017-07-03T08:00:56","guid":{"rendered":"https:\/\/baraka.cc\/?p=5135"},"modified":"2017-07-03T10:00:56","modified_gmt":"2017-07-03T08:00:56","slug":"kibrista-barisin-tam-zamani-mi-onur-butuner","status":"publish","type":"post","link":"https:\/\/baraka.cc\/?p=5135","title":{"rendered":"\u201cK\u0131br\u0131s\u2019ta Bar\u0131\u015f\u0131n Tam Zaman\u0131\u201d m\u0131? &#8211; Onur B\u00fct\u00fcner"},"content":{"rendered":"<p>Argasdi&#8217;nin 3 ay \u00f6nceki 46. say\u0131s\u0131nda yay\u0131mlanan ve hala g\u00fcncelli\u011fini koruyan bir yaz\u0131&#8230;<\/p>\n<p><a href=\"https:\/\/baraka.cc\/wp-content\/uploads\/2017\/07\/tepkilerini-baris-isareti-yaparak-gosterdiler-258601.jpg\"><img decoding=\"async\" loading=\"lazy\" class=\"alignnone size-medium wp-image-5136\" alt=\"tepkilerini-baris-isareti-yaparak-gosterdiler-258601\" src=\"https:\/\/baraka.cc\/wp-content\/uploads\/2017\/07\/tepkilerini-baris-isareti-yaparak-gosterdiler-258601-300x168.jpg\" width=\"300\" height=\"168\" srcset=\"https:\/\/baraka.cc\/wp-content\/uploads\/2017\/07\/tepkilerini-baris-isareti-yaparak-gosterdiler-258601-300x168.jpg 300w, https:\/\/baraka.cc\/wp-content\/uploads\/2017\/07\/tepkilerini-baris-isareti-yaparak-gosterdiler-258601.jpg 640w\" sizes=\"(max-width: 300px) 100vw, 300px\" \/><\/a><\/p>\n<p>Y\u0131l 2004. K\u0131br\u0131s sorunu konusunda liderler seviyesinde \u00f6nemli geli\u015fmelerin oldu\u011fu bir d\u00f6nem. K\u0131br\u0131s Cumhuriyeti\u2019nin AB\u2019ye girme mevzusunun da etkisi ile BM\u2019nin arabuluculuk yapt\u0131\u011f\u0131 g\u00f6r\u00fc\u015fmeler h\u0131zlanm\u0131\u015ft\u0131. D\u00f6nemin BM Genel Sekreteri Kofi Annan\u2019\u0131n haz\u0131rlad\u0131\u011f\u0131 plan, o zamanki liderlerin \u00f6n\u00fcne \u201cbar\u0131\u015f\u201d diye sunulmu\u015ftu. Bunun \u00fczerine referandum s\u00fcrecinin ba\u015flamas\u0131 ile bar\u0131\u015fa susam\u0131\u015f halklar soka\u011fa d\u00f6k\u00fclm\u00fc\u015ft\u00fc. Sol siyaset i\u00e7inde yer edinmi\u015f \u00f6rg\u00fctler, Annan\u2019\u0131n \u201cbar\u0131\u015f\u201d plan\u0131na kilitlenmi\u015f ve neredeyse o d\u00f6nemde b\u00fct\u00fcn siyaseti bu s\u00fcre\u00e7 \u00fczerinden y\u00fcr\u00fctm\u00fc\u015ft\u00fc. Ayn\u0131 \u015fekilde sa\u011fc\u0131, fa\u015fist \u00f6rg\u00fctler de referandumdan hay\u0131r \u00e7\u0131kabilmesi i\u00e7in \u015fovenist s\u00f6ylemlerini artt\u0131rm\u0131\u015ft\u0131 Ancak t\u00fcm bunlar olurken, benzin hala zamlanmaktayd\u0131. Hala elektrik sorunu \u00e7\u00f6z\u00fclememi\u015fti. Hala \u00f6zelde emek\u00e7i s\u00f6m\u00fcr\u00fcs\u00fc devam etmekte, hala \u00f6rg\u00fcts\u00fcz \u00f6zel sekt\u00f6r \u00e7al\u0131\u015fanlar\u0131 patronlar\u0131n\u0131n iki duda\u011f\u0131n\u0131n aras\u0131nda ya\u015fam m\u00fccadelelerini s\u00fcrd\u00fcrmekteydi. Halbuki o zaman da bar\u0131\u015f\u0131n tam zaman\u0131yd\u0131.<\/p>\n<p>Ve y\u0131l 2017. K\u0131br\u0131s\u2019\u0131n kuzeyinde Cumhurba\u015fkanl\u0131\u011f\u0131 se\u00e7imlerini Mustafa Ak\u0131nc\u0131\u2019n\u0131n kazanmas\u0131yla birlikte ba\u015flayan g\u00f6r\u00fc\u015fmeler s\u00fcrecinde, masada neler konu\u015fuldu\u011funu halklar\u0131n bilmemesine ra\u011fmen, \u201cbar\u0131\u015f\u0131n tam zaman\u0131\u201d havas\u0131 yarat\u0131lmaya ba\u015fland\u0131. Mont Pelerin zirvesi ard\u0131ndan 5\u2019li g\u00f6r\u00fc\u015fmeler ile sanki bar\u0131\u015f bug\u00fcn ya da bilemediniz yar\u0131n olacakm\u0131\u015f gibi bir suni g\u00fcndem yarat\u0131ld\u0131. Ancak bizler bilmeliydik ki ne 2004\u2019te ne de 2017\u2019de yap\u0131lan g\u00f6r\u00fc\u015fmelerde olu\u015facak bir bar\u0131\u015f\u0131n bizim hayat\u0131m\u0131z\u0131 \u00e7ok de\u011fi\u015ftirecek bir durumu vard\u0131. Halklar\u0131n elinden gelmeyen bar\u0131\u015f, e\u011fer \u201ckurtar\u0131c\u0131lar\u0131n\u201d kontrol\u00fcnde geliyorsa bu bizlerin bar\u0131\u015f\u0131 de\u011fildir. Bu ancak ve de ancak bu \u00fclke \u00fczerinde planlar\u0131 olan emperyalist g\u00fc\u00e7lerin \u00fczerimizde oynad\u0131klar\u0131 oyunun bir par\u00e7as\u0131d\u0131r. Ve bu y\u00fczden de bu \u015fekilde bir bar\u0131\u015f geldi\u011finde, yani bir sabah uyand\u0131\u011f\u0131m\u0131zda \u201cbar\u0131\u015f\u0131n\u201d oldu\u011funu duydu\u011fumuzda bizlerin hayat\u0131nda neler de\u011fi\u015fecek? \u00d6zel sekt\u00f6r \u00e7al\u0131\u015fanlar\u0131 sendikala\u015f\u0131p haklar\u0131n\u0131 savunabilecekler mi? \u00dclkedeki zamlar birden bitecek mi? Yollar gerekli altyap\u0131ya kavu\u015facak m\u0131? Ama olsun bunlar\u0131 konu\u015fmaya gerek yok \u00e7\u00fcnk\u00fc bunlar\u0131n hepsini \u00e7\u00f6z\u00fcmden sonra konu\u015fmal\u0131y\u0131z: \u00c7\u00fcnk\u00fc \u015fimdi bar\u0131\u015f\u0131n tam zaman\u0131!<\/p>\n<p>Evet bug\u00fcn duyduklar\u0131m\u0131z\u0131 ilk kez duymuyoruz. 2004 referandumundan sonra Mehmet Ali Talat\u2019\u0131n K\u0131br\u0131s\u2019\u0131n kuzeyinde Cumhurba\u015fkan\u0131 se\u00e7ilmesi ile yine bar\u0131\u015f\u0131n tam zaman\u0131 oldu\u011funu da duymu\u015ftuk. Bunlar\u0131 tart\u0131\u015f\u0131p, konu\u015furken akl\u0131ma iki soru geliyor:<\/p>\n<p>1.Ger\u00e7ek bar\u0131\u015f m\u00fccadelesini \u00f6rmenin yolu sadece liderler seviyesindeki g\u00f6r\u00fc\u015fmelere g\u00f6re \u015fekil almak m\u0131d\u0131r?<\/p>\n<p>2.Ger\u00e7ek bar\u0131\u015f\u0131n zaman\u0131n\u0131 m\u0131 aramal\u0131y\u0131z, yoksa onu nerede bulaca\u011f\u0131m\u0131z\u0131 m\u0131? Yani ger\u00e7ek bar\u0131\u015f nerededir?<\/p>\n<p>Birinci soru ile ba\u015flayacak olursam, adan\u0131n birle\u015fmesini ve iki halk\u0131n birlikte huzur i\u00e7inde ya\u015famas\u0131n\u0131 istiyoruz ve bu konuda \u00fcst\u00fcm\u00fcze d\u00fc\u015fen her g\u00f6revi de yapmal\u0131y\u0131z. Ancak bu, liderleri cesaretlendirmekle ya da bar\u0131\u015f i\u00e7in Cumhurba\u015fkanl\u0131\u011f\u0131 \u00f6n\u00fcnde \u00f6rg\u00fc \u00f6rmekle olacak bir \u015fey de\u011fil. Liderleri cesaretlendirmekten onlara arzu etti\u011fimiz bar\u0131\u015f i\u00e7in m\u00fccadele etmeleri konusunda bask\u0131 yapmal\u0131y\u0131z. Yap\u0131lan g\u00f6r\u00fc\u015fmelerin \u015feffaf olmas\u0131 ve toplant\u0131lar\u0131n bas\u0131na a\u00e7\u0131k olmas\u0131 konusunda liderleri zorlamal\u0131y\u0131z. Gelece\u011fimizi kuracak olan bu masada ne konu\u015fuldu\u011funa dair dedikodu d\u00fczeyinde birka\u00e7 bilgi k\u0131r\u0131nt\u0131s\u0131 ile liderleri nas\u0131l destekleriz? Sola sempati duyan i\u015f\u00e7i, emek\u00e7i, g\u00f6\u00e7men halklara kar\u015f\u0131 sorumluluklar\u0131m\u0131z\u0131 unutmamal\u0131, bar\u0131\u015f m\u00fccadelesinin yolunu \u00f6rerken daha sorgulay\u0131c\u0131, zorlay\u0131c\u0131 ve hesap sorucu durumda olmal\u0131y\u0131z. G\u00f6r\u00fc\u015fmelere g\u00f6re \u015fekil al\u0131p g\u00fcndelik ya\u015famda, i\u00e7 siyasette ya\u015fanan s\u0131k\u0131nt\u0131lar\u0131 ikinci plana atan bir \u201csol\u201d halka kar\u015f\u0131 sorumlulu\u011funu yerine getirmemi\u015f demektir.<\/p>\n<p>\u0130kinci soruyu birinci soru ile ba\u011flayacak olursak, bizler \u00f6ncelikle g\u00fcndelik ya\u015famdaki s\u0131k\u0131nt\u0131lar\u0131m\u0131zdan \u00f6rg\u00fctlenmeye \u00e7al\u0131\u015fmal\u0131y\u0131z. \u00c7\u00fcnk\u00fc bizleri bar\u0131\u015fa g\u00f6t\u00fcrecek en temel yol \u00f6rg\u00fctlenmektir. M\u00fczakerelere endekslenen ve aya\u011f\u0131 yere basmayan bir yapay \u00f6rg\u00fctlenme, bizi 2004 y\u0131l\u0131nda oldu\u011fu gibi demoralize edecek, bar\u0131\u015f umuduyla birlikte bu adada daha g\u00fczel bir hayat umudunu da yitirmemize neden olacakt\u0131r. Bu sebeple bar\u0131\u015f\u0131 \u00f6rg\u00fctlemek i\u00e7in sokaktan vazge\u00e7memeliyiz. Ve bar\u0131\u015f\u0131 sokakta \u00f6rg\u00fctleyebilmenin ilk yolu da g\u00fcndelik hayatta ya\u015fad\u0131\u011f\u0131m\u0131z s\u0131k\u0131nt\u0131lara kar\u015f\u0131 \u00f6rg\u00fctlenmektir. Bu, bizi daha fazla birlik yapacak ve fa\u015fist yap\u0131lar\u0131n \u00fclkemizdeki etkilerini azaltacakt\u0131r. Bizler soka\u011f\u0131 b\u0131rak\u0131p, ger\u00e7ek sorunlar\u0131, \u201cbar\u0131\u015f\u201d sonras\u0131na erteleyip halk ile \u00f6rg\u00fctlenmezsek, fa\u015fist yap\u0131lar bu bo\u015flu\u011fu dolduracakt\u0131r. Ve doldurduklar\u0131 her bo\u015fluk iki halk\u0131n bar\u0131\u015f i\u00e7inde birle\u015fik bir adada ya\u015famas\u0131n\u0131n \u00f6n\u00fcnde engel olacakt\u0131r. Bar\u0131\u015f\u0131n zaman\u0131ndan \u00f6nce yerini tespit etmek bu anlamda \u00f6nemlidir. Bu yer de sokakt\u0131r. Bar\u0131\u015f ile ne zaman bulu\u015faca\u011f\u0131m\u0131z\u0131 de\u011fil bar\u0131\u015f\u0131 sokakta bulaca\u011f\u0131m\u0131z\u0131 bilmeliyiz. O y\u00fczden sokaklar\u0131 b\u0131rakmamal\u0131y\u0131z. Bizler ger\u00e7ek hayatta ya\u015fad\u0131\u011f\u0131m\u0131z s\u0131k\u0131nt\u0131lar i\u00e7in m\u00fccadele ettik\u00e7e zaten sokak bizi bar\u0131\u015fa g\u00f6t\u00fcrecektir. G\u00f6r\u00fc\u015fmelerde olu\u015fan d\u0131\u015f g\u00fc\u00e7lerin bar\u0131\u015f\u0131n\u0131 de\u011fil, bu halklar\u0131n tekrardan huzur i\u00e7inde ya\u015fayaca\u011f\u0131 bar\u0131\u015f\u0131 \u00f6rg\u00fctlemeliyiz. Ger\u00e7ek bar\u0131\u015f\u0131 da\u00a0 liderleri cesaretlendirerek de\u011fil, sokakta bar\u0131\u015f i\u00e7in emekten yana, feminizimden yana, ekolojiden yana m\u00fccadele ederken bulaca\u011f\u0131z.<\/p>\n<p>Onur B\u00fct\u00fcner<\/p>\n<p>onurbutuner@yahoo.com<\/p>\n","protected":false},"excerpt":{"rendered":"<p>Argasdi&#8217;nin 3 ay \u00f6nceki 46. say\u0131s\u0131nda yay\u0131mlanan ve hala g\u00fcncelli\u011fini koruyan bir yaz\u0131&#8230; Y\u0131l 2004. K\u0131br\u0131s sorunu konusunda liderler seviyesinde \u00f6nemli geli\u015fmelerin oldu\u011fu bir d\u00f6nem.<\/p>\n","protected":false},"author":3,"featured_media":5136,"comment_status":"open","ping_status":"open","sticky":false,"template":"","format":"standard","meta":{"jetpack_post_was_ever_published":false,"_jetpack_newsletter_access":"","_jetpack_newsletter_tier_id":0,"jetpack_publicize_message":"","jetpack_is_tweetstorm":false,"jetpack_publicize_feature_enabled":true,"jetpack_social_post_already_shared":true,"jetpack_social_options":{"image_generator_settings":{"template":"highway","enabled":false}}},"categories":[40,67,38,42,1,39],"tags":[],"jetpack_publicize_connections":[],"jetpack_featured_media_url":"https:\/\/baraka.cc\/wp-content\/uploads\/2017\/07\/tepkilerini-baris-isareti-yaparak-gosterdiler-258601.jpg","jetpack_shortlink":"https:\/\/wp.me\/p4eHWX-1kP","jetpack_sharing_enabled":true,"_links":{"self":[{"href":"https:\/\/baraka.cc\/index.php?rest_route=\/wp\/v2\/posts\/5135"}],"collection":[{"href":"https:\/\/baraka.cc\/index.php?rest_route=\/wp\/v2\/posts"}],"about":[{"href":"https:\/\/baraka.cc\/index.php?rest_route=\/wp\/v2\/types\/post"}],"author":[{"embeddable":true,"href":"https:\/\/baraka.cc\/index.php?rest_route=\/wp\/v2\/users\/3"}],"replies":[{"embeddable":true,"href":"https:\/\/baraka.cc\/index.php?rest_route=%2Fwp%2Fv2%2Fcomments&post=5135"}],"version-history":[{"count":1,"href":"https:\/\/baraka.cc\/index.php?rest_route=\/wp\/v2\/posts\/5135\/revisions"}],"predecessor-version":[{"id":5137,"href":"https:\/\/baraka.cc\/index.php?rest_route=\/wp\/v2\/posts\/5135\/revisions\/5137"}],"wp:featuredmedia":[{"embeddable":true,"href":"https:\/\/baraka.cc\/index.php?rest_route=\/wp\/v2\/media\/5136"}],"wp:attachment":[{"href":"https:\/\/baraka.cc\/index.php?rest_route=%2Fwp%2Fv2%2Fmedia&parent=5135"}],"wp:term":[{"taxonomy":"category","embeddable":true,"href":"https:\/\/baraka.cc\/index.php?rest_route=%2Fwp%2Fv2%2Fcategories&post=5135"},{"taxonomy":"post_tag","embeddable":true,"href":"https:\/\/baraka.cc\/index.php?rest_route=%2Fwp%2Fv2%2Ftags&post=5135"}],"curies":[{"name":"wp","href":"https:\/\/api.w.org\/{rel}","templated":true}]}}