{"id":5138,"date":"2017-07-04T12:51:04","date_gmt":"2017-07-04T10:51:04","guid":{"rendered":"https:\/\/baraka.cc\/?p=5138"},"modified":"2017-07-04T12:51:04","modified_gmt":"2017-07-04T10:51:04","slug":"orgutlerden-ortak-aciklama-nereden-gelirse-gelsin-dinsel-gericilige-boyun-egmeyecegiz","status":"publish","type":"post","link":"https:\/\/baraka.cc\/?p=5138","title":{"rendered":"\u00d6RG\u00dcTLERDEN ORTAK A\u00c7IKLAMA: &#8220;NEREDEN GEL\u0130RSE GELS\u0130N D\u0130NSEL GER\u0130C\u0130L\u0130\u011eE BOYUN E\u011eMEYECE\u011e\u0130Z&#8221;"},"content":{"rendered":"<p><a href=\"https:\/\/baraka.cc\/wp-content\/uploads\/2017\/07\/foto-ar\u015fiv.jpg\"><img decoding=\"async\" loading=\"lazy\" class=\"alignnone size-medium wp-image-5139\" alt=\"foto ar\u015fiv\" src=\"https:\/\/baraka.cc\/wp-content\/uploads\/2017\/07\/foto-ar\u015fiv-300x168.jpg\" width=\"300\" height=\"168\" srcset=\"https:\/\/baraka.cc\/wp-content\/uploads\/2017\/07\/foto-ar\u015fiv-300x168.jpg 300w, https:\/\/baraka.cc\/wp-content\/uploads\/2017\/07\/foto-ar\u015fiv.jpg 678w\" sizes=\"(max-width: 300px) 100vw, 300px\" \/><\/a><\/p>\n<p>Binlerce \u00fcyeyi temsil eden ondan fazla \u00f6rg\u00fct olarak Cumhurba\u015fkan\u0131&#8217;ndan, Din \u0130\u015fleri Dairesi Yasas\u0131&#8217;n\u0131 imzalamamas\u0131n\u0131 ve Anayasa Mahkemesi&#8217;ne sunmas\u0131n\u0131 talep etmi\u015ftik. Talebimizi, ba\u015fta Anayasa&#8217;n\u0131n laiklik ilkesi olmak \u00fczere \u00e7e\u015fitli hukuksal ve toplumsal gerek\u00e7elere dayand\u0131ran detayl\u0131 bir g\u00f6r\u00fc\u015f\u00fc kendisine sunmu\u015ftuk. Bu g\u00f6r\u00fc\u015fte de vurgulad\u0131\u011f\u0131m\u0131z gibi;<\/p>\n<p>&#8211; Laiklik ilkesi Din \u0130\u015fleri Dairesi (De\u011fi\u015fiklik) Yasas\u0131 ile ihlal edilmektedir. Bu Yasa b\u00fct\u00fcn dinler ve inan\u00e7lar i\u00e7in de\u011fil a\u011f\u0131rl\u0131kl\u0131 olarak S\u00fcnni \u0130slam Hanefi inanc\u0131na y\u00f6nelik olarak yap\u0131lm\u0131\u015ft\u0131r. Oysa Anayasa&#8217;n\u0131n 8&#8217;inci maddesine g\u00f6re hi\u00e7bir ki\u015fi, aile, z\u00fcmre veya s\u0131n\u0131fa ayr\u0131cal\u0131k tan\u0131namaz.<\/p>\n<p>&#8211; T\u00fcrkiye&#8217;den din g\u00f6revlilerinin getirilip \u00fclkemizin maa\u015fl\u0131 memuru olmas\u0131n\u0131 d\u00fczenleyen madde, uzun y\u0131llard\u0131r farkl\u0131 bi\u00e7imlerde uygulanan fakat K\u0131br\u0131sl\u0131 T\u00fcrk halk\u0131n\u0131n direni\u015fi ile kar\u015f\u0131la\u015fan asimilasyon politikalar\u0131n\u0131n, S\u00fcnni \u0130slamla\u015ft\u0131rma boyutunda v\u00fccut bulmu\u015f halidir. Ayr\u0131ca kamu g\u00f6revlerinin kimler taraf\u0131ndan y\u00fcr\u00fct\u00fclece\u011fini belirten Anayasa madde 120 ve 121\u2019e ayk\u0131r\u0131d\u0131r.<\/p>\n<p>&#8211; Yasada yer alan \u201cCami, cami avlusu ve m\u00fc\u015ftemilat\u0131nda ve kullan\u0131m\u0131ndaki b\u00fct\u00fcn alanlarda, bu Yasan\u0131n ama\u00e7lar\u0131 do\u011frultusunda her t\u00fcrl\u00fc faaliyetlerin yap\u0131lmas\u0131na izin vermek\u201d ifadesyle Kuran kurslar\u0131n\u0131n d\u00fczenlenmesi m\u00fcmk\u00fcn olabilecektir. Hali haz\u0131rda yasa d\u0131\u015f\u0131 olarak y\u00fcr\u00fct\u00fclmekte olan \u00e7ocuk haklar\u0131na da ayk\u0131r\u0131 b\u00f6ylesi kurslara, o veya bu \u015fekilde yasal zemin kazand\u0131r\u0131lmas\u0131, \u00fclkemize ve gelece\u011fimize yap\u0131lacak en b\u00fcy\u00fck k\u00f6t\u00fcl\u00fckt\u00fcr.<\/p>\n<p>&#8211; Din \u0130\u015fleri Dairesi, Yasan\u0131n \u00e7e\u015fitli maddeleri ile adeta bir Bakanl\u0131k gibi geni\u015fletilmekte ve devlet i\u00e7inde devlet gibi \u00e7ok geni\u015f yetkilerle donat\u0131lmaktad\u0131r. E\u011fitim ve Halkla \u0130li\u015fkiler Birimi ile e\u011fitim, bas\u0131n, yay\u0131n gibi politika \u00fcretip yaymas\u0131 m\u00fcmk\u00fcn olmakta; mevcut Yasada 67 olan personel say\u0131s\u0131 346\u2019ya \u00e7\u0131kar\u0131lmaktad\u0131r.<\/p>\n<p>&#8211; Daireye mali \u00f6zerklik verilerek, yurt i\u00e7inden ve d\u0131\u015f\u0131ndan para kabul etmesi ve bu yard\u0131mlar\u0131 Y\u00f6netim Kurulu karar\u0131 ile kullanabilmesi m\u00fcmk\u00fcn olacakt\u0131r.<\/p>\n<p>&#8211; Bu Yasa ile insan haklar\u0131n ayk\u0131r\u0131 olarak; \u00fclkemizdeki Alevi inanc\u0131na, H\u0131ristiyan dinine veya farkl\u0131 inan\u00e7lara mensup ki\u015filer yok say\u0131lmakta, a\u00e7\u0131k\u00e7a ayr\u0131mc\u0131l\u0131\u011fa u\u011framakta ve d\u0131\u015flanmaktad\u0131r.<\/p>\n<p>Say\u0131n Cumhurba\u015fkan\u0131 konyu bizden farkl\u0131 tezekk\u00fcr etmi\u015f olacak ki, meseleyi ayd\u0131nl\u0131\u011fa kavu\u015fturmak \u00fczere Anayasa Mahkemesi&#8217;ne sunmak yerine, zaten geldi\u011fi karanl\u0131\u011fa g\u00f6ndermi\u015f; Meclis&#8217;e iade etmi\u015ftir. Halk\u0131m\u0131z\u0131n gelece\u011fini, insan haklar\u0131n\u0131, \u00e7ocuk haklar\u0131n\u0131, laiklik prensibini, \u00fclkeyi nas\u0131l y\u00f6nettiklerini gayet iyi bildi\u011fimiz 26 ki\u015finin vicdan\u0131na teslim etmi\u015ftir. Meclis&#8217;te 26 parma\u011f\u0131n kald\u0131r\u0131lmas\u0131yla Yasan\u0131n aynen veya de\u011fi\u015ftirilerek kabul edilmesi halinde Cumhurba\u015fkan\u0131&#8217;n\u0131n imzalamaktan ba\u015fka se\u00e7ene\u011fi kalmayacakt\u0131r. Dolay\u0131syla, dinsel gericili\u011fe \u00e7anak tutan, \u00fclkemizi AKP&#8217;nin T\u00fcrkiye&#8217;de yaratt\u0131\u011f\u0131 muhafazakar bask\u0131 ortam\u0131na s\u00fcr\u00fckleyecek olan b\u00f6ylesi bir Yasan\u0131n vebali sadece Meclis&#8217;in ve i\u015fbirik\u00e7i h\u00fck\u00fcmetin de\u011fil Cumhurba\u015fkan\u0131&#8217;n\u0131n da boynundad\u0131r.<\/p>\n<p>Ancak m\u00fccadele bitmedi, bitmeyecek&#8230; Yasa ister Meclis&#8217;te olsun ister y\u00fcr\u00fcrl\u00fckte, bizler bu \u00fclkenin ayd\u0131nl\u0131k yar\u0131nlar\u0131 i\u00e7in, e\u015fitlik, \u00f6zg\u00fcrl\u00fck ve insan haklar\u0131 i\u00e7in m\u00fccadeleye devam edece\u011fiz. \u00c7ocuklar\u0131m\u0131z\u0131 etkilemeye \u00e7al\u0131\u015fan dinsel gericili\u011fe, kad\u0131nlar\u0131 bask\u0131 alt\u0131na alan muhafazakarl\u0131\u011fa, \u00e7ok defa bu halka dayat\u0131lan ac\u0131 re\u00e7etelere boyun e\u011fmeyece\u011fiz. Bizleri, T\u00fcrkiyeli-K\u0131br\u0131sl\u0131 diye b\u00f6lmeye \u00e7al\u0131\u015fanlara inat toplumumuzun karakterinde olan, her dine ve inanca sayg\u0131l\u0131, ho\u015fg\u00f6r\u00fcl\u00fc, halklar\u0131n ve k\u00fclt\u00fcrlerin karde\u015fli\u011fi temelinde birbirimize kenetlenerek gericili\u011fi geri p\u00fcsk\u00fcrtece\u011fiz.<\/p>\n<p>BARAKA K\u00dcLT\u00dcR MERKEZ\u0130, BA\u011eIMSIZLIK YOLU, TDP, KIBRIS P\u0130R SULTAN ABDAL K\u00dcLT\u00dcR DERNE\u011e\u0130, KT\u00d6S, KTOE\u00d6S, KOOP-SEN, BASIN-SEN, DO\u011eU G\u00dcNEYDO\u011eU K\u00dcLT\u00dcR DERNE\u011e\u0130, BORAN K\u00dcLT\u00dcR DERNE\u011e\u0130, BKP, YKP, \u00c7A\u011e-SEN<\/p>\n","protected":false},"excerpt":{"rendered":"<p>Binlerce \u00fcyeyi temsil eden ondan fazla \u00f6rg\u00fct olarak Cumhurba\u015fkan\u0131&#8217;ndan, Din \u0130\u015fleri Dairesi Yasas\u0131&#8217;n\u0131 imzalamamas\u0131n\u0131 ve Anayasa Mahkemesi&#8217;ne sunmas\u0131n\u0131 talep etmi\u015ftik. Talebimizi, ba\u015fta Anayasa&#8217;n\u0131n laiklik ilkesi<\/p>\n","protected":false},"author":3,"featured_media":5139,"comment_status":"open","ping_status":"open","sticky":false,"template":"","format":"standard","meta":{"jetpack_post_was_ever_published":false,"_jetpack_newsletter_access":"","_jetpack_newsletter_tier_id":0,"jetpack_publicize_message":"","jetpack_is_tweetstorm":false,"jetpack_publicize_feature_enabled":true,"jetpack_social_post_already_shared":true,"jetpack_social_options":{"image_generator_settings":{"template":"highway","enabled":false}}},"categories":[41,38,9,1],"tags":[],"jetpack_publicize_connections":[],"jetpack_featured_media_url":"https:\/\/baraka.cc\/wp-content\/uploads\/2017\/07\/foto-ar\u015fiv.jpg","jetpack_shortlink":"https:\/\/wp.me\/p4eHWX-1kS","jetpack_sharing_enabled":true,"_links":{"self":[{"href":"https:\/\/baraka.cc\/index.php?rest_route=\/wp\/v2\/posts\/5138"}],"collection":[{"href":"https:\/\/baraka.cc\/index.php?rest_route=\/wp\/v2\/posts"}],"about":[{"href":"https:\/\/baraka.cc\/index.php?rest_route=\/wp\/v2\/types\/post"}],"author":[{"embeddable":true,"href":"https:\/\/baraka.cc\/index.php?rest_route=\/wp\/v2\/users\/3"}],"replies":[{"embeddable":true,"href":"https:\/\/baraka.cc\/index.php?rest_route=%2Fwp%2Fv2%2Fcomments&post=5138"}],"version-history":[{"count":1,"href":"https:\/\/baraka.cc\/index.php?rest_route=\/wp\/v2\/posts\/5138\/revisions"}],"predecessor-version":[{"id":5140,"href":"https:\/\/baraka.cc\/index.php?rest_route=\/wp\/v2\/posts\/5138\/revisions\/5140"}],"wp:featuredmedia":[{"embeddable":true,"href":"https:\/\/baraka.cc\/index.php?rest_route=\/wp\/v2\/media\/5139"}],"wp:attachment":[{"href":"https:\/\/baraka.cc\/index.php?rest_route=%2Fwp%2Fv2%2Fmedia&parent=5138"}],"wp:term":[{"taxonomy":"category","embeddable":true,"href":"https:\/\/baraka.cc\/index.php?rest_route=%2Fwp%2Fv2%2Fcategories&post=5138"},{"taxonomy":"post_tag","embeddable":true,"href":"https:\/\/baraka.cc\/index.php?rest_route=%2Fwp%2Fv2%2Ftags&post=5138"}],"curies":[{"name":"wp","href":"https:\/\/api.w.org\/{rel}","templated":true}]}}