{"id":5182,"date":"2017-07-19T15:48:24","date_gmt":"2017-07-19T13:48:24","guid":{"rendered":"https:\/\/baraka.cc\/?p=5182"},"modified":"2017-07-19T15:49:38","modified_gmt":"2017-07-19T13:49:38","slug":"barakada-kadina-yonelik-siddet-semineri-duzenlenecek","status":"publish","type":"post","link":"https:\/\/baraka.cc\/?p=5182","title":{"rendered":"Baraka&#8217;da &#8220;Kad\u0131na Y\u00f6nelik \u015eiddet&#8221; Semineri D\u00fczenlenecek"},"content":{"rendered":"<p>Ge\u00e7ti\u011fimiz haftalarda Lefko\u015fa e\u011fitimleri kapsam\u0131nda &#8220;Feminizm ve Toplumsal Cinsiyet&#8221; ve &#8220;K\u0131br\u0131s&#8217;ta Kad\u0131n Hareketi&#8221; konulu seminerlerini ve drama at\u00f6lyelerini tamamlayan Kad\u0131n E\u011fitimi Kolektifi, 24 Temmuz Pazartesi &#8220;Kad\u0131na Y\u00f6nelik \u015eiddet&#8221; semineri ile \u00e7al\u0131\u015fmalar\u0131na devam ediyor. Baraka K\u00fclt\u00fcr Merkezi&#8217;nin K\u0131z\u0131lba\u015f&#8217;taki lokalinde yer alan e\u011fitimler Pazartesi ak\u015famlar\u0131 19.30-21.30 saatleri aras\u0131nda ger\u00e7ekle\u015ftiriliyor. Seminerde, \u015fiddetin ne oldu\u011fu, kad\u0131na y\u00f6nelik \u015fiddet t\u00fcrleri, \u015fiddetle m\u00fccadele y\u00f6ntemleri ve devletin yasal y\u00fck\u00fcml\u00fcl\u00fckleri gibi ba\u015fl\u0131klar ele al\u0131nacak.<\/p>\n<p>Alt\u0131 farkl\u0131 konunun i\u015flendi\u011fi seminerler dizisi, bir saatlik g\u00f6rselli bir sunumun ard\u0131ndan, kat\u0131l\u0131mc\u0131lar\u0131n aktif rol ald\u0131\u011f\u0131 drama at\u00f6lyeleriyle destekleniyor. \u00dccretsiz ve ilgilenenlerin kat\u0131l\u0131m\u0131na a\u00e7\u0131k olan e\u011fitimler hakk\u0131nda bilgi edinmek ve kat\u0131lmak i\u00e7in 24 Temmuz Pazartesi saat 19.30&#8217;da Baraka&#8217;da olunmas\u0131 yeterli.<\/p>\n<p>Kad\u0131n E\u011fitimi Kolektifi&#8217;nin &#8220;K\u0131br\u0131s&#8217;ta Kad\u0131n Hareketi&#8221; seminerinden ve drama at\u00f6lyesinden kareler&#8230;<\/p>\n<p><a href=\"https:\/\/baraka.cc\/wp-content\/uploads\/2017\/07\/1.jpg\"><img decoding=\"async\" loading=\"lazy\" class=\"alignnone size-medium wp-image-5183\" alt=\"1\" src=\"https:\/\/baraka.cc\/wp-content\/uploads\/2017\/07\/1-300x225.jpg\" width=\"300\" height=\"225\" srcset=\"https:\/\/baraka.cc\/wp-content\/uploads\/2017\/07\/1-300x225.jpg 300w, https:\/\/baraka.cc\/wp-content\/uploads\/2017\/07\/1.jpg 960w\" sizes=\"(max-width: 300px) 100vw, 300px\" \/><\/a><\/p>\n<p><a href=\"https:\/\/baraka.cc\/wp-content\/uploads\/2017\/07\/21.jpg\"><img decoding=\"async\" loading=\"lazy\" class=\"alignnone size-medium wp-image-5184\" alt=\"2\" src=\"https:\/\/baraka.cc\/wp-content\/uploads\/2017\/07\/21-300x225.jpg\" width=\"300\" height=\"225\" srcset=\"https:\/\/baraka.cc\/wp-content\/uploads\/2017\/07\/21-300x225.jpg 300w, https:\/\/baraka.cc\/wp-content\/uploads\/2017\/07\/21.jpg 960w\" sizes=\"(max-width: 300px) 100vw, 300px\" \/><\/a><\/p>\n<p><a href=\"https:\/\/baraka.cc\/wp-content\/uploads\/2017\/07\/3.jpg\"><img decoding=\"async\" loading=\"lazy\" class=\"alignnone size-medium wp-image-5185\" alt=\"3\" src=\"https:\/\/baraka.cc\/wp-content\/uploads\/2017\/07\/3-300x225.jpg\" width=\"300\" height=\"225\" srcset=\"https:\/\/baraka.cc\/wp-content\/uploads\/2017\/07\/3-300x225.jpg 300w, https:\/\/baraka.cc\/wp-content\/uploads\/2017\/07\/3.jpg 960w\" sizes=\"(max-width: 300px) 100vw, 300px\" \/><\/a><\/p>\n<p><a href=\"https:\/\/baraka.cc\/wp-content\/uploads\/2017\/07\/4.jpg\"><img decoding=\"async\" loading=\"lazy\" class=\"alignnone size-medium wp-image-5186\" alt=\"4\" src=\"https:\/\/baraka.cc\/wp-content\/uploads\/2017\/07\/4-300x225.jpg\" width=\"300\" height=\"225\" srcset=\"https:\/\/baraka.cc\/wp-content\/uploads\/2017\/07\/4-300x225.jpg 300w, https:\/\/baraka.cc\/wp-content\/uploads\/2017\/07\/4.jpg 960w\" sizes=\"(max-width: 300px) 100vw, 300px\" \/><\/a><\/p>\n<p>&nbsp;<\/p>\n<p>&nbsp;<\/p>\n","protected":false},"excerpt":{"rendered":"<p>Ge\u00e7ti\u011fimiz haftalarda Lefko\u015fa e\u011fitimleri kapsam\u0131nda &#8220;Feminizm ve Toplumsal Cinsiyet&#8221; ve &#8220;K\u0131br\u0131s&#8217;ta Kad\u0131n Hareketi&#8221; konulu seminerlerini ve drama at\u00f6lyelerini tamamlayan Kad\u0131n E\u011fitimi Kolektifi, 24 Temmuz Pazartesi<\/p>\n","protected":false},"author":3,"featured_media":5183,"comment_status":"open","ping_status":"open","sticky":false,"template":"","format":"standard","meta":{"jetpack_post_was_ever_published":false,"_jetpack_newsletter_access":"","_jetpack_newsletter_tier_id":0,"jetpack_publicize_message":"","jetpack_is_tweetstorm":false,"jetpack_publicize_feature_enabled":true,"jetpack_social_post_already_shared":true,"jetpack_social_options":{"image_generator_settings":{"template":"highway","enabled":false}}},"categories":[9,1],"tags":[],"jetpack_publicize_connections":[],"jetpack_featured_media_url":"https:\/\/baraka.cc\/wp-content\/uploads\/2017\/07\/1.jpg","jetpack_shortlink":"https:\/\/wp.me\/p4eHWX-1lA","jetpack_sharing_enabled":true,"_links":{"self":[{"href":"https:\/\/baraka.cc\/index.php?rest_route=\/wp\/v2\/posts\/5182"}],"collection":[{"href":"https:\/\/baraka.cc\/index.php?rest_route=\/wp\/v2\/posts"}],"about":[{"href":"https:\/\/baraka.cc\/index.php?rest_route=\/wp\/v2\/types\/post"}],"author":[{"embeddable":true,"href":"https:\/\/baraka.cc\/index.php?rest_route=\/wp\/v2\/users\/3"}],"replies":[{"embeddable":true,"href":"https:\/\/baraka.cc\/index.php?rest_route=%2Fwp%2Fv2%2Fcomments&post=5182"}],"version-history":[{"count":3,"href":"https:\/\/baraka.cc\/index.php?rest_route=\/wp\/v2\/posts\/5182\/revisions"}],"predecessor-version":[{"id":5189,"href":"https:\/\/baraka.cc\/index.php?rest_route=\/wp\/v2\/posts\/5182\/revisions\/5189"}],"wp:featuredmedia":[{"embeddable":true,"href":"https:\/\/baraka.cc\/index.php?rest_route=\/wp\/v2\/media\/5183"}],"wp:attachment":[{"href":"https:\/\/baraka.cc\/index.php?rest_route=%2Fwp%2Fv2%2Fmedia&parent=5182"}],"wp:term":[{"taxonomy":"category","embeddable":true,"href":"https:\/\/baraka.cc\/index.php?rest_route=%2Fwp%2Fv2%2Fcategories&post=5182"},{"taxonomy":"post_tag","embeddable":true,"href":"https:\/\/baraka.cc\/index.php?rest_route=%2Fwp%2Fv2%2Ftags&post=5182"}],"curies":[{"name":"wp","href":"https:\/\/api.w.org\/{rel}","templated":true}]}}