{"id":5191,"date":"2017-07-24T10:45:53","date_gmt":"2017-07-24T08:45:53","guid":{"rendered":"https:\/\/baraka.cc\/?p=5191"},"modified":"2017-07-24T10:45:53","modified_gmt":"2017-07-24T08:45:53","slug":"besinci-baraka-yaz-kurslari-senlikle-sonlandi","status":"publish","type":"post","link":"https:\/\/baraka.cc\/?p=5191","title":{"rendered":"Be\u015finci Baraka Yaz Kurslar\u0131 \u015eenlikle Sonland\u0131"},"content":{"rendered":"<p>Baraka K\u00fclt\u00fcr Merkezi taraf\u0131ndan \u201cD\u00fcnyay\u0131 Verelim \u00c7ocuklara\u201d temas\u0131yla bu y\u0131l be\u015fincisi ger\u00e7ekle\u015ftirilen Baraka Yaz Kurslar\u0131, 22 Temmuz Cumartesi ak\u015fam\u0131 renkli bir \u015fenlikle sona erdi. Baraka lokalinde ger\u00e7ekle\u015ftirilen etkinlik, kalabal\u0131k bir izleyici grubu taraf\u0131ndan izlendi. \u0130lk olarak, Aziz Nesin taraf\u0131ndan kaleme al\u0131nan \u201cP\u0131rtlatan Bal\u201d isimli oyunun sahnelenmesiyle ba\u015flayan \u015fenlik program\u0131, ard\u0131ndan Latin danslar\u0131, Halk danslar\u0131 ve korodan e\u011flenceli \u015fark\u0131larla devam etti. \u00a0Son olarak \u00e7ocuklara hediyelerin verilmesiyle ve kat\u0131l\u0131mc\u0131 t\u00fcm \u00f6\u011frenci ve \u00f6\u011fretmenlerle birlikte \u201cG\u00fczel g\u00fcnler g\u00f6rece\u011fiz\u201d \u015fark\u0131s\u0131n\u0131n birlikte s\u00f6ylenmesiyle sona erdi.<\/p>\n<p><a href=\"https:\/\/baraka.cc\/wp-content\/uploads\/2017\/07\/FOTO-T\u0130YATRO.jpg\"><img decoding=\"async\" loading=\"lazy\" class=\"alignnone size-medium wp-image-5193\" alt=\"FOTO T\u0130YATRO\" src=\"https:\/\/baraka.cc\/wp-content\/uploads\/2017\/07\/FOTO-T\u0130YATRO-300x300.jpg\" width=\"300\" height=\"300\" srcset=\"https:\/\/baraka.cc\/wp-content\/uploads\/2017\/07\/FOTO-T\u0130YATRO-300x300.jpg 300w, https:\/\/baraka.cc\/wp-content\/uploads\/2017\/07\/FOTO-T\u0130YATRO-150x150.jpg 150w, https:\/\/baraka.cc\/wp-content\/uploads\/2017\/07\/FOTO-T\u0130YATRO-200x200.jpg 200w, https:\/\/baraka.cc\/wp-content\/uploads\/2017\/07\/FOTO-T\u0130YATRO.jpg 960w\" sizes=\"(max-width: 300px) 100vw, 300px\" \/><\/a>\u00a0 \u00a0 \u00a0 \u00a0 \u00a0 \u00a0 \u00a0<a href=\"https:\/\/baraka.cc\/wp-content\/uploads\/2017\/07\/HABER-FOTO.jpg\"><img decoding=\"async\" loading=\"lazy\" class=\"alignnone size-medium wp-image-5194\" alt=\"HABER FOTO\" src=\"https:\/\/baraka.cc\/wp-content\/uploads\/2017\/07\/HABER-FOTO-300x150.jpg\" width=\"300\" height=\"150\" srcset=\"https:\/\/baraka.cc\/wp-content\/uploads\/2017\/07\/HABER-FOTO-300x150.jpg 300w, https:\/\/baraka.cc\/wp-content\/uploads\/2017\/07\/HABER-FOTO.jpg 960w\" sizes=\"(max-width: 300px) 100vw, 300px\" \/><\/a><\/p>\n<p>3-22 Temmuz tarihleri aras\u0131nda ger\u00e7ekle\u015ftirilen kurslarda, bu y\u0131l yine \u201cOkuyan \u0130nsan Halk\u0131n\u0131n Yan\u0131ndad\u0131r\u201d \u00e7a\u011fr\u0131s\u0131yla kurslara g\u00f6n\u00fcll\u00fc katk\u0131 koymak isteyen g\u00f6n\u00fcll\u00fc e\u011fitmenlerle birlikte ger\u00e7ekle\u015ftirildi. Kurslarda el sanatlar\u0131, m\u00fczik, tiyatro, satran\u00e7, \u0130ngilizce, evrim, K\u0131br\u0131s k\u00fclt\u00fcr\u00fc, halk danslar\u0131, Latin danslar\u0131 gibi kurslar yan\u0131nda, zeytini tan\u0131yal\u0131m, engelliler ad\u0131na sempati, \u00e7ocuk haklar\u0131, hayvan sevgisi, i\u015f kazalar\u0131, masal at\u00f6lyesi, \u00e7evre bilinci, e\u011flenceli matematik gibi \u00e7e\u015fitli konularda bilgilendirici ve fark\u0131ndal\u0131k yarat\u0131c\u0131 seminerler de verildi.<\/p>\n<p><a href=\"https:\/\/baraka.cc\/wp-content\/uploads\/2017\/07\/haber-FOTO.jpg\"><img decoding=\"async\" loading=\"lazy\" class=\"alignnone size-medium wp-image-5192\" alt=\"haber FOTO\" src=\"https:\/\/baraka.cc\/wp-content\/uploads\/2017\/07\/haber-FOTO-300x180.jpg\" width=\"300\" height=\"180\" srcset=\"https:\/\/baraka.cc\/wp-content\/uploads\/2017\/07\/haber-FOTO-300x180.jpg 300w, https:\/\/baraka.cc\/wp-content\/uploads\/2017\/07\/haber-FOTO.jpg 960w\" sizes=\"(max-width: 300px) 100vw, 300px\" \/><\/a><\/p>\n<p>Bu y\u0131l yakla\u015f\u0131k 30 \u00e7ocu\u011fun kat\u0131ld\u0131\u011f\u0131, konusunda deneyimli e\u011fitmenlerce ger\u00e7ekle\u015ftirilen kurslarda \u00e7ocuklar\u0131n; bilim, sanat ve k\u00fclt\u00fcrel de\u011ferlerle b\u00fcy\u00fcmesinin \u00f6nemine inanan Baraka K\u00fclt\u00fcr aktivistleri, be\u015f y\u0131ld\u0131r devam eden etkinli\u011fi \u00fccretsiz olarak her y\u0131l tekrarlamay\u0131 planl\u0131yorlar.<\/p>\n","protected":false},"excerpt":{"rendered":"<p>Baraka K\u00fclt\u00fcr Merkezi taraf\u0131ndan \u201cD\u00fcnyay\u0131 Verelim \u00c7ocuklara\u201d temas\u0131yla bu y\u0131l be\u015fincisi ger\u00e7ekle\u015ftirilen Baraka Yaz Kurslar\u0131, 22 Temmuz Cumartesi ak\u015fam\u0131 renkli bir \u015fenlikle sona erdi. Baraka<\/p>\n","protected":false},"author":7,"featured_media":5193,"comment_status":"open","ping_status":"open","sticky":false,"template":"","format":"standard","meta":{"jetpack_post_was_ever_published":false,"_jetpack_newsletter_access":"","_jetpack_newsletter_tier_id":0,"jetpack_publicize_message":"","jetpack_is_tweetstorm":false,"jetpack_publicize_feature_enabled":true,"jetpack_social_post_already_shared":true,"jetpack_social_options":{"image_generator_settings":{"template":"highway","enabled":false}}},"categories":[46,9,1],"tags":[],"jetpack_publicize_connections":[],"jetpack_featured_media_url":"https:\/\/baraka.cc\/wp-content\/uploads\/2017\/07\/FOTO-T\u0130YATRO.jpg","jetpack_shortlink":"https:\/\/wp.me\/p4eHWX-1lJ","jetpack_sharing_enabled":true,"_links":{"self":[{"href":"https:\/\/baraka.cc\/index.php?rest_route=\/wp\/v2\/posts\/5191"}],"collection":[{"href":"https:\/\/baraka.cc\/index.php?rest_route=\/wp\/v2\/posts"}],"about":[{"href":"https:\/\/baraka.cc\/index.php?rest_route=\/wp\/v2\/types\/post"}],"author":[{"embeddable":true,"href":"https:\/\/baraka.cc\/index.php?rest_route=\/wp\/v2\/users\/7"}],"replies":[{"embeddable":true,"href":"https:\/\/baraka.cc\/index.php?rest_route=%2Fwp%2Fv2%2Fcomments&post=5191"}],"version-history":[{"count":1,"href":"https:\/\/baraka.cc\/index.php?rest_route=\/wp\/v2\/posts\/5191\/revisions"}],"predecessor-version":[{"id":5195,"href":"https:\/\/baraka.cc\/index.php?rest_route=\/wp\/v2\/posts\/5191\/revisions\/5195"}],"wp:featuredmedia":[{"embeddable":true,"href":"https:\/\/baraka.cc\/index.php?rest_route=\/wp\/v2\/media\/5193"}],"wp:attachment":[{"href":"https:\/\/baraka.cc\/index.php?rest_route=%2Fwp%2Fv2%2Fmedia&parent=5191"}],"wp:term":[{"taxonomy":"category","embeddable":true,"href":"https:\/\/baraka.cc\/index.php?rest_route=%2Fwp%2Fv2%2Fcategories&post=5191"},{"taxonomy":"post_tag","embeddable":true,"href":"https:\/\/baraka.cc\/index.php?rest_route=%2Fwp%2Fv2%2Ftags&post=5191"}],"curies":[{"name":"wp","href":"https:\/\/api.w.org\/{rel}","templated":true}]}}