{"id":5200,"date":"2017-07-29T14:53:45","date_gmt":"2017-07-29T12:53:45","guid":{"rendered":"https:\/\/baraka.cc\/?p=5200"},"modified":"2017-07-29T14:59:11","modified_gmt":"2017-07-29T12:59:11","slug":"cinnet-mevsimi-belgeseli-barakada-izlenecek","status":"publish","type":"post","link":"https:\/\/baraka.cc\/?p=5200","title":{"rendered":"&#8220;Cinnet Mevsimi&#8221; Belgeseli Baraka&#8217;da \u0130zlenecek"},"content":{"rendered":"<p><a href=\"https:\/\/baraka.cc\/wp-content\/uploads\/2017\/07\/20045966_10155544684377210_621980845_n.jpg\"><img decoding=\"async\" loading=\"lazy\" class=\"alignnone size-medium wp-image-5201\" alt=\"20045966_10155544684377210_621980845_n\" src=\"https:\/\/baraka.cc\/wp-content\/uploads\/2017\/07\/20045966_10155544684377210_621980845_n-211x300.jpg\" width=\"211\" height=\"300\" srcset=\"https:\/\/baraka.cc\/wp-content\/uploads\/2017\/07\/20045966_10155544684377210_621980845_n-211x300.jpg 211w, https:\/\/baraka.cc\/wp-content\/uploads\/2017\/07\/20045966_10155544684377210_621980845_n.jpg 565w\" sizes=\"(max-width: 211px) 100vw, 211px\" \/><\/a><\/p>\n<p>2015 y\u0131l\u0131nda, uyu\u015fturucu tacirlerinin kurban\u0131 olarak hayat\u0131n\u0131 kaybeden Arda Erkan&#8217;\u0131n ya\u015fam\u0131n\u0131 konu alan belgesel film, 5 A\u011fustos Cumartesi ak\u015fam\u0131 saat 20.00&#8217;de Baraka K\u00fclt\u00fcr Merkezi Lokali&#8217;nde g\u00f6sterilecek.<\/p>\n<p>Derne\u011fin 15 y\u0131ld\u0131r ger\u00e7ekle\u015ftirdi\u011fi izle-tart\u0131\u015f etkinli\u011fi \u00e7er\u00e7evesinde, Arda&#8217;y\u0131 anmak ve \u00fclkemizde \u00e7ok yayg\u0131n olan uyu\u015fturucu ticaretini, uyu\u015fturucuya kar\u015f\u0131 verilen m\u00fccadeleyi, Arda&#8217;n\u0131n \u00f6l\u00fcm\u00fc ile ilgili olarak hala g\u00fcn \u0131\u015f\u0131\u011f\u0131na \u00e7\u0131kar\u0131lamayan konular\u0131 farkl\u0131 boyutlar\u0131 ile tart\u0131\u015fmak amac\u0131yla b\u00f6yle bir g\u00f6sterim d\u00fczenleniyor.<\/p>\n<p>Y\u00f6netmenli\u011fini Elvan Levent&#8217;in \u00fcstlendi\u011fi &#8220;Cinnet Mevsimi&#8221; belgeseli, K\u0131br\u0131s\u2019ta konuyla ilgili ilk kapsaml\u0131 \u00e7al\u0131\u015fma olarak dikkat \u00e7ekiyor. Filmin yap\u0131lma amac\u0131, \u00f6rg\u00fctlerde, okullarda ve \u00fcniversitelerde g\u00f6sterilerek hem \u015fimdiki hem de gelecek ku\u015faklara bir ders niteli\u011finde aktar\u0131lmas\u0131.<\/p>\n<p>Film \u00f6ncesinde, dernek yetkililerinin ve Arda&#8217;n\u0131n ailesinin konu\u015fma yapaca\u011f\u0131 etkinli\u011fe, \u00fclkemizin uyu\u015fturucu ile m\u00fccadele konusunda ileri gelen isimlerinin ve baz\u0131 \u00f6rg\u00fct temsilcilerinin de kat\u0131l\u0131p konuyla ilgili g\u00f6r\u00fc\u015flerini payla\u015fmalar\u0131 bekleniyor. G\u00f6sterime, belgeselin y\u00f6netmeni Elvan Levent de kat\u0131larak izleyicilerin sorular\u0131n\u0131 yan\u0131tlayacak.<\/p>\n<p>\u00c7evresi taraf\u0131ndan sevilen, \u00f6ld\u00fc\u011f\u00fcnde hen\u00fcz 26 ya\u015f\u0131nda olan Arda&#8217;n\u0131n, sevenlerini yasa bo\u011fan kayb\u0131n\u0131n ard\u0131ndan, ger\u00e7ek hayat\u0131ndan yola \u00e7\u0131k\u0131larak ya\u015fam ser\u00fcvenini anlatan bu belgesel, Arda\u2019ya adeta yeniden hayat veriyor.<\/p>\n<p><a href=\"https:\/\/baraka.cc\/wp-content\/uploads\/2017\/07\/20228473_10155519741122445_8186911998637518559_n.jpg\"><img decoding=\"async\" loading=\"lazy\" class=\"alignnone size-medium wp-image-5202\" alt=\"20228473_10155519741122445_8186911998637518559_n\" src=\"https:\/\/baraka.cc\/wp-content\/uploads\/2017\/07\/20228473_10155519741122445_8186911998637518559_n-300x114.jpg\" width=\"300\" height=\"114\" srcset=\"https:\/\/baraka.cc\/wp-content\/uploads\/2017\/07\/20228473_10155519741122445_8186911998637518559_n-300x114.jpg 300w, https:\/\/baraka.cc\/wp-content\/uploads\/2017\/07\/20228473_10155519741122445_8186911998637518559_n.jpg 960w\" sizes=\"(max-width: 300px) 100vw, 300px\" \/><\/a><\/p>\n<p>&nbsp;<\/p>\n","protected":false},"excerpt":{"rendered":"<p>2015 y\u0131l\u0131nda, uyu\u015fturucu tacirlerinin kurban\u0131 olarak hayat\u0131n\u0131 kaybeden Arda Erkan&#8217;\u0131n ya\u015fam\u0131n\u0131 konu alan belgesel film, 5 A\u011fustos Cumartesi ak\u015fam\u0131 saat 20.00&#8217;de Baraka K\u00fclt\u00fcr Merkezi Lokali&#8217;nde<\/p>\n","protected":false},"author":3,"featured_media":5202,"comment_status":"open","ping_status":"open","sticky":false,"template":"","format":"standard","meta":{"jetpack_post_was_ever_published":false,"_jetpack_newsletter_access":"","_jetpack_newsletter_tier_id":0,"jetpack_publicize_message":"","jetpack_is_tweetstorm":false,"jetpack_publicize_feature_enabled":true,"jetpack_social_post_already_shared":true,"jetpack_social_options":{"image_generator_settings":{"template":"highway","enabled":false}}},"categories":[20,9,28,1],"tags":[],"jetpack_publicize_connections":[],"jetpack_featured_media_url":"https:\/\/baraka.cc\/wp-content\/uploads\/2017\/07\/20228473_10155519741122445_8186911998637518559_n.jpg","jetpack_shortlink":"https:\/\/wp.me\/p4eHWX-1lS","jetpack_sharing_enabled":true,"_links":{"self":[{"href":"https:\/\/baraka.cc\/index.php?rest_route=\/wp\/v2\/posts\/5200"}],"collection":[{"href":"https:\/\/baraka.cc\/index.php?rest_route=\/wp\/v2\/posts"}],"about":[{"href":"https:\/\/baraka.cc\/index.php?rest_route=\/wp\/v2\/types\/post"}],"author":[{"embeddable":true,"href":"https:\/\/baraka.cc\/index.php?rest_route=\/wp\/v2\/users\/3"}],"replies":[{"embeddable":true,"href":"https:\/\/baraka.cc\/index.php?rest_route=%2Fwp%2Fv2%2Fcomments&post=5200"}],"version-history":[{"count":3,"href":"https:\/\/baraka.cc\/index.php?rest_route=\/wp\/v2\/posts\/5200\/revisions"}],"predecessor-version":[{"id":5205,"href":"https:\/\/baraka.cc\/index.php?rest_route=\/wp\/v2\/posts\/5200\/revisions\/5205"}],"wp:featuredmedia":[{"embeddable":true,"href":"https:\/\/baraka.cc\/index.php?rest_route=\/wp\/v2\/media\/5202"}],"wp:attachment":[{"href":"https:\/\/baraka.cc\/index.php?rest_route=%2Fwp%2Fv2%2Fmedia&parent=5200"}],"wp:term":[{"taxonomy":"category","embeddable":true,"href":"https:\/\/baraka.cc\/index.php?rest_route=%2Fwp%2Fv2%2Fcategories&post=5200"},{"taxonomy":"post_tag","embeddable":true,"href":"https:\/\/baraka.cc\/index.php?rest_route=%2Fwp%2Fv2%2Ftags&post=5200"}],"curies":[{"name":"wp","href":"https:\/\/api.w.org\/{rel}","templated":true}]}}