{"id":5206,"date":"2017-07-30T22:47:39","date_gmt":"2017-07-30T20:47:39","guid":{"rendered":"https:\/\/baraka.cc\/?p=5206"},"modified":"2017-07-30T22:47:39","modified_gmt":"2017-07-30T20:47:39","slug":"kadin-egitimi-kolektifi-ev-ici-emek-ve-otesi-semineriyle-calismalarina-devam-ediyor","status":"publish","type":"post","link":"https:\/\/baraka.cc\/?p=5206","title":{"rendered":"KADIN E\u011e\u0130T\u0130M\u0130 KOLEKT\u0130F\u0130 &#8220;EV \u0130\u00c7\u0130 EMEK VE \u00d6TES\u0130&#8221; SEM\u0130NER\u0130YLE \u00c7ALI\u015eMALARINA DEVAM ED\u0130YOR"},"content":{"rendered":"<p>Yaz d\u00f6nemi program\u0131 \u00e7er\u00e7evesinde seminerler dizisi ve drama at\u00f6lyelerine Lefko\u015fa&#8217;da devam eden Kad\u0131n E\u011fitimi Kolektifi, 31 Temmuz Pazartesi ak\u015fam\u0131 saat 19.30&#8217;da &#8220;Ev \u0130\u00e7i Emek ve \u00d6tesi&#8221; konulu seminer d\u00fczenliyor. Baraka K\u00fclt\u00fcr Merkezi&#8217;nin K\u0131z\u0131lba\u015f&#8217;taki lokalinde ger\u00e7ekle\u015fecek etkinlik \u00fccretsiz ve halka a\u00e7\u0131k olacak.<\/p>\n<p>Bir saatlik slaytl\u0131 sunumda \u00f6nce genel anlamda emekten bahsedildikten sonra kad\u0131n\u0131n g\u00f6r\u00fcnmez eme\u011fi; bu eme\u011fin \u00fcretkenli\u011fi ve toplumdaki yeri; ev ve i\u015f ya\u015fam\u0131ndaki kad\u0131n eme\u011finin \u00f6nemi; ev emek\u00e7isi olan veya \u00fccretli bir i\u015fte \u00e7al\u0131\u015fan kad\u0131n emek\u00e7ilerin haklar\u0131 gibi\u00a0 konular ele al\u0131nacak. Ard\u0131ndan Augusto Boal&#8217;\u0131n Ezilenlerin Tiyatrosu kuram\u0131ndan yola \u00e7\u0131k\u0131larak haz\u0131rlanan ve kat\u0131l\u0131mc\u0131lar\u0131n da aktif rol alaca\u011f\u0131 drama at\u00f6lyesi ile seminer konular\u0131 peki\u015ftirilecek.<\/p>\n<p><a href=\"https:\/\/baraka.cc\/wp-content\/uploads\/2017\/07\/41.jpg\"><img decoding=\"async\" loading=\"lazy\" class=\"alignnone size-medium wp-image-5208\" alt=\"4\" src=\"https:\/\/baraka.cc\/wp-content\/uploads\/2017\/07\/41-300x225.jpg\" width=\"300\" height=\"225\" srcset=\"https:\/\/baraka.cc\/wp-content\/uploads\/2017\/07\/41-300x225.jpg 300w, https:\/\/baraka.cc\/wp-content\/uploads\/2017\/07\/41.jpg 960w\" sizes=\"(max-width: 300px) 100vw, 300px\" \/><\/a><\/p>\n<p>Toplam alt\u0131 seminerlik bir \u00e7al\u0131\u015fmadan olu\u015fan program dahilinde ge\u00e7ti\u011fimiz haftalarda &#8220;Feminizm ve Toplumsal Cinsiyet&#8221;, &#8220;K\u0131br\u0131s&#8217;ta Kad\u0131n Hareketi&#8221; ve &#8220;Kad\u0131na Y\u00f6nelik \u015eiddet&#8221; konular\u0131 ele al\u0131nm\u0131\u015f ve ilgi ile takip edilmi\u015fti. 31 Temmuz Pazartesi &#8220;Ev \u0130\u00e7i Emek ve \u00d6tesi&#8221; seminerinin ard\u0131ndan ise 7 A\u011fustos Pazartesi &#8220;Medya ve Kad\u0131n&#8221;, 8 A\u011fustos Sal\u0131 &#8220;Beden Politikalar\u0131&#8221; konulu seminerler ger\u00e7ekle\u015ftirilecek. T\u00fcm etkinlikler, kat\u0131l\u0131ma a\u00e7\u0131k olarak Baraka lokalinde yer alacak ve 19.30&#8217;da ba\u015flayacak.<\/p>\n<p><a href=\"https:\/\/baraka.cc\/wp-content\/uploads\/2017\/07\/11.jpg\"><img decoding=\"async\" loading=\"lazy\" class=\"alignnone size-medium wp-image-5209\" alt=\"1\" src=\"https:\/\/baraka.cc\/wp-content\/uploads\/2017\/07\/11-225x300.jpg\" width=\"225\" height=\"300\" srcset=\"https:\/\/baraka.cc\/wp-content\/uploads\/2017\/07\/11-225x300.jpg 225w, https:\/\/baraka.cc\/wp-content\/uploads\/2017\/07\/11.jpg 526w\" sizes=\"(max-width: 225px) 100vw, 225px\" \/><\/a><\/p>\n<p>&nbsp;<\/p>\n<p><a href=\"https:\/\/baraka.cc\/wp-content\/uploads\/2017\/07\/6.jpg\"><img decoding=\"async\" loading=\"lazy\" class=\"alignnone size-medium wp-image-5211\" alt=\"6\" src=\"https:\/\/baraka.cc\/wp-content\/uploads\/2017\/07\/6-300x225.jpg\" width=\"300\" height=\"225\" srcset=\"https:\/\/baraka.cc\/wp-content\/uploads\/2017\/07\/6-300x225.jpg 300w, https:\/\/baraka.cc\/wp-content\/uploads\/2017\/07\/6.jpg 960w\" sizes=\"(max-width: 300px) 100vw, 300px\" \/><\/a><\/p>\n<p>&nbsp;<\/p>\n","protected":false},"excerpt":{"rendered":"<p>Yaz d\u00f6nemi program\u0131 \u00e7er\u00e7evesinde seminerler dizisi ve drama at\u00f6lyelerine Lefko\u015fa&#8217;da devam eden Kad\u0131n E\u011fitimi Kolektifi, 31 Temmuz Pazartesi ak\u015fam\u0131 saat 19.30&#8217;da &#8220;Ev \u0130\u00e7i Emek ve<\/p>\n","protected":false},"author":3,"featured_media":5207,"comment_status":"open","ping_status":"open","sticky":false,"template":"","format":"standard","meta":{"jetpack_post_was_ever_published":false,"_jetpack_newsletter_access":"","_jetpack_newsletter_tier_id":0,"jetpack_publicize_message":"","jetpack_is_tweetstorm":false,"jetpack_publicize_feature_enabled":true,"jetpack_social_post_already_shared":true,"jetpack_social_options":{"image_generator_settings":{"template":"highway","enabled":false}}},"categories":[9,1],"tags":[],"jetpack_publicize_connections":[],"jetpack_featured_media_url":"https:\/\/baraka.cc\/wp-content\/uploads\/2017\/07\/22.jpg","jetpack_shortlink":"https:\/\/wp.me\/p4eHWX-1lY","jetpack_sharing_enabled":true,"_links":{"self":[{"href":"https:\/\/baraka.cc\/index.php?rest_route=\/wp\/v2\/posts\/5206"}],"collection":[{"href":"https:\/\/baraka.cc\/index.php?rest_route=\/wp\/v2\/posts"}],"about":[{"href":"https:\/\/baraka.cc\/index.php?rest_route=\/wp\/v2\/types\/post"}],"author":[{"embeddable":true,"href":"https:\/\/baraka.cc\/index.php?rest_route=\/wp\/v2\/users\/3"}],"replies":[{"embeddable":true,"href":"https:\/\/baraka.cc\/index.php?rest_route=%2Fwp%2Fv2%2Fcomments&post=5206"}],"version-history":[{"count":1,"href":"https:\/\/baraka.cc\/index.php?rest_route=\/wp\/v2\/posts\/5206\/revisions"}],"predecessor-version":[{"id":5212,"href":"https:\/\/baraka.cc\/index.php?rest_route=\/wp\/v2\/posts\/5206\/revisions\/5212"}],"wp:featuredmedia":[{"embeddable":true,"href":"https:\/\/baraka.cc\/index.php?rest_route=\/wp\/v2\/media\/5207"}],"wp:attachment":[{"href":"https:\/\/baraka.cc\/index.php?rest_route=%2Fwp%2Fv2%2Fmedia&parent=5206"}],"wp:term":[{"taxonomy":"category","embeddable":true,"href":"https:\/\/baraka.cc\/index.php?rest_route=%2Fwp%2Fv2%2Fcategories&post=5206"},{"taxonomy":"post_tag","embeddable":true,"href":"https:\/\/baraka.cc\/index.php?rest_route=%2Fwp%2Fv2%2Ftags&post=5206"}],"curies":[{"name":"wp","href":"https:\/\/api.w.org\/{rel}","templated":true}]}}